{"id":9664,"date":"2025-03-03T13:48:43","date_gmt":"2025-03-03T16:48:43","guid":{"rendered":"https:\/\/13.com.ar\/index.php\/cuando-esto-lo-hacia-el-kirchnerismo-lo-criticabamos\/"},"modified":"2025-03-03T13:48:43","modified_gmt":"2025-03-03T16:48:43","slug":"cuando-esto-lo-hacia-el-kirchnerismo-lo-criticabamos","status":"publish","type":"post","link":"https:\/\/13.com.ar\/index.php\/cuando-esto-lo-hacia-el-kirchnerismo-lo-criticabamos\/","title":{"rendered":"Cuando esto lo hac\u00eda el kirchnerismo, lo critic\u00e1bamos"},"content":{"rendered":"<p> <br \/>\n<br \/><img decoding=\"async\" src=\"https:\/\/13.com.ar\/wp-content\/uploads\/2025\/03\/Cuando-esto-lo-hacia-el-kirchnerismo-lo-criticabamos.jpg\" \/><\/p>\n<div>\n<p><strong>Nelson Castro<\/strong> cuestion\u00f3 este lunes a <strong>Javier Milei<\/strong> por los ataques que el Presidente lanza contra el periodismo. Lo hizo en un duro editorial, en el que analiz\u00f3 el discurso del libertario al inaugurar el per\u00edodo de sesiones ordinarias del Congreso y la entrevista de TV que dio el domingo a la noche. &#8220;Cuando esto lo hac\u00eda el kirchnerismo, lo critic\u00e1bamos&#8221;, dijo sobre los embates contra la prensa.<\/p>\n<\/div>\n<div>\n<p>Esta ma\u00f1ana, desde los micr\u00f3fonos de Radio Rivadavia, Castro juzg\u00f3 como &#8220;pobre&#8221; el discurso presidencial del s\u00e1bado. Pero prefiri\u00f3 dejar eso en un segundo plano para analizar los episodios que involucraron al diputado radical Facundo Manes, primero con el propio presidente Milei y luego con su asesor Santiago Caputo.<\/p>\n<\/div>\n<div>\n<p>Tras puntualizar que &#8220;m\u00e1s all\u00e1 de que claramente no existi\u00f3 una pi\u00f1a a Manes, s\u00ed existi\u00f3 una agresi\u00f3n&#8221;, Castro se detuvo en que &#8220;tanto en el discurso del s\u00e1bado como ayer en la entrevista con Luis (Majul), es notable <strong>c\u00f3mo se impone o aparece la mentira en el discurso del Presidente de la Rep\u00fablica<\/strong>. Este es un punto muy delicado&#8221;.<\/p>\n<\/div>\n<div>\n<p>&#8220;El episodio de <strong>Caputo <\/strong>es un episodio violento. <strong>De barrabrava y de patotero.<\/strong> Hay que ponerle a las cosas y a los hechos los nombres que corresponden. Esto lo marco porque forma parte de lo que emana desde el poder&#8221;, continu\u00f3 el periodista en su an\u00e1lisis.<\/p>\n<\/div>\n<div>\n<p>Inmediatamente resalt\u00f3 un aspecto &#8220;reprobable&#8221; de la conducta presidencial, que vincul\u00f3 con ciertas pr\u00e1cticas que caracterizan a Donald Trump. &#8220;En la entrevista con Majul, cuando Milei dice \u2018tengo trackeados a todos los periodistas y voy a ir contra ellos\u2019, es una amenaza. Que est\u00e1 en l\u00ednea con lo que est\u00e1 pasando con Donald Trump en Estados Unidos. Es una l\u00ednea perfecta paralela&#8221;, compar\u00f3.<\/p>\n<\/div>\n<div>\n<p>&#8220;Esto representa una <strong>actitud absolutamente criticable, repudiable<\/strong>. El Presidente tiene todo el derecho de criticarnos y de controvertirnos, tiene todo el derecho. Otra cosa diferente es decir &#8216;voy a ir contra ellos'&#8221;, advirti\u00f3 Castro.<\/p>\n<\/div>\n<div>\n<p><strong>&#8220;Esto lo hac\u00eda el krichnerismo. Y cuando lo hac\u00eda el kirchnerismo lo critic\u00e1bamos.<\/strong> Es algo que forma parte de nuestro capital, que es la coherencia&#8221;, agreg\u00f3, marcando lo que ser\u00eda una obsesi\u00f3n de quienes ostentan el poder: creer que &#8220;silenciando a los periodistas cr\u00edticos cambia la realidad, cosa que no es as\u00ed&#8221;.<\/p>\n<\/div>\n<p><br \/>\n<br \/><a href=\"https:\/\/www.clarin.com\/politica\/nelson-castro-ataques-milei-periodistas-kirchnerismo-criticabamos_0_qc4FR5GWgm.html\">Fuente Clarin.com <\/a><\/p>\n","protected":false},"excerpt":{"rendered":"<p>Nelson Castro cuestion\u00f3 este lunes a Javier Milei por los ataques que el Presidente lanza contra el periodismo. Lo hizo en un duro editorial, en el que analiz\u00f3 el discurso del libertario al inaugurar el per\u00edodo de sesiones ordinarias del Congreso y la entrevista de TV que dio el domingo a la noche. &#8220;Cuando esto [&hellip;]<\/p>\n","protected":false},"author":1,"featured_media":9665,"comment_status":"open","ping_status":"open","sticky":false,"template":"","format":"standard","meta":{"footnotes":""},"categories":[2],"tags":[10484,677,1386,360,2825],"class_list":["post-9664","post","type-post","status-publish","format-standard","has-post-thumbnail","hentry","category-ultimas-noticias","tag-criticabamos","tag-cuando","tag-esto","tag-hacia","tag-kirchnerismo"],"_links":{"self":[{"href":"https:\/\/13.com.ar\/index.php\/wp-json\/wp\/v2\/posts\/9664","targetHints":{"allow":["GET"]}}],"collection":[{"href":"https:\/\/13.com.ar\/index.php\/wp-json\/wp\/v2\/posts"}],"about":[{"href":"https:\/\/13.com.ar\/index.php\/wp-json\/wp\/v2\/types\/post"}],"author":[{"embeddable":true,"href":"https:\/\/13.com.ar\/index.php\/wp-json\/wp\/v2\/users\/1"}],"replies":[{"embeddable":true,"href":"https:\/\/13.com.ar\/index.php\/wp-json\/wp\/v2\/comments?post=9664"}],"version-history":[{"count":0,"href":"https:\/\/13.com.ar\/index.php\/wp-json\/wp\/v2\/posts\/9664\/revisions"}],"wp:featuredmedia":[{"embeddable":true,"href":"https:\/\/13.com.ar\/index.php\/wp-json\/wp\/v2\/media\/9665"}],"wp:attachment":[{"href":"https:\/\/13.com.ar\/index.php\/wp-json\/wp\/v2\/media?parent=9664"}],"wp:term":[{"taxonomy":"category","embeddable":true,"href":"https:\/\/13.com.ar\/index.php\/wp-json\/wp\/v2\/categories?post=9664"},{"taxonomy":"post_tag","embeddable":true,"href":"https:\/\/13.com.ar\/index.php\/wp-json\/wp\/v2\/tags?post=9664"}],"curies":[{"name":"wp","href":"https:\/\/api.w.org\/{rel}","templated":true}]}}