{"id":9660,"date":"2025-03-03T13:42:41","date_gmt":"2025-03-03T16:42:41","guid":{"rendered":"https:\/\/13.com.ar\/index.php\/dos-editoriales-de-prestigiosos-diarios-de-estados-unidos-apuntan-al-momento-de-milei-heridas-autoinflingidas\/"},"modified":"2025-03-03T13:42:41","modified_gmt":"2025-03-03T16:42:41","slug":"dos-editoriales-de-prestigiosos-diarios-de-estados-unidos-apuntan-al-momento-de-milei-heridas-autoinflingidas","status":"publish","type":"post","link":"https:\/\/13.com.ar\/index.php\/dos-editoriales-de-prestigiosos-diarios-de-estados-unidos-apuntan-al-momento-de-milei-heridas-autoinflingidas\/","title":{"rendered":"Dos editoriales de prestigiosos diarios de Estados Unidos apuntan al momento de Milei: &#8220;Heridas autoinflingidas&#8221;"},"content":{"rendered":"<p> <br \/>\n<\/p>\n<div id=\"cuerpo\">\n<div class=\"sc-80531b6b-0 chRIGJ container-text text-embed\">\n<p>El presidente Donald Trump y el magnate Elon Musk, influyente presencia en el gobierno estadounidense, <strong>invitaron a Javier Milei a la Casa Blanca <\/strong>en alg\u00fan momento en los &#8220;meses siguientes&#8221;. Cada uno por su lado, lo recibieron con afecto hace poco m\u00e1s de una semana, en la reciente Conferencia de Acci\u00f3n Pol\u00edtica Conservadora (CPAC), que se hizo en Washington y en la que el presidente argentino particip\u00f3 y volvi\u00f3 a mostrar su devoci\u00f3n por el nuevo presidente de los Estados Unidos.<\/p>\n<\/div>\n<div class=\"sc-80531b6b-0 chRIGJ container-text text-embed\">\n<p>Pero en el rev\u00e9s de esa moneda pol\u00edtica favorable que tiene Milei en Washington, el esc\u00e1ndalo por <strong>la supuesta estafa con la criptomoneda $Libra <\/strong>que lo afecta directamente y su decisi\u00f3n de<strong> designar como juez de la Corte Suprema por decreto al cuestionado magistrado Ariel Lijo, generaron una mirada adversa y hasta muy cr\u00edtica<\/strong> de la prensa internacional. En particular de dos influyentes diarios de los Estados Unidos, que publicaron duras editoriales en las \u00faltimas horas.<\/p>\n<\/div>\n<div class=\"sc-80531b6b-0 chRIGJ container-text text-embed\">\n<p>La editorialista de <strong>The Wall Street Journal, Maria Anastasia O\u2019Grady,<\/strong> muy conocida en la pol\u00edtica de Argentina por sus posturas cr\u00edticas al kirchnerismo y con posiciones m\u00e1s bien conservadoras, hizo un duro an\u00e1lisis este domingo de la gesti\u00f3n de Milei, bajo el t\u00edtulo<strong> \u201cMilei sufre heridas autoinfligidas\u201d.<\/strong> En la bajada del texto, afirma que el mandatario <strong>\u201cprimero respald\u00f3 una moneda de meme que se dispar\u00f3 y se derrumb\u00f3. Ahora un juez sospechoso\u201d.<\/strong><\/p>\n<\/div>\n<div class=\"sc-198be8ec-0 cynXbu image-embed  image-embed \"><picture class=\"sc-198be8ec-1 kOjRiQ\"><source media=\"(min-width: 975px)\" width=\"720\" height=\"480\" \/><img alt=\"Duros editoriales en la prensa de los Estados Unidos sobre el presidente Javier Milei y su manejo de gobierno - En la foto, The New York Times\" loading=\"lazy\" width=\"720\" height=\"480\" decoding=\"async\" data-nimg=\"1\" style=\"color:transparent\" src=\"https:\/\/13.com.ar\/wp-content\/uploads\/2025\/03\/Dos-editoriales-de-prestigiosos-diarios-de-Estados-Unidos-apuntan-al.jpg\"\/><span class=\"epigraphe\">Duros editoriales en la prensa de los Estados Unidos sobre el presidente Javier Milei y su manejo de gobierno &#8211; En la foto, The New York Times<\/span><span class=\"bkg\"\/><span class=\"picture-open\"><button class=\"open-image\" aria-label=\"Open Image\"\/><\/span><\/picture><\/div>\n<div class=\"sc-80531b6b-0 chRIGJ container-text text-embed\">\n<p>Por su parte, este lunes <strong>The New York Times<\/strong> -que la semana pasada hab\u00eda publicado una investigaci\u00f3n sobre supuestos pedidos de dinero para acercarse al presidente argentino- este lunes sentenci\u00f3 en una extensa columna de opini\u00f3n:<strong> \u201cEl mal plan de Trump para hacer que Estados Unidos vuelva a ser Argentina\u201d.<\/strong> En el texto, si bien <strong>elogia las reformas econ\u00f3micas<\/strong> anti inflacionarias y anti deficitarias de Milei, lanza una fuerte cr\u00edtica a nuestro pa\u00eds, al que no considera que hay que tomar como ejemplo y cataloga como <strong>\u201cun incumplidor en serie nueve veces y un rezagado econ\u00f3mico de 100 a\u00f1os.\u201d<\/strong><\/p>\n<\/div>\n<div class=\"sc-80531b6b-0 chRIGJ container-text text-embed\">\n<p>O\u2019Grady empieza su art\u00edculo en WSJ con la siguiente pregunta: \u201c<strong>\u00bfPor qu\u00e9 el presidente argentino Javier Milei puso a un juez federal con un curr\u00edculum d\u00e9bil y una reputaci\u00f3n de ayudar a pol\u00edticos corruptos en la Corte Suprema del pa\u00eds la semana pasada? <\/strong>Incluso los partidarios del presidente est\u00e1n teniendo dificultades para explicar un movimiento que va en contra de la urgente necesidad de Argentina del mostrar la vigencia del estado de derecho.\u201d<\/p>\n<\/div>\n<div class=\"sc-80531b6b-0 chRIGJ container-text text-embed\">\n<p>Luego, recuerda que la nominaci\u00f3n de Lijo al m\u00e1ximo tribunal de Argentina se encontr\u00f3 con <strong>\u201cun aluvi\u00f3n de objeciones de los juristas\u201d.<\/strong> Y que ella misma las escribi\u00f3 el a\u00f1o pasado en una columna que titul\u00f3: <strong>&#8220;El paso en falso de la Corte Suprema de Milei&#8221;<\/strong>, en las que se enumeraban las denuncias contra Lijo del Colegio de Abogados de la Ciudad de Buenos Aires y de dos organizaciones no gubernamentales luego de que el Consejo de la Magistratura advirtiera de retrasos excesivos en las investigaciones de corrupci\u00f3n.<\/p>\n<\/div>\n<div class=\"sc-80531b6b-0 chRIGJ container-text text-embed\">\n<p>El domingo, en una entrevista, Milei justific\u00f3 la designaci\u00f3n \u201cen comisi\u00f3n\u201d de Lijo y Manuel Garc\u00eda-Mansilla: \u201cHay que tener mucho cuidado con los \u00f1o\u00f1os republicanos que dicen que no es institucional cada cosa que no les gusta. He visto a muchos criticar y ni siquiera son abogados\u201d.<\/p>\n<\/div>\n<div class=\"sc-80531b6b-0 chRIGJ container-text text-embed\">\n<p><strong>Luego, alab\u00f3 a Lijo como juez especialista en narcotr\u00e1fico, ciberdelito y terrorismo:<\/strong> \u201cEs respetado por sus pares y Casaci\u00f3n no le revoc\u00f3 ninguno de sus fallos. Le dicen que duermen las causas. \u00bfCu\u00e1nto tardan? No son solo suyas\u201d. Luego destac\u00f3 que el \u201cel \u00fanico pol\u00edtico estrictamente pol\u00edtico que fue preso\u201d fue el ex vicepresidente Amado Boudou. \u201c\u00bfQui\u00e9n lo meti\u00f3 preso? Lijo\u201d, consider\u00f3 Milei.<\/p>\n<\/div>\n<div class=\"sc-80531b6b-0 chRIGJ container-text text-embed\">\n<p>Si hasta diciembre pasado, el presidente era un verdadero mimado de la prensa internacional por lo que llamaron <strong>\u201cel milagro econ\u00f3mico&#8221; argentino, <\/strong>ahora se observa<strong> <\/strong>un cambio en esa consideraci\u00f3n, o al menos una evaluaci\u00f3n que tambi\u00e9n tiene duras cr\u00edticas.<\/p>\n<\/div>\n<div class=\"sc-80531b6b-0 chRIGJ container-text text-embed\">\n<p>Y ese cambio se empez\u00f3 a percibir en los titulares de revistas como <strong><em>The Economist<\/em><\/strong> (que le concedi\u00f3 una elogiosa tapa con un rostro completo sobre fin de a\u00f1o), <strong><em>The Financial Times <\/em><\/strong>y la prensa en EE.UU. <strong>a partir de su discurso en Davos<\/strong>, donde hizo una fuerte critica a los propios miembros del Foro Econ\u00f3mico de esa ciudad suiza, asoci\u00f3 el abuso infantil a la homosexualidad, embisti\u00f3 contra la ideolog\u00eda de g\u00e9nero, el feminismo y d\u00edas despu\u00e9s, para seguir a Trump, amenaz\u00f3 con sacar a la Argentina de la Organizaci\u00f3n Mundial de la Salud y del Acuerdo clim\u00e1tico de Par\u00eds. Todos <strong>temas que cuestionan la dula Trump\/Musk pero no la derecha europea.<\/strong><\/p>\n<\/div>\n<div class=\"sc-198be8ec-0 cynXbu image-embed  image-embed \"><picture class=\"sc-198be8ec-1 kOjRiQ\"><source media=\"(min-width: 975px)\" width=\"720\" height=\"480\" \/><img alt=\"Javier Milei en su entrevista con LN+ el \u00faltimo domingo\" loading=\"lazy\" width=\"720\" height=\"480\" decoding=\"async\" data-nimg=\"1\" style=\"color:transparent\" src=\"https:\/\/13.com.ar\/wp-content\/uploads\/2025\/03\/1741020161_355_Dos-editoriales-de-prestigiosos-diarios-de-Estados-Unidos-apuntan-al.jpg\"\/><span class=\"epigraphe\">Javier Milei en su entrevista con LN+ el \u00faltimo domingo<\/span><span class=\"bkg\"\/><span class=\"picture-open\"><button class=\"open-image\" aria-label=\"Open Image\"\/><\/span><\/picture><\/div>\n<div class=\"sc-80531b6b-0 chRIGJ container-text text-embed\">\n<p>Pocos d\u00edas despu\u00e9s, tambi\u00e9n intentando alinearse el presidente estadounidense, <strong>Milei cambi\u00f3 su alianza con Volodimir Zelenski <\/strong>y en las Naciones Unidas <strong>se abstuvo de condenar la invasi\u00f3n de Rusia a Ucrania<\/strong>, lo que molesta fuertemente en Europa. El giro de Trump es fuertemente criticado por la prensa de su pa\u00eds, independientemente de las razones que intentan justificarlo.<\/p>\n<\/div>\n<div class=\"sc-80531b6b-0 chRIGJ container-text text-embed\">\n<h2>El fuerte &#8220;consejo&#8221; del Times<\/h2>\n<\/div>\n<div class=\"sc-80531b6b-0 chRIGJ container-text text-embed\">\n<p>En el mundo contin\u00faan las comparaciones entre el ajuste que<strong> Trump y Musk iniciaron en la administraci\u00f3n p\u00fablica estadounidense, con el que Milei hizo en la Argentina<\/strong> -el libertario le acaba de regalar al due\u00f1o de Tesla y X una motosierra de \u201clujo\u201d que el empresario exhibi\u00f3 con orgullo en el escenario de la CPAC-, pero hay fuertes cr\u00edticas tambi\u00e9n.<\/p>\n<\/div>\n<div class=\"sc-80531b6b-0 chRIGJ container-text text-embed\">\n<p>\u201cEl presidente Trump, Elon Musk y el presidente Javier Milei de Argentina han formado un v\u00ednculo especial. El se\u00f1or Milei fue el primer l\u00edder extranjero en reunirse con el se\u00f1or Trump d\u00edas despu\u00e9s de ganar las elecciones presidenciales de los Estados Unidos. <strong>Trump ha llamado a Milei su \u2018presidente favorito\u2019<\/strong>. Y Musk ha estado en estrecho contacto con el equipo de reforma gubernamental de Milei desde las elecciones estadounidenses de noviembre, si no antes. As\u00ed que no fue una sorpresa para los observadores de Argentina que Trump comenzara su mandato bloqueando los flujos de efectivo del gobierno y despidiendo a trabajadores, exactamente como el gobierno de Milei comenz\u00f3 a hacer hace un a\u00f1o\u201d, comienza diciendo <strong>el Times este lunes.<\/strong><\/p>\n<\/div>\n<div class=\"sc-80531b6b-0 chRIGJ container-text text-embed\">\n<p>Luego arremete contra el hecho de que \u201cMilei ha estado presumiendo de la \u2018exportaci\u00f3n\u2019 de su modelo de reforma\u201d porque \u201clos gobiernos deben tomar prestadas buenas pr\u00e1cticas entre s\u00ed\u201d. La nota <strong>elogia su popularidad y sus medidas r\u00e1pidas de ajuste aunque tambi\u00e9n remarca que &#8220;han dolido&#8221;.<\/strong> Y advierte: &#8220;La primera econom\u00eda del mundo deber\u00eda darse \u201cpausa\u201d al tomar \u201cprestadas las t\u00e9cnicas de reforma gubernamental de Argentina, <strong>un incumplidor en serie nueve veces y un rezagado econ\u00f3mico de 100 a\u00f1os<\/strong>.\u201d<\/p>\n<\/div>\n<div class=\"sc-198be8ec-0 cynXbu image-embed  image-embed \"><picture class=\"sc-198be8ec-1 kOjRiQ\"><source media=\"(min-width: 975px)\" width=\"720\" height=\"480\" \/><img alt=\"The Financial Times sobre el nombramiento de Lijo en la Corte Suprema\" loading=\"lazy\" width=\"720\" height=\"480\" decoding=\"async\" data-nimg=\"1\" style=\"color:transparent\" src=\"https:\/\/13.com.ar\/wp-content\/uploads\/2025\/03\/1741020161_6_Dos-editoriales-de-prestigiosos-diarios-de-Estados-Unidos-apuntan-al.jpg\"\/><span class=\"epigraphe\">The Financial Times sobre el nombramiento de Lijo en la Corte Suprema<\/span><span class=\"bkg\"\/><span class=\"picture-open\"><button class=\"open-image\" aria-label=\"Open Image\"\/><\/span><\/picture><\/div>\n<div class=\"sc-80531b6b-0 chRIGJ container-text text-embed\">\n<p>Y considera que Musk y Milei pueden compartir la misma ret\u00f3rica anti estatal y usar las mismas t\u00e9cnicas, pero \u201cest\u00e1n llevando a sus pa\u00edses en direcciones muy diferentes.\u201d, dice el art\u00edculo enfocado en realidad hacia la nueva administraci\u00f3n estadounidense.<\/p>\n<\/div>\n<div class=\"sc-80531b6b-0 chRIGJ container-text text-embed\">\n<p>\u201cArgentina es un pa\u00eds fracasado que acaba de doblar la esquina despu\u00e9s de llevar a cabo reformas dolorosas. Si Trump fuera un verdadero reformador, habr\u00eda presentado objetivos presupuestarios espec\u00edficos, puesto a tecn\u00f3cratas experimentados en posiciones de liderazgo y se habr\u00eda centrado en proporcionar innovaci\u00f3n t\u00e9cnica de valor a\u00f1adido. <strong>En cambio, nos est\u00e1 llevando por el camino peronista d<\/strong>onde la pol\u00edtica de poder importa m\u00e1s que la buena pol\u00edtica.<strong> Como nos ense\u00f1a Argentina, podr\u00edan seguir 100 a\u00f1os de miseria si el estado de derecho es reemplazado por el estado de uno.\u201d<\/strong><\/p>\n<\/div>\n<\/div>\n<p><br \/>\n<br \/><a href=\"https:\/\/www.clarin.com\/politica\/editoriales-prestigiosos-diarios-estados-unidos-apuntan-momento-milei-heridas-autoinflingidas_0_ktphTq0C23.html\">Fuente Clarin.com <\/a><\/p>\n","protected":false},"excerpt":{"rendered":"<p>El presidente Donald Trump y el magnate Elon Musk, influyente presencia en el gobierno estadounidense, invitaron a Javier Milei a la Casa Blanca en alg\u00fan momento en los &#8220;meses siguientes&#8221;. Cada uno por su lado, lo recibieron con afecto hace poco m\u00e1s de una semana, en la reciente Conferencia de Acci\u00f3n Pol\u00edtica Conservadora (CPAC), que [&hellip;]<\/p>\n","protected":false},"author":1,"featured_media":9661,"comment_status":"open","ping_status":"open","sticky":false,"template":"","format":"standard","meta":{"footnotes":""},"categories":[2],"tags":[2254,10483,7298,59,10481,1737,5324,77,1454,10482,1738],"class_list":["post-9660","post","type-post","status-publish","format-standard","has-post-thumbnail","hentry","category-ultimas-noticias","tag-apuntan","tag-autoinflingidas","tag-diarios","tag-dos","tag-editoriales","tag-estados","tag-heridas","tag-milei","tag-momento","tag-prestigiosos","tag-unidos"],"_links":{"self":[{"href":"https:\/\/13.com.ar\/index.php\/wp-json\/wp\/v2\/posts\/9660","targetHints":{"allow":["GET"]}}],"collection":[{"href":"https:\/\/13.com.ar\/index.php\/wp-json\/wp\/v2\/posts"}],"about":[{"href":"https:\/\/13.com.ar\/index.php\/wp-json\/wp\/v2\/types\/post"}],"author":[{"embeddable":true,"href":"https:\/\/13.com.ar\/index.php\/wp-json\/wp\/v2\/users\/1"}],"replies":[{"embeddable":true,"href":"https:\/\/13.com.ar\/index.php\/wp-json\/wp\/v2\/comments?post=9660"}],"version-history":[{"count":0,"href":"https:\/\/13.com.ar\/index.php\/wp-json\/wp\/v2\/posts\/9660\/revisions"}],"wp:featuredmedia":[{"embeddable":true,"href":"https:\/\/13.com.ar\/index.php\/wp-json\/wp\/v2\/media\/9661"}],"wp:attachment":[{"href":"https:\/\/13.com.ar\/index.php\/wp-json\/wp\/v2\/media?parent=9660"}],"wp:term":[{"taxonomy":"category","embeddable":true,"href":"https:\/\/13.com.ar\/index.php\/wp-json\/wp\/v2\/categories?post=9660"},{"taxonomy":"post_tag","embeddable":true,"href":"https:\/\/13.com.ar\/index.php\/wp-json\/wp\/v2\/tags?post=9660"}],"curies":[{"name":"wp","href":"https:\/\/api.w.org\/{rel}","templated":true}]}}