{"id":966,"date":"2025-01-31T12:54:08","date_gmt":"2025-01-31T15:54:08","guid":{"rendered":"https:\/\/13.com.ar\/index.php\/polemica-de-flybondi-con-kicillof-por-una-multa-de-300-millones-por-los-vuelos-cancelados\/"},"modified":"2025-01-31T12:54:08","modified_gmt":"2025-01-31T15:54:08","slug":"polemica-de-flybondi-con-kicillof-por-una-multa-de-300-millones-por-los-vuelos-cancelados","status":"publish","type":"post","link":"https:\/\/13.com.ar\/index.php\/polemica-de-flybondi-con-kicillof-por-una-multa-de-300-millones-por-los-vuelos-cancelados\/","title":{"rendered":"Pol\u00e9mica de Flybondi con Kicillof por una multa de $ 300 millones por los vuelos cancelados"},"content":{"rendered":"<p> <br \/>\n<br \/><img decoding=\"async\" src=\"https:\/\/13.com.ar\/wp-content\/uploads\/2025\/01\/Polemica-de-Flybondi-con-Kicillof-por-una-multa-de.jpg\" \/><\/p>\n<div id=\"cuerpo\">\n<div class=\"sc-80531b6b-0 chRIGJ container-text text-embed\">\n<p>La provincia de<strong> Buenos Aires mult\u00f3 a<\/strong> la aerol\u00ednea comercial <strong>Flybondi por m\u00e1s de $ 300 millones por los vuelos cancelados y la &#8220;falta de respuesta&#8221;<\/strong> a los consumidores bonaerenses.<\/p>\n<\/div>\n<div class=\"sc-80531b6b-0 chRIGJ container-text text-embed\">\n<p>Flybondi fue sancionada &#8220;tras confirmarse sus infracciones a la Ley N\u00b0 24.240 de Defensa del Consumidor, a partir de 2.400 reclamos y denuncias realizadas por usuarios de la provincia&#8221;, comunic\u00f3 el Ministerio de Producci\u00f3n, Ciencia e Innovaci\u00f3n Tecnol\u00f3gica bonaerense, que est\u00e1 a cargo de <strong>Augusto Costa<\/strong>, mano derecha del gobernador <strong>Axel Kicillof<\/strong>.<\/p>\n<\/div>\n<div class=\"sc-80531b6b-0 chRIGJ container-text text-embed\">\n<p>La aerol\u00ednea, en tanto, inform\u00f3 que impugnar\u00e1 la medida porque entiende que la provincia no tiene competencia en materia aeron\u00e1utica, sino que debe ser la Administraci\u00f3n Nacional de Aviaci\u00f3n Civil (ANAC).<\/p>\n<\/div>\n<div class=\"sc-80531b6b-0 chRIGJ container-text text-embed\">\n<p>La Subsecretar\u00eda de Desarrollo Comercial y Promoci\u00f3n de Inversiones detect\u00f3 &#8220;una conducta sostenida en perjuicio de los derechos de las y los consumidores bonaerenses&#8221;. <\/p>\n<\/div>\n<div class=\"sc-80531b6b-0 chRIGJ container-text text-embed\">\n<p>&#8220;La empresa incurri\u00f3 y contin\u00faa incurriendo en reiteradas infracciones, como <strong>las suspensiones o reprogramaciones de sus vuelos, la dificultad o imposibilidad de comunicarse con la aerol\u00ednea para obtener respuestas<\/strong> y la inviabilidad para optar por reprogramaciones o por los reintegros de los tickets o de los gastos generados debido a las cancelaciones (como gastos de transporte al aeropuerto, p\u00e9rdida de hoteles, excursiones y paquetes tur\u00edsticos, entre otros)&#8221;, se inform\u00f3 oficialmente.<\/p>\n<\/div>\n<div class=\"sc-80531b6b-0 chRIGJ container-text text-embed\">\n<p>Buenos Aires tambi\u00e9n sancion\u00f3 a Flybondi por no publicar en su sitio web las condiciones generales y particulares de contrataci\u00f3n de los servicios, seg\u00fan lo establecido por la Ley Nacional de Defensa del Consumidor.<\/p>\n<\/div>\n<div class=\"sc-80531b6b-0 chRIGJ container-text text-embed\">\n<p>La firma, por su lado, sostuvo que &#8220;siempre da respuesta a los reclamos canalizados por los canales de comunicaci\u00f3n habilitados&#8221; y &#8220;brinda toda la informaci\u00f3n al pasajero para ejercer sus derechos conforme la normativa aplicable&#8221;.<\/p>\n<\/div>\n<div class=\"sc-80531b6b-0 chRIGJ container-text text-embed\">\n<p>Seg\u00fan informaron fuentes de la provincia, <strong>Flybondi es una de las 6 empresas m\u00e1s denunciadas en territorio bonaerense<\/strong>.<\/p>\n<\/div>\n<div class=\"sc-80531b6b-0 chRIGJ container-text text-embed\">\n<p>Como gobernador de Buenos Aires y ex ministro de Econom\u00eda, Kicillof es uno de los principales defensores discursivos de la aerol\u00ednea estatal Aerol\u00edneas Argentinas.<\/p>\n<\/div>\n<div class=\"sc-80531b6b-0 chRIGJ container-text text-embed\">\n<p>Y se subi\u00f3 a la pelea contra el modelo de gesti\u00f3n aerocomercial <em>low cost<\/em> que lleva a cabo la compa\u00f1\u00eda: en el comunicado public\u00f3 que <strong>la provincia &#8220;s\u00ed defiende los derechos de la comunidad&#8221;<\/strong>, por lo que el ministro Costa intervino de oficio &#8220;para garantizar los derechos vulnerados de las y los consumidores, aplicando la multa y exigi\u00e9ndole a la empresa su adecuaci\u00f3n a la ley&#8221;.<\/p>\n<\/div>\n<div class=\"sc-80531b6b-0 chRIGJ container-text text-embed\">\n<p>Seg\u00fan los n\u00fameros de la empresa, Flybondi cuenta con una flota de 19 aviones: 17 Boeing 737-800 NG y 2 Airbus 320, que entre todos transportaron ya a 14 millones de pasajeros, de los cuales 400.000 fueron en diciembre 2024, mes r\u00e9cord para la compa\u00f1\u00eda.<\/p>\n<\/div>\n<div class=\"sc-80531b6b-0 chRIGJ container-text text-embed\">\n<p>En el mercado argentino Flybondi tiene una participaci\u00f3n del 23% del mercado de vuelos locales con 23 rutas y 6% de los internacionales, con 3 rutas a Brasil.<\/p>\n<\/div>\n<\/div>\n<p><br \/>\n<br \/><a href=\"https:\/\/www.clarin.com\/economia\/kicillof-multa-flybondi-300-millones-vuelos-cancelados-falta-respuesta-usuarios_0_pi1afYWgNc.html\">Fuente Clarin.com <\/a><\/p>\n","protected":false},"excerpt":{"rendered":"<p>La provincia de Buenos Aires mult\u00f3 a la aerol\u00ednea comercial Flybondi por m\u00e1s de $ 300 millones por los vuelos cancelados y la &#8220;falta de respuesta&#8221; a los consumidores bonaerenses. Flybondi fue sancionada &#8220;tras confirmarse sus infracciones a la Ley N\u00b0 24.240 de Defensa del Consumidor, a partir de 2.400 reclamos y denuncias realizadas por [&hellip;]<\/p>\n","protected":false},"author":1,"featured_media":967,"comment_status":"open","ping_status":"open","sticky":false,"template":"","format":"standard","meta":{"footnotes":""},"categories":[2],"tags":[2316,18,2314,488,28,1065,539,814,142,73,2315],"class_list":["post-966","post","type-post","status-publish","format-standard","has-post-thumbnail","hentry","category-ultimas-noticias","tag-cancelados","tag-con","tag-flybondi","tag-kicillof","tag-los","tag-millones","tag-multa","tag-polemica","tag-por","tag-una","tag-vuelos"],"_links":{"self":[{"href":"https:\/\/13.com.ar\/index.php\/wp-json\/wp\/v2\/posts\/966","targetHints":{"allow":["GET"]}}],"collection":[{"href":"https:\/\/13.com.ar\/index.php\/wp-json\/wp\/v2\/posts"}],"about":[{"href":"https:\/\/13.com.ar\/index.php\/wp-json\/wp\/v2\/types\/post"}],"author":[{"embeddable":true,"href":"https:\/\/13.com.ar\/index.php\/wp-json\/wp\/v2\/users\/1"}],"replies":[{"embeddable":true,"href":"https:\/\/13.com.ar\/index.php\/wp-json\/wp\/v2\/comments?post=966"}],"version-history":[{"count":0,"href":"https:\/\/13.com.ar\/index.php\/wp-json\/wp\/v2\/posts\/966\/revisions"}],"wp:featuredmedia":[{"embeddable":true,"href":"https:\/\/13.com.ar\/index.php\/wp-json\/wp\/v2\/media\/967"}],"wp:attachment":[{"href":"https:\/\/13.com.ar\/index.php\/wp-json\/wp\/v2\/media?parent=966"}],"wp:term":[{"taxonomy":"category","embeddable":true,"href":"https:\/\/13.com.ar\/index.php\/wp-json\/wp\/v2\/categories?post=966"},{"taxonomy":"post_tag","embeddable":true,"href":"https:\/\/13.com.ar\/index.php\/wp-json\/wp\/v2\/tags?post=966"}],"curies":[{"name":"wp","href":"https:\/\/api.w.org\/{rel}","templated":true}]}}