{"id":9652,"date":"2025-03-03T13:14:28","date_gmt":"2025-03-03T16:14:28","guid":{"rendered":"https:\/\/13.com.ar\/index.php\/la-produccion-bella-y-resiliente-de-la-puna\/"},"modified":"2025-03-03T13:14:28","modified_gmt":"2025-03-03T16:14:28","slug":"la-produccion-bella-y-resiliente-de-la-puna","status":"publish","type":"post","link":"https:\/\/13.com.ar\/index.php\/la-produccion-bella-y-resiliente-de-la-puna\/","title":{"rendered":"La producci\u00f3n bella y resiliente de la Puna"},"content":{"rendered":"<p> <br \/>\n<\/p>\n<div id=\"cuerpo\">\n<div class=\"sc-80531b6b-0 chRIGJ container-text text-embed\">\n<p>De la <strong>puna catamarque\u00f1a<\/strong> a las <strong>pasarelas de Par\u00eds<\/strong>; de las <strong>altiplanicies juje\u00f1as<\/strong> a los platos gourmet. Los <strong>cam\u00e9lidos de altura<\/strong> \u2014sobre todo llamas y vicu\u00f1as\u2014 deslumbran no s\u00f3lo por la <strong>calidad de sus carnes y fibras<\/strong>; tambi\u00e9n por las tradiciones ancestrales de los pune\u00f1os que llevan consigo un valor muy apreciado por los <strong>mercados de alto poder adquisitivo<\/strong>: la <strong>autenticidad<\/strong> .<\/p>\n<\/div>\n<div class=\"sc-80531b6b-0 chRIGJ container-text text-embed\">\n<p>En Argentina, hay cuatro tipos de cam\u00e9lidos sudamericanos. Dos silvestres \u2014<strong>vicu\u00f1as y guanacos<\/strong>\u2014 y dos dom\u00e9sticos \u2014<strong>llamas y alpacas<\/strong>. \u201cSe calcula que hay unas 350 mil llamas y unas 142 mil vicu\u00f1as, que son los principales cam\u00e9lidos que se explotan de manera productiva\u201d, detalla <strong>Francisco Rigalt<\/strong>, especialista del <strong>INTA-Catamarca<\/strong>. Y agrega, como curiosidad, que <strong>los cam\u00e9lidos pueden cruzarse entre s\u00ed<\/strong>, y que las alpacas son las descendientes dom\u00e9sticas de las vicu\u00f1as y las llamas de los guanacos, un <strong>proceso de selecci\u00f3n que a los incas les llev\u00f3 siglos<\/strong> para cubrir sus necesidades de fibra, carne y transporte.<\/p>\n<\/div>\n<div class=\"sc-198be8ec-0 cynXbu image-embed  image-embed \"><picture class=\"sc-198be8ec-1 kOjRiQ\"><source media=\"(min-width: 975px)\" width=\"720\" height=\"480\" \/><img alt=\"Francisco Rigalt, t\u00e9cnico del INTA Catamarca.\" loading=\"lazy\" width=\"720\" height=\"480\" decoding=\"async\" data-nimg=\"1\" style=\"color:transparent\" src=\"https:\/\/13.com.ar\/wp-content\/uploads\/2025\/03\/La-produccion-bella-y-resiliente-de-la-Puna.jpg\"\/><span class=\"epigraphe\">Francisco Rigalt, t\u00e9cnico del INTA Catamarca.<\/span><span class=\"bkg\"\/><span class=\"picture-open\"><button class=\"open-image\" aria-label=\"Open Image\"\/><\/span><\/picture><\/div>\n<div class=\"sc-80531b6b-0 chRIGJ container-text text-embed\">\n<p>La vicu\u00f1a es un interesante caso de <strong>sinergia entre lo p\u00fablico y lo privado<\/strong> no s\u00f3lo desde lo econ\u00f3mico sino tambi\u00e9n desde la preservaci\u00f3n del animal. \u201cLa especie Vicugna vicugna, tal es su nombre cient\u00edfico, estuvo amenazada por la caza furtiva y su poblaci\u00f3n fue diezmada notablemente, a tal punto de correr <strong>riesgos de extinci\u00f3n<\/strong>. Pero a fines de los 90, se implementaron programas de preservaci\u00f3n y<strong> los privados acompa\u00f1aron con inversi\u00f3n al darse cuenta de que pod\u00eda ser un buen negocio<\/strong>. S\u00f3lo una vicu\u00f1ita, sin cazarla, puede generar <strong>200 d\u00f3lares por a\u00f1o<\/strong>\u201d, sostiene Rigalt.<\/p>\n<\/div>\n<div class=\"sc-80531b6b-0 chRIGJ container-text text-embed\">\n<p>\u00bfC\u00f3mo es ese proceso? \u201cEl chaccu es una pr\u00e1ctica preincaica a trav\u00e9s de la cual <strong>se captura, esquila y libera a la vicu\u00f1a<\/strong> con vida, procurando el menor impacto en la integridad del animal\u201d, explica <strong>Carlos Barrionuevo<\/strong>, bi\u00f3logo y docente de la <strong>Universidad Nacional de Catamarca<\/strong>. Seg\u00fan el especialista, el chaccu, que en quechua significa \u201cencierre\u201d, es una t\u00e9cnica de <strong>manejo productivo sustentable<\/strong> de la vicu\u00f1a, que consiste en el arreo y el encierre dentro de m\u00f3dulos.<\/p>\n<\/div>\n<div class=\"sc-80531b6b-0 chRIGJ container-text text-embed\">\n<p>Esta pr\u00e1ctica ancestral, ahora aggiornada al siglo XXI, fue retomada en 2003 por iniciativa de los pobladores de <strong>Laguna Blanca<\/strong>, una extensa regi\u00f3n ubicada en la puna catamarque\u00f1a. <strong>Mart\u00edn Evaristo Su\u00e1rez<\/strong> es miembro de esa <strong>comunidad de 400 habitantes<\/strong> y pertenece a la cooperativa de productores y artesanos que trabajan con fibra de vicu\u00f1a, llama y oveja. <\/p>\n<\/div>\n<div class=\"sc-198be8ec-0 cynXbu image-embed  image-embed \"><picture class=\"sc-198be8ec-1 kOjRiQ\"><source media=\"(min-width: 975px)\" width=\"720\" height=\"480\" \/><img alt=\"Toda la producci\u00f3n animal y el agregado de valor en prendas de vestir son hechas a mano, en general por mujeres.\" loading=\"lazy\" width=\"720\" height=\"480\" decoding=\"async\" data-nimg=\"1\" style=\"color:transparent\" src=\"https:\/\/13.com.ar\/wp-content\/uploads\/2025\/03\/1741018468_105_La-produccion-bella-y-resiliente-de-la-Puna.jpg\"\/><span class=\"epigraphe\">Toda la producci\u00f3n animal y el agregado de valor en prendas de vestir son hechas a mano, en general por mujeres.<\/span><span class=\"bkg\"\/><span class=\"picture-open\"><button class=\"open-image\" aria-label=\"Open Image\"\/><\/span><\/picture><\/div>\n<div class=\"sc-80531b6b-0 chRIGJ container-text text-embed\">\n<p><strong>\u201cTodo lo hacemos con nuestras manos<\/strong>: el encierro, la \u2018cosecha\u2019 y la esquila con tijeras; siempre con mucho cuidado para que el animal no sufra\u201d, aclara. Las mismas <strong>manos de artistas hilan y tejen esas prendas admiradas y requeridas en el mundo<\/strong>. \u201cLa vicu\u00f1a nos llev\u00f3 a conocer tierras lejanas como Francia, Estados Unidos y M\u00e9xico\u201d, revela y asegura que <strong>este cam\u00e9lido representa un ingreso fundamental para una comunidad todav\u00eda muy aislada<\/strong> y con baj\u00edsima cobertura de internet y redes de banda ancha.<\/p>\n<\/div>\n<div class=\"sc-80531b6b-0 chRIGJ container-text text-embed\">\n<p>El vell\u00f3n de vicu\u00f1a \u2014trabajado en origen por artesanos locales\u2014 tambi\u00e9n<strong> se exporta a Europa<\/strong> (principalmente a Italia) para ser procesado de manera industrial y comercializado como bien de lujo. Un <strong>abrigo confeccionado totalmente en vicu\u00f1a<\/strong>, de marca (Loro Piana), puede costar unos <strong>22 mil euros<\/strong>. \u201cPara los antiguos incas, la \u2018fibra de los dioses\u2019 estaba destinada exclusivamente a los reyes. Impalpable como una nube pero sumamente c\u00e1lida, nadie m\u00e1s pod\u00eda poseerla debido a sus fibras tan raras y suaves\u201d, describe en su p\u00e1gina web esta casa italiana, s\u00edmbolo de estilo y sofisticaci\u00f3n.<\/p>\n<\/div>\n<div class=\"sc-80531b6b-0 chRIGJ container-text text-embed\">\n<p>La catamarque\u00f1a <strong>Florencia Sosa<\/strong> es empresaria, influencer y \u2014a sus <strong>32 a\u00f1os<\/strong>\u2014 una de las CEOs m\u00e1s j\u00f3venes de la Argentina. En 2022, lanz\u00f3 en el Faena Art Center el <strong>proyecto Andina<\/strong>, la primera colecci\u00f3n de NFT (activos digitales \u00fanicos que se almacenan en blockchain) basada en <strong>fibras naturales de cam\u00e9lidos<\/strong> e inspirada en las tradiciones culturales de la puna catamarque\u00f1a. <\/p>\n<\/div>\n<div class=\"sc-80531b6b-0 chRIGJ container-text text-embed\">\n<p>\u201cCon Andina innovamos como proyecto privado pero no como un negocio tradicional; colaboramos directamente con comunidades rurales de la puna argentina. Nuestro objetivo es <strong>empoderar a las mujeres artesanas<\/strong>, valorizar su saber ancestral y <strong>conectar sus productos elaborados con fibra de vicu\u00f1a con los mercados globales a trav\u00e9s de la tecnolog\u00eda<\/strong>\u201d, remarca.<\/p>\n<\/div>\n<div class=\"sc-198be8ec-0 cynXbu image-embed  image-embed \"><picture class=\"sc-198be8ec-1 kOjRiQ\"><source media=\"(min-width: 975px)\" width=\"720\" height=\"480\" \/><img alt=\"Las prendas de vicu\u00f1a, como los pantalones y sweters de la imagen llegan, a trav\u00e9s de tecnolog\u00edas digitales, a nichos de demanda bien cotizados.\" loading=\"lazy\" width=\"720\" height=\"480\" decoding=\"async\" data-nimg=\"1\" style=\"color:transparent\" src=\"https:\/\/13.com.ar\/wp-content\/uploads\/2025\/03\/1741018468_639_La-produccion-bella-y-resiliente-de-la-Puna.jpg\"\/><span class=\"epigraphe\">Las prendas de vicu\u00f1a, como los pantalones y sweters de la imagen llegan, a trav\u00e9s de tecnolog\u00edas digitales, a nichos de demanda bien cotizados.<\/span><span class=\"bkg\"\/><span class=\"picture-open\"><button class=\"open-image\" aria-label=\"Open Image\"\/><\/span><\/picture><\/div>\n<div class=\"sc-80531b6b-0 chRIGJ container-text text-embed\">\n<p>En marzo de 2023, desembarc\u00f3 en la capital francesa en el marco de la Par\u00eds Fashion Week que le permiti\u00f3 ingresar en un mercado tan desafiante como el europeo. \u201cCon el declive de los NFTs, tuvimos que reinventarnos. Pasamos de ofrecer activos digitales asociados a prendas, a dise\u00f1ar <strong>modelos exclusivos que ahora incluyen un componente digital como valor agregado<\/strong>. Este cambio refleja nuestra capacidad de adaptaci\u00f3n y compromiso con la innovaci\u00f3n\u201d, pondera la empresaria.<\/p>\n<\/div>\n<div class=\"sc-80531b6b-0 chRIGJ container-text text-embed\">\n<p>Y aunque en Argentina, Andina sigue siendo un proyecto emergente que busca generar mayor reconocimiento, en los mercados internacionales, especialmente en Europa, han encontrado un inter\u00e9s creciente en los <strong>nichos de lujo. \u201cHay un segmento de consumidores que valoran la exclusividad, la sostenibilidad y la trazabilidad<\/strong>, caracter\u00edsticas que definen nuestra propuesta\u201d, se\u00f1ala \u201cFlor\u201d Sosa que cuenta con 401 mil seguidores en su cuenta de Instagram.<\/p>\n<\/div>\n<p><h2>De las alturas juje\u00f1as a los restaurantes gourmet<\/h2>\n<\/p>\n<div class=\"sc-80531b6b-0 chRIGJ container-text text-embed\">\n<p>Desde tiempos inmemoriales, la <strong>llama<\/strong> (Lama glama) ha sido el <strong>animal ic\u00f3nico de los Andes<\/strong>. Por su extraordinaria adaptaci\u00f3n a condiciones ambientales extremas, esta especie <strong>domesticada por los incas<\/strong> ha sido un recurso estrat\u00e9gico de los pobladores de la zona. En la actualidad, Jujuy cuenta con la mayor poblaci\u00f3n de llamas del pa\u00eds \u2014unas 208.900 cabezas\u2014, y representa un <strong>sustento importante para su econom\u00eda regional<\/strong>.<\/p>\n<\/div>\n<div class=\"sc-80531b6b-0 chRIGJ container-text text-embed\">\n<p><strong>Marisa Ramos<\/strong> lidera Puna 1397 SAS, una empresa familiar ubicada en la localidad de La Intermedia, en medio de la puna juje\u00f1a. \u201cNos dedicamos a la <strong>producci\u00f3n de llamas y corderos <\/strong>con el objetivo de desarrollar <strong>sistemas de producci\u00f3n eficientes y replicables<\/strong> que puedan ser adoptados por productores de la regi\u00f3n. Buscamos potenciar la <strong>comercializaci\u00f3n de carnes andinas de alta calidad y valor agregado<\/strong>\u201d, dice esta emprendedora de 36 a\u00f1os, que a fuerza de empuje logr\u00f3 imponerse en <strong>un ambiente dominado por hombres.<\/strong><\/p>\n<\/div>\n<div class=\"sc-80531b6b-0 chRIGJ container-text text-embed\">\n<p>Con foco en la producci\u00f3n c\u00e1rnica, los ganaderos locales fueron orient\u00e1ndose a criar <strong>animales del fenotipo Q\u00b4ara, en detrimento de otras razas de mayor pelaje empleadas para la obtenci\u00f3n de fibra<\/strong>. \u00bfCu\u00e1l es la diferencia con otras carnes como la vacuna, la porcina o la aviar? Seg\u00fan estudios, la de llama es<strong> m\u00e1s proteica y tiene un menor contenido de grasas y colesterol<\/strong>. Por estas caracter\u00edsticas y por su <strong>suave sabor,<\/strong> viene despertando el inter\u00e9s de <strong>consumidores que priorizan la salud y la calidad alimentaria<\/strong>.<\/p>\n<\/div>\n<div class=\"sc-198be8ec-0 cynXbu image-embed  image-embed \"><picture class=\"sc-198be8ec-1 kOjRiQ\"><source media=\"(min-width: 975px)\" width=\"720\" height=\"480\" \/><img alt=\"Una artesana de la Puna: el protagonismo femenino es creciente.\" loading=\"lazy\" width=\"720\" height=\"480\" decoding=\"async\" data-nimg=\"1\" style=\"color:transparent\" src=\"https:\/\/13.com.ar\/wp-content\/uploads\/2025\/03\/1741018468_741_La-produccion-bella-y-resiliente-de-la-Puna.jpg\"\/><span class=\"epigraphe\">Una artesana de la Puna: el protagonismo femenino es creciente.<\/span><span class=\"bkg\"\/><span class=\"picture-open\"><button class=\"open-image\" aria-label=\"Open Image\"\/><\/span><\/picture><\/div>\n<div class=\"sc-80531b6b-0 chRIGJ container-text text-embed\">\n<p>Seg\u00fan Ramos, el circuito de comercializaci\u00f3n de la carne de llama se est\u00e1 reactivando por la <strong>alta demanda en el sector tur\u00edstico<\/strong>, especialmente de restaurantes y hoteles que ofrecen platos gourmet muy apreciados por los visitantes de la Quebrada de Humahuaca y San Salvador de Jujuy. Incluso algunos <strong>restaurantes de la escena gastron\u00f3mica porte\u00f1a han empezado a incluir en sus cartas esta \u201ccarne ex\u00f3tica\u201d<\/strong>. \u201cLa llama es un animal muy noble y bondadoso, y eso se expresa en su carne. El pa\u00eds y el mundo deber\u00eda conocer m\u00e1s su sabor y sus propiedades\u201d, concluye la criadora de este animal de raigambre milenaria.<\/p>\n<\/div>\n<div class=\"sc-80531b6b-0 chRIGJ container-text text-embed\">\n<p>Bella, resiliente y productiva la puna argentina se ofrece como <strong>una regi\u00f3n fruct\u00edfera para proyectos e inversiones<\/strong> \u2014en muchos casos liderados por j\u00f3venes mujeres\u2014 con <strong>oportunidades de captar nichos de alta sofisticaci\u00f3n y rentabilidad<\/strong>.<\/p>\n<\/div>\n<\/div>\n<p><br \/>\n<br \/><a href=\"https:\/\/www.clarin.com\/rural\/produccion-bella-resiliente-puna_0_p9AlwbkFX5.html\">Fuente Clarin.com <\/a><\/p>\n","protected":false},"excerpt":{"rendered":"<p>De la puna catamarque\u00f1a a las pasarelas de Par\u00eds; de las altiplanicies juje\u00f1as a los platos gourmet. Los cam\u00e9lidos de altura \u2014sobre todo llamas y vicu\u00f1as\u2014 deslumbran no s\u00f3lo por la calidad de sus carnes y fibras; tambi\u00e9n por las tradiciones ancestrales de los pune\u00f1os que llevan consigo un valor muy apreciado por los mercados [&hellip;]<\/p>\n","protected":false},"author":1,"featured_media":9653,"comment_status":"open","ping_status":"open","sticky":false,"template":"","format":"standard","meta":{"footnotes":""},"categories":[2],"tags":[5376,3670,10478,10477],"class_list":["post-9652","post","type-post","status-publish","format-standard","has-post-thumbnail","hentry","category-ultimas-noticias","tag-bella","tag-produccion","tag-puna","tag-resiliente"],"_links":{"self":[{"href":"https:\/\/13.com.ar\/index.php\/wp-json\/wp\/v2\/posts\/9652","targetHints":{"allow":["GET"]}}],"collection":[{"href":"https:\/\/13.com.ar\/index.php\/wp-json\/wp\/v2\/posts"}],"about":[{"href":"https:\/\/13.com.ar\/index.php\/wp-json\/wp\/v2\/types\/post"}],"author":[{"embeddable":true,"href":"https:\/\/13.com.ar\/index.php\/wp-json\/wp\/v2\/users\/1"}],"replies":[{"embeddable":true,"href":"https:\/\/13.com.ar\/index.php\/wp-json\/wp\/v2\/comments?post=9652"}],"version-history":[{"count":0,"href":"https:\/\/13.com.ar\/index.php\/wp-json\/wp\/v2\/posts\/9652\/revisions"}],"wp:featuredmedia":[{"embeddable":true,"href":"https:\/\/13.com.ar\/index.php\/wp-json\/wp\/v2\/media\/9653"}],"wp:attachment":[{"href":"https:\/\/13.com.ar\/index.php\/wp-json\/wp\/v2\/media?parent=9652"}],"wp:term":[{"taxonomy":"category","embeddable":true,"href":"https:\/\/13.com.ar\/index.php\/wp-json\/wp\/v2\/categories?post=9652"},{"taxonomy":"post_tag","embeddable":true,"href":"https:\/\/13.com.ar\/index.php\/wp-json\/wp\/v2\/tags?post=9652"}],"curies":[{"name":"wp","href":"https:\/\/api.w.org\/{rel}","templated":true}]}}