{"id":9650,"date":"2025-03-03T13:11:28","date_gmt":"2025-03-03T16:11:28","guid":{"rendered":"https:\/\/13.com.ar\/index.php\/la-fifa-me-debia-ese-dinero-insiste-michel-platini-en-una-nueva-etapa-del-juicio-por-fraude-y-gestion-desleal-que-enfrenta-con-sepp-blatter\/"},"modified":"2025-03-03T13:11:28","modified_gmt":"2025-03-03T16:11:28","slug":"la-fifa-me-debia-ese-dinero-insiste-michel-platini-en-una-nueva-etapa-del-juicio-por-fraude-y-gestion-desleal-que-enfrenta-con-sepp-blatter","status":"publish","type":"post","link":"https:\/\/13.com.ar\/index.php\/la-fifa-me-debia-ese-dinero-insiste-michel-platini-en-una-nueva-etapa-del-juicio-por-fraude-y-gestion-desleal-que-enfrenta-con-sepp-blatter\/","title":{"rendered":"&#8220;La FIFA me deb\u00eda ese dinero&#8221;, insiste Michel Platini en una nueva etapa del juicio por &#8220;fraude&#8221; y &#8220;gesti\u00f3n desleal&#8221; que enfrenta con Sepp Blatter"},"content":{"rendered":"<p> <br \/>\n<br \/><img decoding=\"async\" src=\"https:\/\/13.com.ar\/wp-content\/uploads\/2025\/03\/La-FIFA-me-debia-ese-dinero-insiste-Michel-Platini-en.jpg\" \/><\/p>\n<div>\n<p><strong>&#8220;La FIFA me deb\u00eda ese dinero&#8221;<\/strong>, insisti\u00f3 este lunes el expresidente de la <strong>UEFA Michel Platini<\/strong> en el primer d\u00eda de su juicio en apelaci\u00f3n en Suiza por el caso de un pago sospechoso que acab\u00f3 con sus aspiraciones a la presidencia de la casa matriz del f\u00fatbol mundial en 2015.<\/p>\n<\/div>\n<div>\n<p>Absuelto en primera instancia en 2022, el franc\u00e9s de 69 a\u00f1os vuelve a ser juzgado junto a su expatr\u00f3n de la FIFA <strong>Sepp Blatter<\/strong> por &#8220;fraude&#8221;, &#8220;gesti\u00f3n desleal&#8221;, &#8220;abuso de confianza&#8221; y &#8220;falsedad documental&#8221; por el Tribunal de Apelaci\u00f3n extraordinario del Tribunal Penal Federal reunido en Muttenz, cerca de Basilea.<\/p>\n<\/div>\n<div>\n<p>&#8220;Sigo sin entender por qu\u00e9 la fiscal\u00eda se ensa\u00f1a conmigo&#8221;, lanz\u00f3 el tres veces ganador del Bal\u00f3n de Oro en el inicio de su audiencia, repitiendo haber ayudado al suizo a hacerse con la presidencia de la FIFA en 1998 antes de convertirse en su consejero hasta 2002.<\/p>\n<\/div>\n<div>\n<p><strong>&#8220;Sorprendido&#8221;<\/strong> cuando Sepp Blatter le pregunt\u00f3 por sus pretensiones salariales,<strong> &#8220;como yo no conoc\u00eda nada de ese mundo, del mundo de la FIFA, dije al azar &#8216;un mill\u00f3n'&#8221;<\/strong>, explic\u00f3 Platini, ahora sin actividad profesional y retirado en Cassis, cerca de Marsella.<\/p>\n<\/div>\n<div>\n<p>&#13;<br \/>\n &#8220;\u00c9l me pregunt\u00f3 &#8216;un mill\u00f3n de qu\u00e9&#8217; y quise bromear y dije &#8216;un mill\u00f3n de lo que tu quieras: rublos, pesetas, liras&#8217;. Y Blatter dijo &#8216;un mill\u00f3n de francos suizos'&#8221;, continu\u00f3 el que fuera capit\u00e1n de la selecci\u00f3n francesa y m\u00e1ximo dirigente del f\u00fatbol europeo de 2007 a 2015.<\/p>\n<\/div>\n<div>\n<p>A mediados de 1999, cuando Platini ya ejerc\u00eda de consejero de Blatter &#8220;sin contrato ni remuneraci\u00f3n&#8221;, el suizo le habr\u00eda dicho: &#8220;No puedo pagarte un mill\u00f3n, no tengo dinero&#8221;, y los dos hombres habr\u00edan convenido entonces a un acuerdo escrito por<strong> 300.000 francos suizos al a\u00f1o <\/strong>(332.070 d\u00f3lares al cambio actual), pagados \u00edntegramente al franc\u00e9s.<\/p>\n<\/div>\n<div>\n<p>&#8220;Me dijo: &#8216;Te dar\u00e9 lo que queda m\u00e1s tarde, cuando tendremos el dinero en la FIFA'&#8221;, continu\u00f3 <strong>Platini, quien present\u00f3 en enero de 2011 una factura de 2 millones de francos suizos a la instituci\u00f3n del f\u00fatbol<\/strong>, considerada por la fiscal\u00eda de &#8220;factura falsa&#8221; destinada a defraudar a la organizaci\u00f3n.<\/p>\n<\/div>\n<div>\n<p>&#13;<br \/>\n \u00bfHabr\u00eda presentado Platini esa petici\u00f3n si Blatter hubiera abandonado la direcci\u00f3n de la FIFA? &#8220;Absolutamente&#8221;, respondi\u00f3 el franc\u00e9s. <\/p>\n<\/div>\n<div>\n<p>&#13;<br \/>\n &#8220;Y si la FIFA no me hubiera querido pagar, habr\u00eda acudido a la justicia: un contrato es un contrato, la palabra es la palabra. La FIFA me deb\u00eda ese dinero y habr\u00eda hecho todo por recuperarlo&#8221;.<\/p>\n<\/div>\n<p><br \/>\n<br \/><a href=\"https:\/\/www.clarin.com\/deportes\/fifa-debia-dinero-insiste-michel-platini-nueva-etapa-juicio-fraude-gestion-desleal-enfrenta-sepp-blatter_0_3nSjCuXJ3l.html\">Fuente Clarin.com <\/a><\/p>\n","protected":false},"excerpt":{"rendered":"<p>&#8220;La FIFA me deb\u00eda ese dinero&#8221;, insisti\u00f3 este lunes el expresidente de la UEFA Michel Platini en el primer d\u00eda de su juicio en apelaci\u00f3n en Suiza por el caso de un pago sospechoso que acab\u00f3 con sus aspiraciones a la presidencia de la casa matriz del f\u00fatbol mundial en 2015. Absuelto en primera instancia [&hellip;]<\/p>\n","protected":false},"author":1,"featured_media":9651,"comment_status":"open","ping_status":"open","sticky":false,"template":"","format":"standard","meta":{"footnotes":""},"categories":[2],"tags":[10476,18,9881,100,10474,446,3110,2464,5957,5982,6090,2788,1319,1246,9788,19,10473,142,10475,73],"class_list":["post-9650","post","type-post","status-publish","format-standard","has-post-thumbnail","hentry","category-ultimas-noticias","tag-blatter","tag-con","tag-debia","tag-del","tag-desleal","tag-dinero","tag-enfrenta","tag-ese","tag-etapa","tag-fifa","tag-fraude","tag-gestion","tag-insiste","tag-juicio","tag-michel","tag-nueva","tag-platini","tag-por","tag-sepp","tag-una"],"_links":{"self":[{"href":"https:\/\/13.com.ar\/index.php\/wp-json\/wp\/v2\/posts\/9650","targetHints":{"allow":["GET"]}}],"collection":[{"href":"https:\/\/13.com.ar\/index.php\/wp-json\/wp\/v2\/posts"}],"about":[{"href":"https:\/\/13.com.ar\/index.php\/wp-json\/wp\/v2\/types\/post"}],"author":[{"embeddable":true,"href":"https:\/\/13.com.ar\/index.php\/wp-json\/wp\/v2\/users\/1"}],"replies":[{"embeddable":true,"href":"https:\/\/13.com.ar\/index.php\/wp-json\/wp\/v2\/comments?post=9650"}],"version-history":[{"count":0,"href":"https:\/\/13.com.ar\/index.php\/wp-json\/wp\/v2\/posts\/9650\/revisions"}],"wp:featuredmedia":[{"embeddable":true,"href":"https:\/\/13.com.ar\/index.php\/wp-json\/wp\/v2\/media\/9651"}],"wp:attachment":[{"href":"https:\/\/13.com.ar\/index.php\/wp-json\/wp\/v2\/media?parent=9650"}],"wp:term":[{"taxonomy":"category","embeddable":true,"href":"https:\/\/13.com.ar\/index.php\/wp-json\/wp\/v2\/categories?post=9650"},{"taxonomy":"post_tag","embeddable":true,"href":"https:\/\/13.com.ar\/index.php\/wp-json\/wp\/v2\/tags?post=9650"}],"curies":[{"name":"wp","href":"https:\/\/api.w.org\/{rel}","templated":true}]}}