{"id":9648,"date":"2025-03-03T13:02:13","date_gmt":"2025-03-03T16:02:13","guid":{"rendered":"https:\/\/13.com.ar\/index.php\/el-taller-sala-teatral-en-belgrano\/"},"modified":"2025-03-03T13:02:13","modified_gmt":"2025-03-03T16:02:13","slug":"el-taller-sala-teatral-en-belgrano","status":"publish","type":"post","link":"https:\/\/13.com.ar\/index.php\/el-taller-sala-teatral-en-belgrano\/","title":{"rendered":"El Taller: sala teatral en Belgrano"},"content":{"rendered":"<p> <br \/>\n<br \/><img decoding=\"async\" src=\"https:\/\/13.com.ar\/wp-content\/uploads\/2025\/03\/El-Taller-sala-teatral-en-Belgrano.jpg\" \/><\/p>\n<div>\n<p>El proyecto est\u00e1 ubicado sobre la avenida Monroe, en Belgrano, en un terreno de 35 metros de frente que se conecta con el pasaje M\u00fanich. El programa es una <strong>sala teatral para 400 espectadores<\/strong>, con sala de ensayos, aulas de capacitaci\u00f3n, taller de escenograf\u00eda, estacionamiento para carga y descarga y servicios complementarios.<\/p>\n<\/div>\n<div>\n<p>Por las caracter\u00edsticas del terreno, la sala se ubica elevada y se crea en planta baja un <strong>lobby para exposiciones y eventos<\/strong> conectado a ambos frentes. Desde este espacio se accede al primer nivel donde se ubica el control de ingreso del p\u00fablico.<\/p>\n<\/div>\n<div>\n<p>La planta se organiza en dos barras principales: en una se resuelve toda la parte<strong> t\u00e9cnica <\/strong>del teatro y en la otra, m\u00e1s abierta, se desarrolla el programa m\u00e1s flexible, las<strong> circulaciones<\/strong> verticales y las pasarelas elevadas que rematan en una gran lucarna.<\/p>\n<\/div>\n<div>\n<p>Sobre av. Monroe se propone un p\u00f3rtico en triple altura y una <strong>plaza de acceso<\/strong> semicubierta previa a la entrada al interior.<\/p>\n<\/div>\n<div>\n<p>La materialidad est\u00e1 ligada con la <strong>organizaci\u00f3n del espacio<\/strong> y refleja la actividad que se lleva a cabo en el interior. Para la barra \u201ccompacta\u201d se utiliza hormig\u00f3n y mamposter\u00eda. <\/p>\n<\/div>\n<div>\n<p>La otra barra es m\u00e1s transparente en contraste con la barra opaca. El espacio que se crea entre ambas se materializa con pa\u00f1os de vidrio que permiten ver desde el exterior la <strong>sala iluminada como protagonista<\/strong>.<\/p>\n<\/div>\n<div>\n<p>El proyecto es el resultado de un estudio minucioso del programa t\u00e9cnico, de las circulaciones y de la espacialidad. La intenci\u00f3n es generar un recorrido y una <strong>experiencia sensorial<\/strong> que permita que para el espectador la funci\u00f3n empiece al momento de entrar al edificio.<\/p>\n<\/div>\n<div>\n<p>El curso de Arquitectura 3 de Plan B abarca desde el croquis preliminar al proyecto. La primera parte la consigna es<strong> estudiar un programa<\/strong>.<\/p>\n<\/div>\n<div>\n<p>Hay proyectos que tienen requerimientos espec\u00edficos que hay que estudiar y analizar antes de comenzar su dise\u00f1o. El caso del teatro es uno de ellos. <\/p>\n<\/div>\n<div>\n<p>Para poder proyectarlo se necesitan<strong> datos precisos<\/strong> sobre los accesos y medios de salida, las t\u00e9cnicas esc\u00e9nicas, la ac\u00fastica y la is\u00f3ptica que garantice la buena visibilidad, entre muchos otros elementos que componen este programa.<\/p>\n<\/div>\n<div>\n<p>Con esta premisa proponemos consolidar el h\u00e1bito de buscar informaci\u00f3n y estudiar los aspectos que impactan en un proyecto para obtener resultados efectivos y conocer como interactuar con<strong> asesores y especialistas<\/strong> de otras disciplinas.<\/p>\n<\/div>\n<div>\n<p>En una segunda etapa, sincronizados con la asignatura Materializaci\u00f3n de Proyectos nos proponemos conocer y experimentar la real tarea de proyecto, que exige el ajuste y la definici\u00f3n de las partes que no pueden ser definidas en la etapa anterior de anteproyecto. <\/p>\n<\/div>\n<div>\n<p>Esto nos introduce en un nivel de dise\u00f1o del detalle que dif\u00edcilmente se aborda en el \u00e1mbito acad\u00e9mico, pero que aporta un conocimiento imprescindible para el ejercicio profesional.<\/p>\n<\/div>\n<div>\n<p><strong>Alumna.<\/strong> Malena Paz Villafa\u00f1e <strong>Materia.<\/strong> Arquitectura 2 <strong>C\u00e1tedra. <\/strong>Plan B (titular Arq. Mario Boscoboinik) FADU UBA<strong> JTP. <\/strong>Arq. Cristian Grasso <strong>Ayudante. <\/strong>Arq. Josu\u00e9 Gonz\u00e1lez.<\/p>\n<\/div>\n<p><br \/>\n<br \/><a href=\"https:\/\/www.clarin.com\/arq\/taller-sala-teatral-belgrano_0_YntM0nAMET.html\">Fuente Clarin.com <\/a><\/p>\n","protected":false},"excerpt":{"rendered":"<p>El proyecto est\u00e1 ubicado sobre la avenida Monroe, en Belgrano, en un terreno de 35 metros de frente que se conecta con el pasaje M\u00fanich. El programa es una sala teatral para 400 espectadores, con sala de ensayos, aulas de capacitaci\u00f3n, taller de escenograf\u00eda, estacionamiento para carga y descarga y servicios complementarios. Por las caracter\u00edsticas [&hellip;]<\/p>\n","protected":false},"author":1,"featured_media":9649,"comment_status":"open","ping_status":"open","sticky":false,"template":"","format":"standard","meta":{"footnotes":""},"categories":[2],"tags":[2147,20,7915,9442],"class_list":["post-9648","post","type-post","status-publish","format-standard","has-post-thumbnail","hentry","category-ultimas-noticias","tag-belgrano","tag-sala","tag-taller","tag-teatral"],"_links":{"self":[{"href":"https:\/\/13.com.ar\/index.php\/wp-json\/wp\/v2\/posts\/9648","targetHints":{"allow":["GET"]}}],"collection":[{"href":"https:\/\/13.com.ar\/index.php\/wp-json\/wp\/v2\/posts"}],"about":[{"href":"https:\/\/13.com.ar\/index.php\/wp-json\/wp\/v2\/types\/post"}],"author":[{"embeddable":true,"href":"https:\/\/13.com.ar\/index.php\/wp-json\/wp\/v2\/users\/1"}],"replies":[{"embeddable":true,"href":"https:\/\/13.com.ar\/index.php\/wp-json\/wp\/v2\/comments?post=9648"}],"version-history":[{"count":0,"href":"https:\/\/13.com.ar\/index.php\/wp-json\/wp\/v2\/posts\/9648\/revisions"}],"wp:featuredmedia":[{"embeddable":true,"href":"https:\/\/13.com.ar\/index.php\/wp-json\/wp\/v2\/media\/9649"}],"wp:attachment":[{"href":"https:\/\/13.com.ar\/index.php\/wp-json\/wp\/v2\/media?parent=9648"}],"wp:term":[{"taxonomy":"category","embeddable":true,"href":"https:\/\/13.com.ar\/index.php\/wp-json\/wp\/v2\/categories?post=9648"},{"taxonomy":"post_tag","embeddable":true,"href":"https:\/\/13.com.ar\/index.php\/wp-json\/wp\/v2\/tags?post=9648"}],"curies":[{"name":"wp","href":"https:\/\/api.w.org\/{rel}","templated":true}]}}