{"id":9642,"date":"2025-03-03T12:49:48","date_gmt":"2025-03-03T15:49:48","guid":{"rendered":"https:\/\/13.com.ar\/index.php\/me-amenazo-el-hombre-mas-poderoso-de-la-argentina-vino-con-una-patota\/"},"modified":"2025-03-03T12:49:48","modified_gmt":"2025-03-03T15:49:48","slug":"me-amenazo-el-hombre-mas-poderoso-de-la-argentina-vino-con-una-patota","status":"publish","type":"post","link":"https:\/\/13.com.ar\/index.php\/me-amenazo-el-hombre-mas-poderoso-de-la-argentina-vino-con-una-patota\/","title":{"rendered":"Me amenaz\u00f3 el hombre m\u00e1s poderoso de la Argentina, vino con una patota"},"content":{"rendered":"<p> <br \/>\n<br \/><img decoding=\"async\" src=\"https:\/\/13.com.ar\/wp-content\/uploads\/2025\/03\/Me-amenazo-el-hombre-mas-poderoso-de-la-Argentina-vino.jpg\" \/><\/p>\n<div>\n<p><strong>Facundo Manes<\/strong> brind\u00f3 una extensa entrevista televisiva este lunes, luego del esc\u00e1ndalo con Santiago Caputo tras el discurso del presidente Javier Milei en la Asamblea Legislativa. El diputado ratific\u00f3 todo lo que cont\u00f3 en redes sociales poco despu\u00e9s del cara a cara con el asesor presidencial. <strong>&#8220;El hombre m\u00e1s poderoso de la Argentina me amenaz\u00f3&#8221;<\/strong>, afirm\u00f3. Y agreg\u00f3: &#8220;Vino con una patota&#8221;.<\/p>\n<\/div>\n<div>\n<p>Manes expres\u00f3 su preocupaci\u00f3n por el manejo del asesor presidencial de los servicios de inteligencia, la AFIP y los trolls en las redes sociales.<\/p>\n<\/div>\n<div>\n<p>&#8220;Me amenaza la persona con m\u00e1s poder que el Presidente, me dice que lo voy a escuchar, y otras cosas que voy a contar en la denuncia&#8221;, dijo en A24, en referencia a la presentaci\u00f3n judicial que realizar\u00e1 el mi\u00e9rcoles.<\/p>\n<\/div>\n<div>\n<p>Tambi\u00e9n se refiri\u00f3 a los dichos del asesor presidencial.  &#8220;Me dijo b\u00e1sicamente que me va a tirar todo el Estado encima, me dijo que lo iba a a escuchar, que yo no estoy limpio. Me dijo eso: &#8216;Vos no pod\u00e9s hacer eso que hiciste, porque para hacerlo vos ten\u00e9s que estar limpio&#8217;. Yo le respond\u00ed que estoy limpio&#8221;, profundiz\u00f3 Manes.<\/p>\n<\/div>\n<div>\n<p>Adem\u00e1s, reiter\u00f3 que fue golpeado en el cara a cara con Santiago Caputo, cuando baj\u00f3 directamente a increparlo. <\/p>\n<\/div>\n<div>\n<p>&#8220;Si le pasa a un dipuntado de la naci\u00f3n, esto le puede pasar a un periodista honesto que investiga al poder, a un polic\u00eda honoesto quiere desarmar a la polic\u00eda orrupta, si a un diputado con la Asamblea Legislativa, con las c\u00e1maras, lo amenazan y le pegan&#8221;, reiter\u00f3.<\/p>\n<\/div>\n<div>\n<p>El legislador de Democracia Para Sirmpre realiz\u00f3 un relat\u00f3 detallado de todo lo ocurrido en el Congreso, tras la apertura de sesiones por parte del mandatario. <\/p>\n<\/div>\n<div>\n<p>Manes habl\u00f3 de un clima &#8220;h\u00f3stil&#8221; en el recinto a partir de la ausencia del peronismo, del kirchnerismo y con la presencia de diputados libertarios y otros &#8220;colabioracionistas&#8221; con el oficialismo, y &#8220;las gradas llenas de funcionarios, libertarios j\u00f3venes, trolleros, como en la \u00e9poca k&#8221;.<\/p>\n<\/div>\n<div>\n<p>Luego cont\u00f3 que cuando Milei habl\u00f3 de la Justicia le pregunt\u00f3 respecto al esc\u00e1ndalo de las criptomonedas y que le mostr\u00f3 la Constituci\u00f3n Nacional por la designaci\u00f3n por decreto de Manuel Garc\u00eda-Mansilla y Ariel Lijo para integrar la Corte Suprema de Justicia. <\/p>\n<\/div>\n<div>\n<p>All\u00ed fue cuando advirti\u00f3 que Santiago Caputo le comenz\u00f3 a gritar &#8220;desaforado&#8221; desde donde estaba y que se comenzaron a mirar.<\/p>\n<\/div>\n<p><br \/>\n<br \/><a href=\"https:\/\/www.clarin.com\/politica\/facundo-manes-conto-detalle-cara-cara-santiago-caputo-amenazo-hombre-poderoso-argentina-vino-patota_0_MuIxx4OckZ.html\">Fuente Clarin.com <\/a><\/p>\n","protected":false},"excerpt":{"rendered":"<p>Facundo Manes brind\u00f3 una extensa entrevista televisiva este lunes, luego del esc\u00e1ndalo con Santiago Caputo tras el discurso del presidente Javier Milei en la Asamblea Legislativa. El diputado ratific\u00f3 todo lo que cont\u00f3 en redes sociales poco despu\u00e9s del cara a cara con el asesor presidencial. &#8220;El hombre m\u00e1s poderoso de la Argentina me amenaz\u00f3&#8221;, [&hellip;]<\/p>\n","protected":false},"author":1,"featured_media":9643,"comment_status":"open","ping_status":"open","sticky":false,"template":"","format":"standard","meta":{"footnotes":""},"categories":[2],"tags":[6029,288,18,532,155,10468,6347,73,6145],"class_list":["post-9642","post","type-post","status-publish","format-standard","has-post-thumbnail","hentry","category-ultimas-noticias","tag-amenazo","tag-argentina","tag-con","tag-hombre","tag-mas","tag-patota","tag-poderoso","tag-una","tag-vino"],"_links":{"self":[{"href":"https:\/\/13.com.ar\/index.php\/wp-json\/wp\/v2\/posts\/9642","targetHints":{"allow":["GET"]}}],"collection":[{"href":"https:\/\/13.com.ar\/index.php\/wp-json\/wp\/v2\/posts"}],"about":[{"href":"https:\/\/13.com.ar\/index.php\/wp-json\/wp\/v2\/types\/post"}],"author":[{"embeddable":true,"href":"https:\/\/13.com.ar\/index.php\/wp-json\/wp\/v2\/users\/1"}],"replies":[{"embeddable":true,"href":"https:\/\/13.com.ar\/index.php\/wp-json\/wp\/v2\/comments?post=9642"}],"version-history":[{"count":0,"href":"https:\/\/13.com.ar\/index.php\/wp-json\/wp\/v2\/posts\/9642\/revisions"}],"wp:featuredmedia":[{"embeddable":true,"href":"https:\/\/13.com.ar\/index.php\/wp-json\/wp\/v2\/media\/9643"}],"wp:attachment":[{"href":"https:\/\/13.com.ar\/index.php\/wp-json\/wp\/v2\/media?parent=9642"}],"wp:term":[{"taxonomy":"category","embeddable":true,"href":"https:\/\/13.com.ar\/index.php\/wp-json\/wp\/v2\/categories?post=9642"},{"taxonomy":"post_tag","embeddable":true,"href":"https:\/\/13.com.ar\/index.php\/wp-json\/wp\/v2\/tags?post=9642"}],"curies":[{"name":"wp","href":"https:\/\/api.w.org\/{rel}","templated":true}]}}