{"id":9640,"date":"2025-03-03T12:40:30","date_gmt":"2025-03-03T15:40:30","guid":{"rendered":"https:\/\/13.com.ar\/index.php\/falcioni-pica-en-punta-para-reemplazar-a-dominguez-pero-no-llegaria-solo-y-tevez-tambien-esta-en-la-mira\/"},"modified":"2025-03-03T12:40:30","modified_gmt":"2025-03-03T15:40:30","slug":"falcioni-pica-en-punta-para-reemplazar-a-dominguez-pero-no-llegaria-solo-y-tevez-tambien-esta-en-la-mira","status":"publish","type":"post","link":"https:\/\/13.com.ar\/index.php\/falcioni-pica-en-punta-para-reemplazar-a-dominguez-pero-no-llegaria-solo-y-tevez-tambien-esta-en-la-mira\/","title":{"rendered":"Falcioni pica en punta para reemplazar a Dom\u00ednguez pero no llegar\u00eda solo y Tevez tambi\u00e9n est\u00e1 en la mira"},"content":{"rendered":"<p> <br \/>\n<\/p>\n<div id=\"cuerpo\">\n<div class=\"sc-80531b6b-0 chRIGJ container-text text-embed\">\n<p>La dirigencia de <strong>V\u00e9lez <\/strong>define por estas horas al reemplazante de <strong>Sebasti\u00e1n Dom\u00ednguez<\/strong>, tras el p\u00e9simo arranque de temporada. Los nombres que est\u00e1n analizando en primer lugar son el de <strong>Julio C\u00e9sar Falcioni<\/strong>, hombre de la casa, y el de <strong>Carlos Tevez<\/strong>, cuyo representante es <strong>Cristian Bragarnik<\/strong>, con llegada a la Comisi\u00f3n Directiva del club. De los dos, tiene ventaja el <em>Emperador<\/em>, que no llegar\u00eda solo ni con el cargo directo de entrenador: podr\u00eda ser un director de f\u00fatbol y en el banco estar\u00eda <strong>Sebasti\u00e1n M\u00e9ndez<\/strong>, quien salv\u00f3 del descenso al equipo en 2023.<\/p>\n<\/div>\n<div class=\"sc-80531b6b-0 chRIGJ container-text text-embed\">\n<p>La mesa chica que toma las decisiones (<strong>Fabi\u00e1n Berlanga<\/strong>, <strong>Augusto Costa<\/strong> -distanciados desde casi el arranque de la gesti\u00f3n-, <strong>Sebasti\u00e1n Paint<\/strong> y <strong>Ricardo \u00c1lvarez<\/strong>) en el vigente campe\u00f3n del f\u00fatbol argentino sabe que no tiene margen de error. Ya se equivocaron en estos dos meses y medio, con la elecci\u00f3n del entrenador, con el mercado de pases y tambi\u00e9n con la frustrada salida de <strong>Valent\u00edn G\u00f3mez<\/strong>. <\/p>\n<\/div>\n<div class=\"sc-80531b6b-0 chRIGJ container-text text-embed\">\n<p>Si bien tienen por delante la disputa de la <strong>Copa Libertadores<\/strong>, la gente ayer se expres\u00f3 en el Jos\u00e9 Amalfitani tras la derrota con Hurac\u00e1n: hay que sumar puntos para no sufrir como en 2023. Los silbidos, el <em>\u201cque se vayan todos\u201d<\/em>, el <em>\u201cjugadores a ver si ponen huevos\u201d<\/em>, y <em>\u201cla comisi\u00f3n se va a la \u2026\u201d<\/em> resultaron gritos desesperados con un solo fin: hay que enderezar el rumbo.<\/p>\n<\/div>\n<div class=\"sc-80531b6b-0 chRIGJ container-text text-embed\">\n<p>Falcioni se inici\u00f3 como t\u00e9cnico en el club hace casi 30 a\u00f1os. Tiene 68 a\u00f1os, en 2017 le detectaron un c\u00e1ncer de laringe que super\u00f3 luego de varios tratamientos. Su \u00faltimo trabajo fue en Banfield, entre 2023 y 2024, y se alej\u00f3 tras la quinta fecha de la Liga luego de 43 partidos, de los que gan\u00f3 15 y perdi\u00f3 16. En las \u00faltimas apariciones se lo vio disfrutando con su nieto el t\u00edtulo del a\u00f1o pasado. Es un hombre de f\u00fatbol y le encantar\u00eda dar una mano en este momento complicado.<\/p>\n<\/div>\n<div class=\"sc-80531b6b-0 chRIGJ container-text text-embed\">\n<p>Por una cuesti\u00f3n generacional, m\u00e1s all\u00e1 del cuerpo t\u00e9cnico con el que trabaj\u00f3 en Banfield (los ayudantes de campo Omar Piccoli y Julio Barraza; los preparadores f\u00edsicos Gustavo Otero, Rodrigo Castellano y Kenshi Piccoli y el entrenador de arqueros C\u00e9sar Vel\u00e1zquez), se est\u00e1 estudiando incorporar como t\u00e9cnico principal, bajo su tutela, al <em>Gallego <\/em>M\u00e9ndez. Claro que ac\u00e1 habr\u00e1 que limar asperezas, ya que el ex defensor no renov\u00f3 contrato apenas asumi\u00f3 la nueva dirigencia, que luego contrat\u00f3 a Gustavo Quinteros.<\/p>\n<\/div>\n<div class=\"sc-80531b6b-0 chRIGJ container-text text-embed\">\n<p>Los primeros partidos de Falcioni en V\u00e9lez fueron como interino, uno en 1997 y tres en 1998. Luego, fue contratado como principal a partir de junio de 1999 y se mantuvo hasta septiembre de 2000. Posteriormente, continu\u00f3 su carrera como entrenador en Olimpo Banfield (cinco etapas), Col\u00f3n, Gimnasia, Boca, Independiente (tres etapas), All Boys, Universidad Cat\u00f3lica y Quilmes. Fue campe\u00f3n con Banfield del Apertura 2009 y con Boca del Apertura 2011 y la Copa Argentina 2011\/12. Sus equipos tienen una caracter\u00edstica: no brillan, pero son s\u00f3lidos de atr\u00e1s hacia adelante. Prioriza el orden defensivo y trata de ser protagonista, en funci\u00f3n del nivel de jugadores que tiene.<\/p>\n<\/div>\n<div class=\"sc-198be8ec-0 cynXbu image-embed  image-embed \"><picture class=\"sc-198be8ec-1 kOjRiQ\"><source media=\"(min-width: 975px)\" width=\"720\" height=\"480\" \/><img alt=\"Sebasti\u00e1n Dom\u00ednguez y un ciclo que dur\u00f3 nueve partidos. Foto: Fotobaires\" loading=\"lazy\" width=\"720\" height=\"480\" decoding=\"async\" data-nimg=\"1\" style=\"color:transparent\" src=\"https:\/\/13.com.ar\/wp-content\/uploads\/2025\/03\/Falcioni-pica-en-punta-para-reemplazar-a-Dominguez-pero-no.jpg\"\/><span class=\"epigraphe\">Sebasti\u00e1n Dom\u00ednguez y un ciclo que dur\u00f3 nueve partidos. Foto: Fotobaires<\/span><span class=\"bkg\"\/><span class=\"picture-open\"><button class=\"open-image\" aria-label=\"Open Image\"\/><\/span><\/picture><\/div>\n<div class=\"sc-80531b6b-0 chRIGJ container-text text-embed\">\n<p>M\u00e9ndez lleg\u00f3 en junio de 2023, sobre el final del torneo de la Liga, con el objetivo claro de salvar a V\u00e9lez del descenso en la Copa de la Liga. Y lo logr\u00f3 tras 21 partidos, con 8 triunfos, 8 empates y 5 derrotas. Su \u00faltimo encuentro fue el d\u00eda del desahogo, ante Col\u00f3n (3-1) el 25 de noviembre de 2023. Fue un equipo puro coraz\u00f3n, que cont\u00f3 con la llegada de <strong>Claudio Aquino<\/strong>, que le rindi\u00f3 como pocos refuerzos en los \u00faltimos a\u00f1os desde el vamos.<\/p>\n<\/div>\n<div class=\"sc-80531b6b-0 chRIGJ container-text text-embed\">\n<p>La segunda opci\u00f3n es <strong>Tevez<\/strong>, quien es representado por Bragarnik, que tiene tres jugadores en el actual plantel: <strong>Tom\u00e1s Marchiori<\/strong>, <strong>Francisco Pizzini<\/strong> y<strong> El\u00edas G\u00f3mez<\/strong>. De los tres, el arquero es el \u00fanico que mantiene un buen nivel, los otros dos empezaron a ser cuestionados por los hinchas. El <em>Apache <\/em>dirigi\u00f3 a Rosario Central en 2022 sin demasiado \u00e9xito y a Independiente en 2023-24 y, c\u00f3mo M\u00e9ndez en V\u00e9lez, tuvo un buen arranque en el <em>Rojo <\/em>y lo salv\u00f3 del descenso en 2023. Complet\u00f3 una buena estad\u00edstica en el equipo de Avellaneda, con 14 triunfos sobre 32 partidos y apenas 6 derrotas, pero no convenci\u00f3 con su juego al paladar negro de los hinchas del club.<\/p>\n<\/div>\n<div class=\"sc-80531b6b-0 chRIGJ container-text text-embed\">\n<p><strong>\u00bfPuede haber tapados? <\/strong>Hay quienes piensan en el regreso de <strong>Gabriel Heinze<\/strong> o en <strong>Gabriel Milito<\/strong> (ya rechaz\u00f3 una oferta en diciembre de 2023 y por eso despu\u00e9s fueron por Quinteros), pero no solo sacar puntos sino que el equipo vuelva a tener una identidad de juego, como no la encontr\u00f3 con Sebasti\u00e1n Dom\u00ednguez. Pero son t\u00e9cnicos caros y las arcas del club (ante la frustrada venta de Valent\u00edn G\u00f3mez) no parecen estar para grandes erogaciones.<\/p>\n<\/div>\n<div class=\"sc-198be8ec-0 cynXbu image-embed  image-embed \"><picture class=\"sc-198be8ec-1 kOjRiQ\"><source media=\"(min-width: 975px)\" width=\"720\" height=\"480\" \/><img alt=\"Heinze, un sue\u00f1o complicado. Foto: EFE\" loading=\"lazy\" width=\"720\" height=\"480\" decoding=\"async\" data-nimg=\"1\" style=\"color:transparent\" src=\"https:\/\/13.com.ar\/wp-content\/uploads\/2025\/03\/1741016430_305_Falcioni-pica-en-punta-para-reemplazar-a-Dominguez-pero-no.jpg\"\/><span class=\"epigraphe\">Heinze, un sue\u00f1o complicado. Foto: EFE<\/span><span class=\"bkg\"\/><span class=\"picture-open\"><button class=\"open-image\" aria-label=\"Open Image\"\/><\/span><\/picture><\/div>\n<div class=\"sc-80531b6b-0 chRIGJ container-text text-embed\">\n<p>Lo cierto es que por ahora van a dirigir la Primera la dupla integrada por <strong>Santiago Vergini<\/strong>, t\u00e9cnico de la Novena que lleg\u00f3 de la mano de Pait, y <strong>Jos\u00e9 Grieco<\/strong>, encargado del \u00e1rea de metodolog\u00eda, tambi\u00e9n vinculado al regreso de Pait, como Director de F\u00fatbol en 2023. Antes hab\u00eda estado en la coordinaci\u00f3n de las divisiones inferiores, con \u00e9xitos. Tambi\u00e9n cosech\u00f3 buenos resultados en su primer a\u00f1o de gesti\u00f3n en mayores, 2024, pero ahora es uno de los m\u00e1s cuestionados por sus decisiones por los hinchas y gran parte de la prensa partidaria.<\/p>\n<\/div>\n<div class=\"sc-80531b6b-0 chRIGJ container-text text-embed\">\n<p>Una de la razones es la falta de chances que le est\u00e1n dando a <strong>Marcelo Bravo,<\/strong> el entrenador de la exitosa Reserva, campeona y protagonista de los torneos de 2023. El ex volante, que se retir\u00f3 a los 20 a\u00f1os por un una miocardiopat\u00eda hipertr\u00f3fica que pod\u00eda derivar en una muerte s\u00fabita, ya fue varias veces interino en los cambios de entrenadores. Pero este 2025 estuvo cerca de no seguir y reci\u00e9n renov\u00f3 su contrato, hasta fin de a\u00f1o, el 27 de enero pasado. Sin embargo, esta vez no ser\u00e1 interino.<strong> Un s\u00edntoma m\u00e1s de que algo no anda bien en V\u00e9lez y no tiene que ver s\u00f3lo con los resultados.<\/strong><\/p>\n<\/div>\n<\/div>\n<p><br \/>\n<br \/><a href=\"https:\/\/www.clarin.com\/deportes\/crisis-velez-falcioni-pica-punta-reemplazar-dominguez-llegaria-solo-tevez-mira_0_e2QAAZpnvc.html\">Fuente Clarin.com <\/a><\/p>\n","protected":false},"excerpt":{"rendered":"<p>La dirigencia de V\u00e9lez define por estas horas al reemplazante de Sebasti\u00e1n Dom\u00ednguez, tras el p\u00e9simo arranque de temporada. Los nombres que est\u00e1n analizando en primer lugar son el de Julio C\u00e9sar Falcioni, hombre de la casa, y el de Carlos Tevez, cuyo representante es Cristian Bragarnik, con llegada a la Comisi\u00f3n Directiva del club. [&hellip;]<\/p>\n","protected":false},"author":1,"featured_media":9641,"comment_status":"open","ping_status":"open","sticky":false,"template":"","format":"standard","meta":{"footnotes":""},"categories":[2],"tags":[938,300,10465,10467,951,16,265,10466,922,6752,166,440,8086],"class_list":["post-9640","post","type-post","status-publish","format-standard","has-post-thumbnail","hentry","category-ultimas-noticias","tag-dominguez","tag-esta","tag-falcioni","tag-llegaria","tag-mira","tag-para","tag-pero","tag-pica","tag-punta","tag-reemplazar","tag-solo","tag-tambien","tag-tevez"],"_links":{"self":[{"href":"https:\/\/13.com.ar\/index.php\/wp-json\/wp\/v2\/posts\/9640","targetHints":{"allow":["GET"]}}],"collection":[{"href":"https:\/\/13.com.ar\/index.php\/wp-json\/wp\/v2\/posts"}],"about":[{"href":"https:\/\/13.com.ar\/index.php\/wp-json\/wp\/v2\/types\/post"}],"author":[{"embeddable":true,"href":"https:\/\/13.com.ar\/index.php\/wp-json\/wp\/v2\/users\/1"}],"replies":[{"embeddable":true,"href":"https:\/\/13.com.ar\/index.php\/wp-json\/wp\/v2\/comments?post=9640"}],"version-history":[{"count":0,"href":"https:\/\/13.com.ar\/index.php\/wp-json\/wp\/v2\/posts\/9640\/revisions"}],"wp:featuredmedia":[{"embeddable":true,"href":"https:\/\/13.com.ar\/index.php\/wp-json\/wp\/v2\/media\/9641"}],"wp:attachment":[{"href":"https:\/\/13.com.ar\/index.php\/wp-json\/wp\/v2\/media?parent=9640"}],"wp:term":[{"taxonomy":"category","embeddable":true,"href":"https:\/\/13.com.ar\/index.php\/wp-json\/wp\/v2\/categories?post=9640"},{"taxonomy":"post_tag","embeddable":true,"href":"https:\/\/13.com.ar\/index.php\/wp-json\/wp\/v2\/tags?post=9640"}],"curies":[{"name":"wp","href":"https:\/\/api.w.org\/{rel}","templated":true}]}}