{"id":964,"date":"2025-01-31T12:50:34","date_gmt":"2025-01-31T15:50:34","guid":{"rendered":"https:\/\/13.com.ar\/index.php\/marley-llego-a-la-argentina-junto-a-su-hija-milenka-todas-las-fotos\/"},"modified":"2025-01-31T12:50:34","modified_gmt":"2025-01-31T15:50:34","slug":"marley-llego-a-la-argentina-junto-a-su-hija-milenka-todas-las-fotos","status":"publish","type":"post","link":"https:\/\/13.com.ar\/index.php\/marley-llego-a-la-argentina-junto-a-su-hija-milenka-todas-las-fotos\/","title":{"rendered":"Marley lleg\u00f3 a la Argentina junto a su hija Milenka: todas las fotos"},"content":{"rendered":"<p> <br \/>\n<br \/><img decoding=\"async\" src=\"https:\/\/13.com.ar\/wp-content\/uploads\/2025\/01\/Marley-llego-a-la-Argentina-junto-a-su-hija-Milenka.jpg\" \/><\/p>\n<div>\n<p>Este viernes a las 10 de la ma\u00f1ana el conductor de Telefe lleg\u00f3 a Ezeiza, baj\u00f3 del avi\u00f3n con su beb\u00e9 en brazos y se mostr\u00f3 muy feliz.<\/p>\n<\/div>\n<div>\n<p>Adem\u00e1s, el conductor se tom\u00f3 varias <em>selfies <\/em>con todos los presentes, les cont\u00f3 que<strong> la beba &#8220;durmi\u00f3 todo el viaje&#8221; y asegur\u00f3 que &#8220;es una santa&#8221;.<\/strong><\/p>\n<\/div>\n<div>\n<p>Cabe recordar que Marley viaj\u00f3 solo a Estados Unidos a fines de diciembre, unos d\u00edas antes de que naciera su hija. Sin embargo, el parto de Kasandra, la mujer que gest\u00f3 a la ni\u00f1a, se adelant\u00f3 y Milenka naci\u00f3 al d\u00eda siguiente de la llegada del conductor al pa\u00eds del norte.<\/p>\n<\/div>\n<div>\n<p>El conductor cont\u00f3 detalles en las redes y detall\u00f3 que la peque\u00f1a, que lleg\u00f3 al mundo a las 4:03 am (hora de Estados Unidos).<\/p>\n<\/div>\n<div>\n<p>\u201cBueno, esa foto que estaban viendo reci\u00e9n es de Kasandra. Eso fue justo antes de empezar el trabajo de parto. Yo acababa de aterrizar en Tulsa y, bueno, me fui a Bakersfield, que es donde ella vive. Y bueno, ah\u00ed est\u00e1bamos en el hospital\u201d, cont\u00f3 Marley en un video que comparti\u00f3 en su cuenta de Instagram, donde acumula 7.9 millones de seguidores.<\/p>\n<\/div>\n<div>\n<p>\u201cApenas naci\u00f3 me la dieron a m\u00ed para hacer \u2018skin to skin\u2019, que es piel a piel, y despu\u00e9s ella (por Kasandra), cuando estaba un poco m\u00e1s recuperada, la tuvo tambi\u00e9n en brazos. Est\u00e1bamos uno al lado del otro en la habitaci\u00f3n. Vino toda su familia, vinieron sus hijos tambi\u00e9n, que la tuvieron a upa, vino su mam\u00e1, su hermana. Todos estuvieron con Milenka\u201d, relat\u00f3.<\/p>\n<\/div>\n<div>\n<p>Lo cierto es que la estad\u00eda del conductor en Estados Unidos se fue extendiendo debido a los tr\u00e1mites que ten\u00eda que hacer para poder traer a su hija a Buenos Aires. De hecho, la beb\u00e9 cumpli\u00f3 su primer mes de vida en Oklahoma.<\/p>\n<\/div>\n<div>\n<p>Desde all\u00ed, Marley grab\u00f3 a Milenka acostada y durmiendo sobre una manta con distintos n\u00fameros, dise\u00f1ados para marcar los meses que cumple el beb\u00e9. En ese sentido, el mensaje comenzaba \u201choy cumplo\u201d, luego la flecha se\u00f1alaba el n\u00famero 1 y abajo se le\u00eda \u201cmeses de puro amor\u201d.<\/p>\n<\/div>\n<div>\n<p>\u201c<strong>\u00a1Feliz cumple mes a esta bebita hermosa! \u00a1Un mes hermoso pasamos! Y muy feliz de esta familia junto al mejor hijo que el Universo me podr\u00eda haber dado, el orgulloso hermano mayor, Mirko\u201d<\/strong>, escribi\u00f3 el conductor junto al posteo.<\/p>\n<\/div>\n<p><br \/>\n<br \/><a href=\"https:\/\/www.clarin.com\/fama\/marley-llego-argentina-junto-hija-milenka-todas-fotos_0_evJeQ2EoUg.html\">Fuente Clarin.com <\/a><\/p>\n","protected":false},"excerpt":{"rendered":"<p>Este viernes a las 10 de la ma\u00f1ana el conductor de Telefe lleg\u00f3 a Ezeiza, baj\u00f3 del avi\u00f3n con su beb\u00e9 en brazos y se mostr\u00f3 muy feliz. Adem\u00e1s, el conductor se tom\u00f3 varias selfies con todos los presentes, les cont\u00f3 que la beba &#8220;durmi\u00f3 todo el viaje&#8221; y asegur\u00f3 que &#8220;es una santa&#8221;. Cabe [&hellip;]<\/p>\n","protected":false},"author":1,"featured_media":965,"comment_status":"open","ping_status":"open","sticky":false,"template":"","format":"standard","meta":{"footnotes":""},"categories":[2],"tags":[288,1286,192,776,48,1096,193,191,274],"class_list":["post-964","post","type-post","status-publish","format-standard","has-post-thumbnail","hentry","category-ultimas-noticias","tag-argentina","tag-fotos","tag-hija","tag-junto","tag-las","tag-llego","tag-marley","tag-milenka","tag-todas"],"_links":{"self":[{"href":"https:\/\/13.com.ar\/index.php\/wp-json\/wp\/v2\/posts\/964","targetHints":{"allow":["GET"]}}],"collection":[{"href":"https:\/\/13.com.ar\/index.php\/wp-json\/wp\/v2\/posts"}],"about":[{"href":"https:\/\/13.com.ar\/index.php\/wp-json\/wp\/v2\/types\/post"}],"author":[{"embeddable":true,"href":"https:\/\/13.com.ar\/index.php\/wp-json\/wp\/v2\/users\/1"}],"replies":[{"embeddable":true,"href":"https:\/\/13.com.ar\/index.php\/wp-json\/wp\/v2\/comments?post=964"}],"version-history":[{"count":0,"href":"https:\/\/13.com.ar\/index.php\/wp-json\/wp\/v2\/posts\/964\/revisions"}],"wp:featuredmedia":[{"embeddable":true,"href":"https:\/\/13.com.ar\/index.php\/wp-json\/wp\/v2\/media\/965"}],"wp:attachment":[{"href":"https:\/\/13.com.ar\/index.php\/wp-json\/wp\/v2\/media?parent=964"}],"wp:term":[{"taxonomy":"category","embeddable":true,"href":"https:\/\/13.com.ar\/index.php\/wp-json\/wp\/v2\/categories?post=964"},{"taxonomy":"post_tag","embeddable":true,"href":"https:\/\/13.com.ar\/index.php\/wp-json\/wp\/v2\/tags?post=964"}],"curies":[{"name":"wp","href":"https:\/\/api.w.org\/{rel}","templated":true}]}}