{"id":9638,"date":"2025-03-03T12:24:39","date_gmt":"2025-03-03T15:24:39","guid":{"rendered":"https:\/\/13.com.ar\/index.php\/morena-rial-confirmo-que-se-separo-del-padre-de-su-hijo-amadeo-siempre-solita\/"},"modified":"2025-03-03T12:24:39","modified_gmt":"2025-03-03T15:24:39","slug":"morena-rial-confirmo-que-se-separo-del-padre-de-su-hijo-amadeo-siempre-solita","status":"publish","type":"post","link":"https:\/\/13.com.ar\/index.php\/morena-rial-confirmo-que-se-separo-del-padre-de-su-hijo-amadeo-siempre-solita\/","title":{"rendered":"Morena Rial confirm\u00f3 que se separ\u00f3 del padre de su hijo Amadeo: &#8220;Siempre solita&#8221;"},"content":{"rendered":"<p> <br \/>\n<\/p>\n<div id=\"cuerpo\">\n<div class=\"sc-80531b6b-0 chRIGJ container-text text-embed\">\n<p>Adem\u00e1s de estar pasando un dif\u00edcil momento a nivel judicial, <strong>Morena Rial<\/strong> tambi\u00e9n lucha en su vida sentimental. A trav\u00e9s de sus redes sociales, la joven confirm\u00f3 su separaci\u00f3n de <strong>Mat\u00edas Ogas, el padre de Amadeo<\/strong>, su segundo hijo.<\/p>\n<\/div>\n<div class=\"sc-80531b6b-0 chRIGJ container-text text-embed\">\n<p>La pol\u00e9mica no tiene fin en la vida de Morena Rial. En febrero pas\u00f3 m\u00e1s de una semana detenida acusada por robar una vivienda, luego fue liberada, mantuvo una fuerte pelea medi\u00e1tica con Carmen Barbieri y ahora, anunci\u00f3 su separaci\u00f3n.<\/p>\n<\/div>\n<div class=\"sc-80531b6b-0 chRIGJ container-text text-embed\">\n<p>Despu\u00e9s de salir de la c\u00e1rcel, la hija de Jorge Rial <strong>habl\u00f3 de su vida sentimental<\/strong> en <em>LAM<\/em> (Am\u00e9rica TV) y se refiri\u00f3 a Mat\u00edas Ogas, que es el padre de Amadeo, quien naci\u00f3 cinco meses atr\u00e1s.<\/p>\n<\/div>\n<div class=\"sc-80531b6b-0 chRIGJ container-text text-embed\">\n<p>A fines de febrero, desde la entrada del edificio donde vive actualmente con su hermana Roc\u00edo, la influencer <strong>desminti\u00f3 los rumores de que se hab\u00eda distanciado<\/strong> del boxeador cordob\u00e9s.<\/p>\n<\/div>\n<div class=\"sc-80531b6b-0 chRIGJ container-text text-embed\">\n<p><strong>&#8220;Est\u00e1 todo bien con \u00e9l, no es mi ex, nos seguimos eligiendo&#8221;<\/strong>, expres\u00f3 More frente a las c\u00e1maras del programa de \u00c1ngel de Brito.<\/p>\n<\/div>\n<div class=\"sc-80531b6b-0 chRIGJ container-text text-embed\">\n<p>Ante este comentario, Santiago Riva Roy le pregunt\u00f3 por declaraciones de Jorge Rial quien hab\u00eda afirmado que &#8220;no ten\u00eda relaci\u00f3n con \u00e9l&#8221;.<\/p>\n<\/div>\n<div class=\"sc-80531b6b-0 chRIGJ container-text text-embed\">\n<p><strong>&#8220;\u00bfEs una mala influencia?&#8221;,<\/strong> quiso saber el notero. <strong>&#8220;De eso no opino porque es mi relaci\u00f3n&#8221;<\/strong>, respondi\u00f3 la joven sin dar vueltas.<\/p>\n<\/div>\n<div class=\"sc-198be8ec-0 cynXbu image-embed  image-embed \"><picture class=\"sc-198be8ec-1 kOjRiQ\"><source media=\"(min-width: 975px)\" width=\"720\" height=\"480\" \/><img alt=\"Cuando sali\u00f3 de la c\u00e1rcel, Morena Rial confirm\u00f3 que segu\u00eda en pareja con Mat\u00edas Ogas. Captura TV\" loading=\"lazy\" width=\"720\" height=\"480\" decoding=\"async\" data-nimg=\"1\" style=\"color:transparent\" src=\"https:\/\/13.com.ar\/wp-content\/uploads\/2025\/02\/1740154272_354_Morena-Rial-revelo-que-le-dijo-su-papa-Jorge-Rial.jpg\"\/><span class=\"epigraphe\">Cuando sali\u00f3 de la c\u00e1rcel, Morena Rial confirm\u00f3 que segu\u00eda en pareja con Mat\u00edas Ogas. Captura TV<\/span><span class=\"bkg\"\/><span class=\"picture-open\"><button class=\"open-image\" aria-label=\"Open Image\"\/><\/span><\/picture><\/div>\n<div class=\"sc-80531b6b-0 chRIGJ container-text text-embed\">\n<p>Pero desde aquella entrevista a ahora, la situaci\u00f3n sentimental de Morena parece haber cambiado.<\/p>\n<\/div>\n<div class=\"sc-80531b6b-0 chRIGJ container-text text-embed\">\n<p>El domingo por la noche, <strong>la <em>influencer <\/em>abri\u00f3 una caja de preguntas<\/strong> en sus historias de Instagram para interactuar con sus seguidores.<\/p>\n<\/div>\n<div class=\"sc-80531b6b-0 chRIGJ container-text text-embed\">\n<p>Una persona utiliz\u00f3 esta herramienta y le pregunt\u00f3 a la hija del conductor de <em>Argenzuela <\/em>(C5N y Radio 10)<strong> si estaba soltera.<\/strong><\/p>\n<\/div>\n<div class=\"sc-198be8ec-0 cynXbu image-embed  image-embed \"><picture class=\"sc-198be8ec-1 kOjRiQ\"><source media=\"(min-width: 975px)\" width=\"720\" height=\"480\" \/><img alt=\"Morena Rial anunci\u00f3 que est\u00e1 separada. Foto: Instagram\" loading=\"lazy\" width=\"720\" height=\"480\" decoding=\"async\" data-nimg=\"1\" style=\"color:transparent\" src=\"https:\/\/13.com.ar\/wp-content\/uploads\/2025\/03\/Morena-Rial-confirmo-que-se-separo-del-padre-de-su.jpg\"\/><span class=\"epigraphe\">Morena Rial anunci\u00f3 que est\u00e1 separada. Foto: Instagram<\/span><span class=\"bkg\"\/><span class=\"picture-open\"><button class=\"open-image\" aria-label=\"Open Image\"\/><\/span><\/picture><\/div>\n<div class=\"sc-80531b6b-0 chRIGJ container-text text-embed\">\n<p>Ante esta consulta, Rial sorprendi\u00f3 con su respuesta<strong>. &#8220;Siempre solita yo&#8221;, aclar\u00f3 la joven <\/strong>y agreg\u00f3 el emotic\u00f3n de una reina y un coraz\u00f3n.<\/p>\n<\/div>\n<div class=\"sc-80531b6b-0 chRIGJ container-text text-embed\">\n<p>Esta respuesta confirmar\u00eda que Morena Rial y Mat\u00edas Ogas, el padre de su beb\u00e9 de cinco meses, <strong>ya no siguen en pareja.<\/strong><\/p>\n<\/div>\n<p><h2>Morena Rial contest\u00f3 las cr\u00edticas por haber ido a bailar<\/h2>\n<\/p>\n<div class=\"sc-80531b6b-0 chRIGJ container-text text-embed\">\n<p>Luego de recuperar la libertad tras su detenci\u00f3n por robo, Morena Rial gener\u00f3 pol\u00e9mica ya que<strong> se ausent\u00f3 a una pericia psicol\u00f3gica<\/strong>, pero luego fue a un boliche con su abogado y amigo, <strong>Alejandro Cipolla.<\/strong><\/p>\n<\/div>\n<div class=\"sc-198be8ec-0 cynXbu image-embed  image-embed \"><picture class=\"sc-198be8ec-1 kOjRiQ\"><source media=\"(min-width: 975px)\" width=\"720\" height=\"480\" \/><img alt=\"Morena Rial y Alejandro Cipolla en un boliche de Palermo. Foto: Instagram\" loading=\"lazy\" width=\"720\" height=\"480\" decoding=\"async\" data-nimg=\"1\" style=\"color:transparent\" src=\"https:\/\/13.com.ar\/wp-content\/uploads\/2025\/02\/la-joven-no-se-presento-a-una-pericia-psicologica-pero.jpg\"\/><span class=\"epigraphe\">Morena Rial y Alejandro Cipolla en un boliche de Palermo. Foto: Instagram<\/span><span class=\"bkg\"\/><span class=\"picture-open\"><button class=\"open-image\" aria-label=\"Open Image\"\/><\/span><\/picture><\/div>\n<div class=\"sc-80531b6b-0 chRIGJ container-text text-embed\">\n<p>El pasado jueves en <em>LAM <\/em>(Am\u00e9rica TV), Pepe Ochoa revel\u00f3 que la psiquiatra y la perito psic\u00f3loga, que trabajan en el caso de Morena, dejaron asentado a trav\u00e9s de un informe: &#8220;No se ha podido realizar la entrevista pautada con la imputada los d\u00edas 18 y 26 de febrero del corriente a\u00f1o <strong>dado que no se ha presentado&#8221;.<\/strong><\/p>\n<\/div>\n<div class=\"sc-80531b6b-0 chRIGJ container-text text-embed\">\n<p>Sumado a esto, esa misma noche, Morena comparti\u00f3 una serie de im\u00e1genes desde un reconocido boliche de Palermo, junto a su abogado Alejandro Cipolla, en el que<strong> se los ve\u00eda con amigos y tomando alcohol. <\/strong><\/p>\n<\/div>\n<div class=\"sc-80531b6b-0 chRIGJ container-text text-embed\">\n<p>La salida nocturna con su representante legal gener\u00f3 una avalancha de cr\u00edticas en redes sociales y<strong> la medi\u00e1tica sali\u00f3 al cruce<\/strong> ante los cuestionamientos. <\/p>\n<\/div>\n<div class=\"sc-80531b6b-0 chRIGJ container-text text-embed\">\n<p><strong>&#8220;\u00bfPor qu\u00e9 no van a joder a L-Gante? \u00a1Manga de chupa medias!&#8221;<\/strong>, lanz\u00f3 enojada a trav\u00e9s de una historia de Instagram.<\/p>\n<\/div>\n<div class=\"sc-80531b6b-0 chRIGJ container-text text-embed\">\n<p>A continuaci\u00f3n, Morena volvi\u00f3 a apuntar contra el cantante de RKT: &#8220;Est\u00e1n desesperados y le festejan todo, luego de que fue condenado a tres a\u00f1os de prisi\u00f3n&#8221;.<\/p>\n<\/div>\n<div class=\"sc-198be8ec-0 cynXbu image-embed  image-embed \"><picture class=\"sc-198be8ec-1 kOjRiQ\"><source media=\"(min-width: 975px)\" width=\"720\" height=\"480\" \/><img alt=\"Morena Rial se defendi\u00f3 de las cr\u00edticas tras su salida nocturna con el abogado Alejandro Cipolla. Foto: Instagram\" loading=\"lazy\" width=\"720\" height=\"480\" decoding=\"async\" data-nimg=\"1\" style=\"color:transparent\" src=\"https:\/\/13.com.ar\/wp-content\/uploads\/2025\/03\/1741015479_878_Morena-Rial-confirmo-que-se-separo-del-padre-de-su.jpg\"\/><span class=\"epigraphe\">Morena Rial se defendi\u00f3 de las cr\u00edticas tras su salida nocturna con el abogado Alejandro Cipolla. Foto: Instagram<\/span><span class=\"bkg\"\/><span class=\"picture-open\"><button class=\"open-image\" aria-label=\"Open Image\"\/><\/span><\/picture><\/div>\n<div class=\"sc-80531b6b-0 chRIGJ container-text text-embed\">\n<p>&#8220;No s\u00e9 qu\u00e9 pretenden que haga&#8221;, lanz\u00f3, indignada despu\u00e9s que en X (antes Twitter) se debatiera sobre el cuidado de su hijo reci\u00e9n nacido, Amadeo, y se la criticara por beber alcohol mientras sigue vinculada a una causa por robo.<\/p>\n<\/div>\n<div class=\"sc-80531b6b-0 chRIGJ container-text text-embed\">\n<p>En este sentido, la medi\u00e1tica se quej\u00f3: <strong>&#8220;\u00a1Ahora no puedo salir dos horas luego de m\u00e1s de tres semanas sin salir de mi casa! <\/strong>\u00a1No se entiende la alevos\u00eda del periodismo!&#8221;.<\/p>\n<\/div>\n<\/div>\n<p><br \/>\n<br \/><a href=\"https:\/\/www.clarin.com\/fama\/morena-rial-confirmo-separo-padre-hijo-amadeo-siempre-solita_0_EpvdtZKrMy.html\">Fuente Clarin.com <\/a><\/p>\n","protected":false},"excerpt":{"rendered":"<p>Adem\u00e1s de estar pasando un dif\u00edcil momento a nivel judicial, Morena Rial tambi\u00e9n lucha en su vida sentimental. A trav\u00e9s de sus redes sociales, la joven confirm\u00f3 su separaci\u00f3n de Mat\u00edas Ogas, el padre de Amadeo, su segundo hijo. La pol\u00e9mica no tiene fin en la vida de Morena Rial. En febrero pas\u00f3 m\u00e1s de [&hellip;]<\/p>\n","protected":false},"author":1,"featured_media":9639,"comment_status":"open","ping_status":"open","sticky":false,"template":"","format":"standard","meta":{"footnotes":""},"categories":[2],"tags":[4057,218,100,918,878,2157,877,10463,2789,10464],"class_list":["post-9638","post","type-post","status-publish","format-standard","has-post-thumbnail","hentry","category-ultimas-noticias","tag-amadeo","tag-confirmo","tag-del","tag-hijo","tag-morena","tag-padre","tag-rial","tag-separo","tag-siempre","tag-solita"],"_links":{"self":[{"href":"https:\/\/13.com.ar\/index.php\/wp-json\/wp\/v2\/posts\/9638","targetHints":{"allow":["GET"]}}],"collection":[{"href":"https:\/\/13.com.ar\/index.php\/wp-json\/wp\/v2\/posts"}],"about":[{"href":"https:\/\/13.com.ar\/index.php\/wp-json\/wp\/v2\/types\/post"}],"author":[{"embeddable":true,"href":"https:\/\/13.com.ar\/index.php\/wp-json\/wp\/v2\/users\/1"}],"replies":[{"embeddable":true,"href":"https:\/\/13.com.ar\/index.php\/wp-json\/wp\/v2\/comments?post=9638"}],"version-history":[{"count":0,"href":"https:\/\/13.com.ar\/index.php\/wp-json\/wp\/v2\/posts\/9638\/revisions"}],"wp:featuredmedia":[{"embeddable":true,"href":"https:\/\/13.com.ar\/index.php\/wp-json\/wp\/v2\/media\/9639"}],"wp:attachment":[{"href":"https:\/\/13.com.ar\/index.php\/wp-json\/wp\/v2\/media?parent=9638"}],"wp:term":[{"taxonomy":"category","embeddable":true,"href":"https:\/\/13.com.ar\/index.php\/wp-json\/wp\/v2\/categories?post=9638"},{"taxonomy":"post_tag","embeddable":true,"href":"https:\/\/13.com.ar\/index.php\/wp-json\/wp\/v2\/tags?post=9638"}],"curies":[{"name":"wp","href":"https:\/\/api.w.org\/{rel}","templated":true}]}}