{"id":9636,"date":"2025-03-03T12:21:47","date_gmt":"2025-03-03T15:21:47","guid":{"rendered":"https:\/\/13.com.ar\/index.php\/una-presentadora-brasilena-se-burlo-de-argentina-y-el-actor-de-aun-estoy-aqui-fue-tajante\/"},"modified":"2025-03-03T12:21:47","modified_gmt":"2025-03-03T15:21:47","slug":"una-presentadora-brasilena-se-burlo-de-argentina-y-el-actor-de-aun-estoy-aqui-fue-tajante","status":"publish","type":"post","link":"https:\/\/13.com.ar\/index.php\/una-presentadora-brasilena-se-burlo-de-argentina-y-el-actor-de-aun-estoy-aqui-fue-tajante\/","title":{"rendered":"una presentadora brasile\u00f1a se burl\u00f3 de Argentina y el actor de A\u00fan estoy aqu\u00ed fue tajante"},"content":{"rendered":"<p> <br \/>\n<\/p>\n<div id=\"cuerpo\">\n<div class=\"sc-80531b6b-0 chRIGJ container-text text-embed\">\n<p><strong><em>A\u00fan estoy aqu\u00ed<\/em> gan\u00f3 el Oscar a Mejor pel\u00edcula internacional e hizo historia<\/strong>: le dio a Brasil su primer premio de la Academia de Hollywood. Poco antes del logro, cuando el pa\u00eds sudamericano todav\u00eda no ten\u00eda ninguno, su actor principal protagoniz\u00f3 un curioso momento en la alfombra roja de la ceremonia.<\/p>\n<\/div>\n<div class=\"sc-80531b6b-0 chRIGJ container-text text-embed\">\n<p><strong>Selton Mello<\/strong>, el actor brasile\u00f1o que en la pel\u00edcula interpreta a Rubens Paiva, estaba siendo entrevistado por <strong>Ana Furtado<\/strong> en la <em>red carpet<\/em> en las inmediaciones del Dolby Theatre de Los \u00c1ngeles cuando la mujer sac\u00f3 el tema de la &#8220;rivalidad&#8221; con Argentina.<\/p>\n<\/div>\n<div class=\"sc-80531b6b-0 chRIGJ container-text text-embed\">\n<p>\u201c<em>Chupa<\/em>, Argentina jajaja ayer yo estaba hablando de la rivalidad entre Brasil y Argentina\u2026\u201d, solt\u00f3 la presentadora, a lo que Mello respondi\u00f3: <strong>\u201cA ver, Argentina tiene 2 Oscars de mejor pel\u00edcula extranjera, nosotros no tenemos ninguno\u2026<\/strong> \u00bfcomo as\u00ed?\u201d.<\/p>\n<\/div>\n<div class=\"sc-80531b6b-0 chRIGJ container-text text-embed\">\n<p>Furtado no aclar\u00f3 qu\u00e9 quiso decir con \u201c<em>Chupa<\/em>, Argentina\u201d, pero en las respuestas al video viral en X muchos usuarios sugirieron que la mujer hizo referencia a la rivalidad futbol\u00edstica entre ambos pa\u00edses.<\/p>\n<\/div>\n<div class=\"sc-80531b6b-0 chRIGJ container-text text-embed\">\n<p>Cabe recordar que Argentina obtuvo el mismo premio que A\u00fan estoy aqu\u00ed por dos pel\u00edculas que abordan la misma tem\u00e1tica: <strong>La historia oficial<\/strong>, en 1986, y <strong>El secreto de sus ojos<\/strong>, en 2010.<\/p>\n<\/div>\n<p><h2>Brasil hizo historia en los Oscar<\/h2>\n<\/p>\n<div class=\"sc-80531b6b-0 chRIGJ container-text text-embed\">\n<p>Como dijimos, A\u00fan estoy aqu\u00ed (<em>Ainda estou aqui<\/em>) gan\u00f3 el Oscar a Mejor pel\u00edcula internacional y se convirti\u00f3 en la primera producci\u00f3n brasile\u00f1a de la historia en obtener un premio de la Academia de Hollywood.<\/p>\n<\/div>\n<div class=\"sc-80531b6b-0 chRIGJ container-text text-embed\">\n<p>La pel\u00edcula de <strong>Walter Salles<\/strong> est\u00e1 basada en las memorias de Marcelo Rubens Paiva, que cuentan las consecuencias sufridas por su madre <strong>Eunice <\/strong>cuando su esposo, <strong>Rubens Paiva<\/strong>, fue desaparecido por la dictadura militar brasile\u00f1a en 1971.<\/p>\n<\/div>\n<div class=\"sc-c2c2a3c6-0 ecgiEX border-video video-embed horizontal border-video video-embed horizontal\">\n<div class=\"sc-c2c2a3c6-1 kQhBlc videoText videoText\">\n<h2>Video<\/h2>\n<p>Se vivi\u00f3 como un mundial: as\u00ed festej\u00f3 Brasil la obtenci\u00f3n de su primer Oscar<\/p>\n<\/div>\n<\/div>\n<div class=\"sc-80531b6b-0 chRIGJ container-text text-embed\">\n<p>\u201cEste premio es para una mujer que despu\u00e9s de sufrir una p\u00e9rdida durante un r\u00e9gimen autoritario decidi\u00f3 no rendirse y resistir. As\u00ed que este premio es para ella, su nombre es Eunice Paiva. Y es para las dos mujeres extraordinarias que le dieron vida, Fernanda Torres y Fernanda Montenegro\u201d, dijo Salles tras recibir la estatuilla.<\/p>\n<\/div>\n<div class=\"sc-80531b6b-0 chRIGJ container-text text-embed\">\n<p><strong>Fernanda Torres<\/strong>, la experimentada actriz que interpreta a la protagonista, tambi\u00e9n fue nominada, pero perdi\u00f3 contra <strong>Mikey Madison<\/strong>, la joven de 25 a\u00f1os que se destac\u00f3 en <strong>Anora<\/strong>.<\/p>\n<\/div>\n<div class=\"sc-80531b6b-0 chRIGJ container-text text-embed\">\n<p>A\u00fan estoy aqu\u00ed recibi\u00f3 la quinta nominaci\u00f3n brasile\u00f1a a Mejor pel\u00edcula internacional en toda su historia. Las otras cuatro fueron <strong>O Pagador de Promessas<\/strong> (1962), <strong>O Quatrilho <\/strong>(1995), O Que<strong> \u00c9 Isso, Companheiro?<\/strong> (1997) y <strong>Central do Brasil <\/strong>(1998), tambi\u00e9n de Salles.<\/p>\n<\/div>\n<div class=\"sc-198be8ec-0 cynXbu image-embed  image-embed \"><picture class=\"sc-198be8ec-1 kOjRiQ\"><source media=\"(min-width: 975px)\" width=\"720\" height=\"480\" \/><img alt=\"Ana Furtado y Selton Mello antes de los Oscar. Foto: Instagram\" loading=\"lazy\" width=\"720\" height=\"480\" decoding=\"async\" data-nimg=\"1\" style=\"color:transparent\" src=\"https:\/\/13.com.ar\/wp-content\/uploads\/2025\/03\/una-presentadora-brasilena-se-burlo-de-Argentina-y-el-actor.jpg\"\/><span class=\"epigraphe\">Ana Furtado y Selton Mello antes de los Oscar. Foto: Instagram<\/span><span class=\"bkg\"\/><span class=\"picture-open\"><button class=\"open-image\" aria-label=\"Open Image\"\/><\/span><\/picture><\/div>\n<div class=\"sc-80531b6b-0 chRIGJ container-text text-embed\">\n<p>En la categor\u00eda de Mejor pel\u00edcula internacional, A\u00fan estoy aqu\u00ed se impuso ante <strong>La chica de la aguja<\/strong> (Dinamarca), <strong>Emilia P\u00e9rez <\/strong>(Francia), <strong>Flow <\/strong>(Letonia) y <strong>La semilla del fruto sagrado <\/strong>(Alemania).<\/p>\n<\/div>\n<\/div>\n<p><br \/>\n<br \/><a href=\"https:\/\/www.clarin.com\/internacional\/oscar-2025-presentadora-brasilena-burlo-argentina-actor-tajante_0_AsnoxQfxGL.html\">Fuente Clarin.com <\/a><\/p>\n","protected":false},"excerpt":{"rendered":"<p>A\u00fan estoy aqu\u00ed gan\u00f3 el Oscar a Mejor pel\u00edcula internacional e hizo historia: le dio a Brasil su primer premio de la Academia de Hollywood. Poco antes del logro, cuando el pa\u00eds sudamericano todav\u00eda no ten\u00eda ninguno, su actor principal protagoniz\u00f3 un curioso momento en la alfombra roja de la ceremonia. Selton Mello, el actor [&hellip;]<\/p>\n","protected":false},"author":1,"featured_media":9637,"comment_status":"open","ping_status":"open","sticky":false,"template":"","format":"standard","meta":{"footnotes":""},"categories":[2],"tags":[4007,8070,288,5288,5095,3686,4748,105,10462,9969,73],"class_list":["post-9636","post","type-post","status-publish","format-standard","has-post-thumbnail","hentry","category-ultimas-noticias","tag-actor","tag-aqui","tag-argentina","tag-aun","tag-brasilena","tag-burlo","tag-estoy","tag-fue","tag-presentadora","tag-tajante","tag-una"],"_links":{"self":[{"href":"https:\/\/13.com.ar\/index.php\/wp-json\/wp\/v2\/posts\/9636","targetHints":{"allow":["GET"]}}],"collection":[{"href":"https:\/\/13.com.ar\/index.php\/wp-json\/wp\/v2\/posts"}],"about":[{"href":"https:\/\/13.com.ar\/index.php\/wp-json\/wp\/v2\/types\/post"}],"author":[{"embeddable":true,"href":"https:\/\/13.com.ar\/index.php\/wp-json\/wp\/v2\/users\/1"}],"replies":[{"embeddable":true,"href":"https:\/\/13.com.ar\/index.php\/wp-json\/wp\/v2\/comments?post=9636"}],"version-history":[{"count":0,"href":"https:\/\/13.com.ar\/index.php\/wp-json\/wp\/v2\/posts\/9636\/revisions"}],"wp:featuredmedia":[{"embeddable":true,"href":"https:\/\/13.com.ar\/index.php\/wp-json\/wp\/v2\/media\/9637"}],"wp:attachment":[{"href":"https:\/\/13.com.ar\/index.php\/wp-json\/wp\/v2\/media?parent=9636"}],"wp:term":[{"taxonomy":"category","embeddable":true,"href":"https:\/\/13.com.ar\/index.php\/wp-json\/wp\/v2\/categories?post=9636"},{"taxonomy":"post_tag","embeddable":true,"href":"https:\/\/13.com.ar\/index.php\/wp-json\/wp\/v2\/tags?post=9636"}],"curies":[{"name":"wp","href":"https:\/\/api.w.org\/{rel}","templated":true}]}}