{"id":9630,"date":"2025-03-03T12:09:36","date_gmt":"2025-03-03T15:09:36","guid":{"rendered":"https:\/\/13.com.ar\/index.php\/una-cita-con-otro-jubilado-que-termino-en-tragedia\/"},"modified":"2025-03-03T12:09:36","modified_gmt":"2025-03-03T15:09:36","slug":"una-cita-con-otro-jubilado-que-termino-en-tragedia","status":"publish","type":"post","link":"https:\/\/13.com.ar\/index.php\/una-cita-con-otro-jubilado-que-termino-en-tragedia\/","title":{"rendered":"una cita con otro jubilado que termin\u00f3 en tragedia"},"content":{"rendered":"<p> <br \/>\n<\/p>\n<div id=\"cuerpo\">\n<div class=\"sc-80531b6b-0 chRIGJ container-text text-embed\">\n<p><strong>Jorge Costa (77) <\/strong>se encontr\u00f3 con una mujer de 62 a\u00f1os cerca de la estaci\u00f3n de <strong>Quilmes<\/strong>. Hab\u00edan acordado verse un rato antes, por tel\u00e9fono. Ella lleg\u00f3 en colectivo y despu\u00e9s cenaron en una parrilla de la zona.<\/p>\n<\/div>\n<div class=\"sc-80531b6b-0 chRIGJ container-text text-embed\">\n<p>El enga\u00f1o todav\u00eda parec\u00eda una cita, pero termin\u00f3, de m\u00ednima, en robo y muerte. Todo parec\u00eda normal hasta que fueron a la casa del jubilado, en <strong>Lan\u00fas<\/strong>, pero cuando sali\u00f3 la mujer llevaba bolsos y bultos. Adentro, el hombre agonizaba.<\/p>\n<\/div>\n<div class=\"sc-80531b6b-0 chRIGJ container-text text-embed\">\n<p>Costa y <strong>Diana Arita Cornejo <\/strong>estuvieron dentro de la propiedad, en la calle Balb\u00edn al 3000, entre las 22.17 y las 00.29 del domingo. Lo siguiente que se supo del hombre es que su hija de 47 a\u00f1os lleg\u00f3 a la casa preocupada porque su pap\u00e1 no respond\u00eda las llamadas. Los vecinos hab\u00edan visto la puerta mal cerrada.<\/p>\n<\/div>\n<div class=\"sc-80531b6b-0 chRIGJ container-text text-embed\">\n<p>De acuerdo a lo informado por fuentes policiales, el hombre estaba &#8220;<em>groggy<\/em>&#8220;, mareado, cuando lleg\u00f3 su hija en medio de la tormenta. La puerta hab\u00eda quedado abierta. Lo encontr\u00f3 tirado en el suelo, mareado y <strong>bajo el &#8220;efecto de alg\u00fan sedante&#8221;<\/strong>, describi\u00f3.<\/p>\n<\/div>\n<div class=\"sc-198be8ec-0 cynXbu image-embed  image-embed \"><picture class=\"sc-198be8ec-1 kOjRiQ\"><source media=\"(min-width: 975px)\" width=\"720\" height=\"480\" \/><img alt=\"Detienen a una viuda negra por el crimen de un jubilado de 77 a\u00f1os en Lan\u00fas.\" loading=\"lazy\" width=\"720\" height=\"480\" decoding=\"async\" data-nimg=\"1\" style=\"color:transparent\" src=\"https:\/\/13.com.ar\/wp-content\/uploads\/2025\/03\/una-cita-con-otro-jubilado-que-termino-en-tragedia.jpg\"\/><span class=\"epigraphe\">Detienen a una viuda negra por el crimen de un jubilado de 77 a\u00f1os en Lan\u00fas.<\/span><span class=\"bkg\"\/><span class=\"picture-open\"><button class=\"open-image\" aria-label=\"Open Image\"\/><\/span><\/picture><\/div>\n<div class=\"sc-80531b6b-0 chRIGJ container-text text-embed\">\n<p>La hija de la v\u00edctima llam\u00f3 al 911. El jubilado fue trasladado al Hospital Evita, de Lan\u00fas. Poco despu\u00e9s el hombre falleci\u00f3 y empez\u00f3 una investigaci\u00f3n por homicidio.<\/p>\n<\/div>\n<div class=\"sc-80531b6b-0 chRIGJ container-text text-embed\">\n<p>Los polic\u00edas que acudieron a la escena registraron la casa y, de acuerdo a lo que logr\u00f3 declarar la hija del fallecido, <strong>faltaban un celular, un reloj y un televisor.<\/strong><\/p>\n<\/div>\n<div class=\"sc-80531b6b-0 chRIGJ container-text text-embed\">\n<p>Un vecino de Costa tiene c\u00e1maras de seguridad y gracias a esas im\u00e1genes lograron identificar a la mujer cuando entr\u00f3 y sali\u00f3 de la casa. Llevaba un vestido -tipo camisa- rayado que, no lo sab\u00eda entonces, ser\u00eda clave para identificarla. Adem\u00e1s de dos bolsos que cargaba con dificultad.<\/p>\n<\/div>\n<div class=\"sc-198be8ec-0 cynXbu image-embed  image-embed \"><picture class=\"sc-198be8ec-1 kOjRiQ\"><source media=\"(min-width: 975px)\" width=\"720\" height=\"480\" \/><img alt=\"Detienen a una viuda negra por el crimen de un jubilado de 77 a\u00f1os en Lan\u00fas.\" loading=\"lazy\" width=\"720\" height=\"480\" decoding=\"async\" data-nimg=\"1\" style=\"color:transparent\" src=\"https:\/\/13.com.ar\/wp-content\/uploads\/2025\/03\/1741014576_240_una-cita-con-otro-jubilado-que-termino-en-tragedia.jpg\"\/><span class=\"epigraphe\">Detienen a una viuda negra por el crimen de un jubilado de 77 a\u00f1os en Lan\u00fas.<\/span><span class=\"bkg\"\/><span class=\"picture-open\"><button class=\"open-image\" aria-label=\"Open Image\"\/><\/span><\/picture><\/div>\n<div class=\"sc-80531b6b-0 chRIGJ container-text text-embed\">\n<p>El rastreo de llamadas desde el celular del jubilado detect\u00f3 una comunicaci\u00f3n con una mujer alrededor de las 16 del s\u00e1bado, cuando se habr\u00eda acordado el encuentro. <\/p>\n<\/div>\n<div class=\"sc-80531b6b-0 chRIGJ container-text text-embed\">\n<p>El tel\u00e9fono estaba registrado y as\u00ed detectaron que se trataba de Diana Cornejo Arita, que para ese entonces estaba en su casa de Quilmes. <\/p>\n<\/div>\n<div class=\"sc-80531b6b-0 chRIGJ container-text text-embed\">\n<p>El fiscal Mart\u00edn Rodr\u00edguez, de Lan\u00fas, orden\u00f3 un allanamiento de urgencia este domingo al mediod\u00eda.<\/p>\n<\/div>\n<div class=\"sc-80531b6b-0 chRIGJ container-text text-embed\">\n<p>Ella estaba en su casa y ah\u00ed dej\u00f3 el vestido que hab\u00eda usado para salir con el jubilado, el mismo que hab\u00eda quedado registrado en las c\u00e1maras de vigilancia que tambi\u00e9n la detectaron entrando con los bultos al llegar a su domicilio. <\/p>\n<\/div>\n<div class=\"sc-198be8ec-0 cynXbu image-embed  image-embed \"><picture class=\"sc-198be8ec-1 kOjRiQ\"><source media=\"(min-width: 975px)\" width=\"720\" height=\"480\" \/><img alt=\"Detienen a una viuda negra por el crimen de un jubilado de 77 a\u00f1os en Lan\u00fas.\" loading=\"lazy\" width=\"720\" height=\"480\" decoding=\"async\" data-nimg=\"1\" style=\"color:transparent\" src=\"https:\/\/13.com.ar\/wp-content\/uploads\/2025\/03\/1741014576_974_una-cita-con-otro-jubilado-que-termino-en-tragedia.jpg\"\/><span class=\"epigraphe\">Detienen a una viuda negra por el crimen de un jubilado de 77 a\u00f1os en Lan\u00fas.<\/span><span class=\"bkg\"\/><span class=\"picture-open\"><button class=\"open-image\" aria-label=\"Open Image\"\/><\/span><\/picture><\/div>\n<div class=\"sc-80531b6b-0 chRIGJ container-text text-embed\">\n<p>Adem\u00e1s, estaban <strong>el tel\u00e9fono, el televisor, un reloj y 8.600 pesos <\/strong>que le habr\u00eda robado a su v\u00edctima.<\/p>\n<\/div>\n<div class=\"sc-80531b6b-0 chRIGJ container-text text-embed\">\n<p>De su casa de Olivieri al 300, en Quilmes, se la llevaron detenida y la DDI allan\u00f3 el domicilio.<\/p>\n<\/div>\n<div class=\"sc-80531b6b-0 chRIGJ container-text text-embed\">\n<p>Ahora el fiscal deber\u00e1 investigar si se trat\u00f3 efectivamente de un homicidio en ocasi\u00f3n de robo. A la espera del informe preliminar de la autopsia, la mujer ser\u00eda indagada este lunes.<\/p>\n<\/div>\n<\/div>\n<p><br \/>\n<br \/><a href=\"https:\/\/www.clarin.com\/policiales\/viuda-negra-vestido-rayado-cita-jubilado-termino-tragedia_0_3rPTWlDLx9.html\">Fuente Clarin.com <\/a><\/p>\n","protected":false},"excerpt":{"rendered":"<p>Jorge Costa (77) se encontr\u00f3 con una mujer de 62 a\u00f1os cerca de la estaci\u00f3n de Quilmes. Hab\u00edan acordado verse un rato antes, por tel\u00e9fono. Ella lleg\u00f3 en colectivo y despu\u00e9s cenaron en una parrilla de la zona. El enga\u00f1o todav\u00eda parec\u00eda una cita, pero termin\u00f3, de m\u00ednima, en robo y muerte. Todo parec\u00eda normal [&hellip;]<\/p>\n","protected":false},"author":1,"featured_media":9631,"comment_status":"open","ping_status":"open","sticky":false,"template":"","format":"standard","meta":{"footnotes":""},"categories":[2],"tags":[1824,18,7013,366,325,1573,73],"class_list":["post-9630","post","type-post","status-publish","format-standard","has-post-thumbnail","hentry","category-ultimas-noticias","tag-cita","tag-con","tag-jubilado","tag-otro","tag-termino","tag-tragedia","tag-una"],"_links":{"self":[{"href":"https:\/\/13.com.ar\/index.php\/wp-json\/wp\/v2\/posts\/9630","targetHints":{"allow":["GET"]}}],"collection":[{"href":"https:\/\/13.com.ar\/index.php\/wp-json\/wp\/v2\/posts"}],"about":[{"href":"https:\/\/13.com.ar\/index.php\/wp-json\/wp\/v2\/types\/post"}],"author":[{"embeddable":true,"href":"https:\/\/13.com.ar\/index.php\/wp-json\/wp\/v2\/users\/1"}],"replies":[{"embeddable":true,"href":"https:\/\/13.com.ar\/index.php\/wp-json\/wp\/v2\/comments?post=9630"}],"version-history":[{"count":0,"href":"https:\/\/13.com.ar\/index.php\/wp-json\/wp\/v2\/posts\/9630\/revisions"}],"wp:featuredmedia":[{"embeddable":true,"href":"https:\/\/13.com.ar\/index.php\/wp-json\/wp\/v2\/media\/9631"}],"wp:attachment":[{"href":"https:\/\/13.com.ar\/index.php\/wp-json\/wp\/v2\/media?parent=9630"}],"wp:term":[{"taxonomy":"category","embeddable":true,"href":"https:\/\/13.com.ar\/index.php\/wp-json\/wp\/v2\/categories?post=9630"},{"taxonomy":"post_tag","embeddable":true,"href":"https:\/\/13.com.ar\/index.php\/wp-json\/wp\/v2\/tags?post=9630"}],"curies":[{"name":"wp","href":"https:\/\/api.w.org\/{rel}","templated":true}]}}