{"id":9628,"date":"2025-03-03T12:06:37","date_gmt":"2025-03-03T15:06:37","guid":{"rendered":"https:\/\/13.com.ar\/index.php\/el-bar-porteno-que-nacio-en-el-siglo-xix-y-sigue-conquistando-con-su-autentica-cocina-espanola\/"},"modified":"2025-03-03T12:06:37","modified_gmt":"2025-03-03T15:06:37","slug":"el-bar-porteno-que-nacio-en-el-siglo-xix-y-sigue-conquistando-con-su-autentica-cocina-espanola","status":"publish","type":"post","link":"https:\/\/13.com.ar\/index.php\/el-bar-porteno-que-nacio-en-el-siglo-xix-y-sigue-conquistando-con-su-autentica-cocina-espanola\/","title":{"rendered":"El bar porte\u00f1o que naci\u00f3 en el siglo XIX y sigue conquistando con su aut\u00e9ntica cocina espa\u00f1ola"},"content":{"rendered":"<p> <br \/>\n<\/p>\n<div id=\"cuerpo\">\n<div class=\"sc-80531b6b-0 chRIGJ container-text text-embed\">\n<p>En la emblem\u00e1tica <strong>Avenida de Mayo<\/strong>, donde se entrelazan historia y modernidad, se conserva un lugar desde hace m\u00e1s de un siglo. El <strong>Bar Iberia<\/strong>, un verdadero cl\u00e1sico porte\u00f1o, se mantiene vigente como un <strong>refugio gastron\u00f3mico<\/strong> que transporta a sus clientes directamente a <strong>Espa\u00f1a<\/strong>.<\/p>\n<\/div>\n<div class=\"sc-80531b6b-0 chRIGJ container-text text-embed\">\n<p>Con una trayectoria que arranca en 1897 bajo el nombre de La Toja, este bar fue testigo de debates pol\u00edticos, conflictos y cambios hist\u00f3ricos, mientras se manten\u00eda como el punto de encuentro de generaciones de argentinos. Tras varios cambios de nombre, el establecimiento<strong> fue rebautizado en 1936, en pleno auge de la Guerra Civil Espa\u00f1ola, como Bar Iberia<\/strong>, un nombre que a\u00fan hoy refleja su fuerte v\u00ednculo con la cultura ib\u00e9rica. <\/p>\n<\/div>\n<div class=\"sc-80531b6b-0 chRIGJ container-text text-embed\">\n<p>En pleno siglo XXI, el <strong>bodeg\u00f3n<\/strong> sigue siendo un faro de la gastronom\u00eda espa\u00f1ola en <strong>Buenos Aires<\/strong>, con una propuesta renovada que honra sus ra\u00edces y mantiene viva la tradici\u00f3n en cada plato.<\/p>\n<\/div>\n<p><h2>La historia detr\u00e1s del Bar Iberia<\/h2>\n<\/p>\n<div class=\"sc-80531b6b-0 chRIGJ container-text text-embed\">\n<p>El Bar Iberia super\u00f3 las modas y los vaivenes hist\u00f3ricos de la ciudad, convirti\u00e9ndose en un lugar de culto para los amantes de la buena comida y los que buscan revivir la historia. <\/p>\n<\/div>\n<div class=\"sc-80531b6b-0 chRIGJ container-text text-embed\">\n<p>Fundado originalmente como La Toja, su transformaci\u00f3n a Bar Iberia en 1936, durante la Guerra Civil Espa\u00f1ola, lo posicion\u00f3 como el centro de acalorados debates entre republicanos y franquistas. Un punto de encuentro que se convirti\u00f3 en <strong>protagonista de los conflictos sociales y pol\u00edticos de la \u00e9poca<\/strong>. Pero m\u00e1s all\u00e1 de ser un simple bar, este lugar fue una verdadera instituci\u00f3n porte\u00f1a que acompa\u00f1\u00f3 el devenir de la ciudad, siendo parte de su coraz\u00f3n cultural.<\/p>\n<\/div>\n<div class=\"sc-198be8ec-0 cynXbu image-embed  image-embed \"><picture class=\"sc-198be8ec-1 kOjRiQ\"><source media=\"(min-width: 975px)\" width=\"720\" height=\"480\" \/><img alt=\"El Bar Iberia, originalmente conocido como La Toja, es un testimonio hist\u00f3rico de la ciudad. Foto: Guillermo Rodr\u00edguez Adami. \" loading=\"lazy\" width=\"720\" height=\"480\" decoding=\"async\" data-nimg=\"1\" style=\"color:transparent\" src=\"https:\/\/13.com.ar\/wp-content\/uploads\/2025\/03\/El-bar-porteno-que-nacio-en-el-siglo-XIX-y.jpg\"\/><span class=\"epigraphe\">El Bar Iberia, originalmente conocido como La Toja, es un testimonio hist\u00f3rico de la ciudad. Foto: Guillermo Rodr\u00edguez Adami. <\/span><span class=\"bkg\"\/><span class=\"picture-open\"><button class=\"open-image\" aria-label=\"Open Image\"\/><\/span><\/picture><\/div>\n<div class=\"sc-80531b6b-0 chRIGJ container-text text-embed\">\n<p>Hoy en d\u00eda, el <strong>Bar Iberia mantiene ese esp\u00edritu combativo y su identidad<\/strong>, no solo como un bar, sino como un pedazo de historia viva. La combinaci\u00f3n de su arquitectura cl\u00e1sica y su propuesta gastron\u00f3mica moderna le permiti\u00f3 sobrevivir a los cambios sin perder su esencia. Y as\u00ed, sigue siendo un lugar donde la historia y la gastronom\u00eda se fusionan para ofrecer una experiencia \u00fanica a quienes lo visitan.<\/p>\n<\/div>\n<p><h2>Las especialidades de la casa<\/h2>\n<\/p>\n<div class=\"sc-80531b6b-0 chRIGJ container-text text-embed\">\n<p>El men\u00fa del Bar Iberia supo evolucionar sin perder de vista la tradici\u00f3n de la cocina espa\u00f1ola. Con una variedad de <strong>tortillas de papa<\/strong> como plato emblema, el bodeg\u00f3n ofrece m\u00e1s de 15 opciones que van desde las cl\u00e1sicas con cebolla hasta versiones m\u00e1s arriesgadas, como la tortilla rellena de empanada de carne o la versi\u00f3n con queso cheddar. Estos platos, perfectos para <strong>compartir<\/strong>, combinan lo mejor de la gastronom\u00eda espa\u00f1ola con un toque porte\u00f1o que cautiva a todos los comensales.<\/p>\n<\/div>\n<div class=\"sc-80531b6b-0 chRIGJ container-text text-embed\">\n<p>Otro de los grandes atractivos es la<strong> milanesa napolitana XL<\/strong>, un plato que representa la fusi\u00f3n de la comida espa\u00f1ola y la argentina. Con carne de nalga, 400 gramos de muzzarella derretida y papas fritas caseras, esta receta est\u00e1 pensada para satisfacer a varias personas, convirti\u00e9ndose en un verdadero fest\u00edn. Adem\u00e1s, el bar ofrece combos promocionales que incluyen tortillas y cervezas, creando una experiencia completa que encanta tanto a turistas como a locales.<\/p>\n<\/div>\n<div class=\"sc-198be8ec-0 cynXbu image-embed  image-embed \"><picture class=\"sc-198be8ec-1 kOjRiQ\"><source media=\"(min-width: 975px)\" width=\"720\" height=\"480\" \/><img alt=\"Su men\u00fa ofrece tortillas de papa en 15 variedades y una milanesa napolitana XL, ideales para compartir. Foto: Guillermo Rodr\u00edguez Adami. \" loading=\"lazy\" width=\"720\" height=\"480\" decoding=\"async\" data-nimg=\"1\" style=\"color:transparent\" src=\"https:\/\/13.com.ar\/wp-content\/uploads\/2025\/03\/1741014397_484_El-bar-porteno-que-nacio-en-el-siglo-XIX-y.jpg\"\/><span class=\"epigraphe\">Su men\u00fa ofrece tortillas de papa en 15 variedades y una milanesa napolitana XL, ideales para compartir. Foto: Guillermo Rodr\u00edguez Adami. <\/span><span class=\"bkg\"\/><span class=\"picture-open\"><button class=\"open-image\" aria-label=\"Open Image\"\/><\/span><\/picture><\/div>\n<p><h2>D\u00f3nde queda y c\u00f3mo llegar al Bar Iberia<\/h2>\n<\/p>\n<div class=\"sc-80531b6b-0 chRIGJ container-text text-embed\">\n<p>Ubicado en la <strong>Avenida de Mayo 1196<\/strong>, en pleno barrio de Monserrat, este ic\u00f3nico bar es de f\u00e1cil acceso gracias a su cercan\u00eda con diversas l\u00edneas de transporte p\u00fablico.<\/p>\n<\/div>\n<div class=\"sc-80531b6b-0 chRIGJ container-text text-embed\">\n<ul>\n<li>Colectivos cercanos: 8, 23, 64, 105.<\/li>\n<\/ul>\n<\/div>\n<div class=\"sc-80531b6b-0 chRIGJ container-text text-embed\">\n<ul>\n<li>Subte: L\u00edneas B (Carlos Pellegrini), A (Lima), C (Avenida de Mayo) y D (9 de Julio)<\/li>\n<\/ul>\n<\/div>\n<div class=\"sc-80531b6b-0 chRIGJ container-text text-embed\">\n<p>El Bar Iberia abre sus puertas todos los d\u00edas, de domingo a jueves de 8 a 0 horas y de viernes a s\u00e1bados de 8 a 2 horas.<\/p>\n<\/div>\n<div class=\"sc-4306f4f9-0 bAPCpp\">\n<div class=\"inner-card-m\">\n<div class=\"related-content\">\n<p><span class=\"body-title\">Mir\u00e1 tambi\u00e9n<\/span><\/p>\n<h3>El bodeg\u00f3n escondido de La Paternal que sorprende con su picada de mariscos y carnes poco comunes<\/h3>\n<source media=\"(min-width: 975px)\" width=\"340\" height=\"340\" \/><img alt=\"El bodeg\u00f3n escondido de La Paternal que sorprende con su picada de mariscos y carnes poco comunes\" loading=\"lazy\" width=\"340\" height=\"340\" decoding=\"async\" data-nimg=\"1\" style=\"color:transparent\" src=\"https:\/\/13.com.ar\/wp-content\/uploads\/2025\/03\/1740829767_540_mas-de-70-anos-de-tradicion-precios-accesibles-y-porciones.jpg\"\/><\/div>\n<\/div>\n<\/div>\n<div class=\"sc-4306f4f9-0 bAPCpp\">\n<div class=\"inner-card-m\">\n<div class=\"related-content\">\n<p><span class=\"body-title\">Mir\u00e1 tambi\u00e9n<\/span><\/p>\n<h3>Un cl\u00e1sico de Barracas: el caf\u00e9 notable que supo reinventarse sin perder su esencia y es un emblema del barrio<\/h3>\n<source media=\"(min-width: 975px)\" width=\"340\" height=\"340\" \/><img alt=\"Un cl\u00e1sico de Barracas: el caf\u00e9 notable que supo reinventarse sin perder su esencia y es un emblema del barrio\" loading=\"lazy\" width=\"340\" height=\"340\" decoding=\"async\" data-nimg=\"1\" style=\"color:transparent\" src=\"https:\/\/13.com.ar\/wp-content\/uploads\/2025\/03\/1741014397_134_El-bar-porteno-que-nacio-en-el-siglo-XIX-y.jpg\"\/><\/div>\n<\/div>\n<\/div>\n<\/div>\n<p><br \/>\n<br \/><a href=\"https:\/\/www.clarin.com\/informacion-general\/bar-porteno-nacio-siglo-xix-sigue-conquistando-autentica-cocina-espanola_0_65LdsQNrYZ.html\">Fuente Clarin.com <\/a><\/p>\n","protected":false},"excerpt":{"rendered":"<p>En la emblem\u00e1tica Avenida de Mayo, donde se entrelazan historia y modernidad, se conserva un lugar desde hace m\u00e1s de un siglo. El Bar Iberia, un verdadero cl\u00e1sico porte\u00f1o, se mantiene vigente como un refugio gastron\u00f3mico que transporta a sus clientes directamente a Espa\u00f1a. Con una trayectoria que arranca en 1897 bajo el nombre de [&hellip;]<\/p>\n","protected":false},"author":1,"featured_media":9629,"comment_status":"open","ping_status":"open","sticky":false,"template":"","format":"standard","meta":{"footnotes":""},"categories":[2],"tags":[10460,2064,82,18,10459,772,3996,6236,2623,837,10458],"class_list":["post-9628","post","type-post","status-publish","format-standard","has-post-thumbnail","hentry","category-ultimas-noticias","tag-autentica","tag-bar","tag-cocina","tag-con","tag-conquistando","tag-espanola","tag-nacio","tag-porteno","tag-siglo","tag-sigue","tag-xix"],"_links":{"self":[{"href":"https:\/\/13.com.ar\/index.php\/wp-json\/wp\/v2\/posts\/9628","targetHints":{"allow":["GET"]}}],"collection":[{"href":"https:\/\/13.com.ar\/index.php\/wp-json\/wp\/v2\/posts"}],"about":[{"href":"https:\/\/13.com.ar\/index.php\/wp-json\/wp\/v2\/types\/post"}],"author":[{"embeddable":true,"href":"https:\/\/13.com.ar\/index.php\/wp-json\/wp\/v2\/users\/1"}],"replies":[{"embeddable":true,"href":"https:\/\/13.com.ar\/index.php\/wp-json\/wp\/v2\/comments?post=9628"}],"version-history":[{"count":0,"href":"https:\/\/13.com.ar\/index.php\/wp-json\/wp\/v2\/posts\/9628\/revisions"}],"wp:featuredmedia":[{"embeddable":true,"href":"https:\/\/13.com.ar\/index.php\/wp-json\/wp\/v2\/media\/9629"}],"wp:attachment":[{"href":"https:\/\/13.com.ar\/index.php\/wp-json\/wp\/v2\/media?parent=9628"}],"wp:term":[{"taxonomy":"category","embeddable":true,"href":"https:\/\/13.com.ar\/index.php\/wp-json\/wp\/v2\/categories?post=9628"},{"taxonomy":"post_tag","embeddable":true,"href":"https:\/\/13.com.ar\/index.php\/wp-json\/wp\/v2\/tags?post=9628"}],"curies":[{"name":"wp","href":"https:\/\/api.w.org\/{rel}","templated":true}]}}