{"id":9626,"date":"2025-03-03T12:00:47","date_gmt":"2025-03-03T15:00:47","guid":{"rendered":"https:\/\/13.com.ar\/index.php\/el-sabado-jugo-y-el-domingo-se-retiro-para-asumir-como-dt-de-tigres-de-monterrey\/"},"modified":"2025-03-03T12:00:47","modified_gmt":"2025-03-03T15:00:47","slug":"el-sabado-jugo-y-el-domingo-se-retiro-para-asumir-como-dt-de-tigres-de-monterrey","status":"publish","type":"post","link":"https:\/\/13.com.ar\/index.php\/el-sabado-jugo-y-el-domingo-se-retiro-para-asumir-como-dt-de-tigres-de-monterrey\/","title":{"rendered":"el s\u00e1bado jug\u00f3 y el domingo se retir\u00f3 para asumir como DT de Tigres de Monterrey"},"content":{"rendered":"<p> <br \/>\n<br \/><img decoding=\"async\" src=\"https:\/\/13.com.ar\/wp-content\/uploads\/2025\/03\/el-sabado-jugo-y-el-domingo-se-retiro-para-asumir.jpg\" \/><\/p>\n<div>\n<p>Una situaci\u00f3n poco habitual protagoniz\u00f3 <strong>Guido Pizarro<\/strong>, ex volante de <strong>Lan\u00fas <\/strong>y futbolista que particip\u00f3 de la Copa Am\u00e9rica 2019 para la <strong>Selecci\u00f3n Argentina<\/strong> de <strong>Lionel Scaloni<\/strong>. El s\u00e1bado hab\u00eda sido titular en la derrota de Tigres, 2 a 1 frente a Necaxa, por la jornada 10 del torneo Clausura 2025. Luego del partido, la dirigencia decidi\u00f3 despedir al entrenador<strong> Velko Paunovik<\/strong>, y en su lugar design\u00f3 al ahora ex jugador argentino.<\/p>\n<\/div>\n<div>\n<p>S\u00ed, en menos de un d\u00eda pas\u00f3 de retirarse como futbolista profesional a ser t\u00e9cnico. Ahora estar\u00e1 al mando de los que hasta hac\u00eda pocas horas eran sus compa\u00f1eros. Asumir\u00e1 de inmediato su nuevo rol.<\/p>\n<\/div>\n<div>\n<p><em>&#8220;Es un d\u00eda hist\u00f3rico para esta instituci\u00f3n pues Guido Pizarro ha decidido retirarse como jugador del Club Tigres. As\u00ed mismo, debido a su trayectoria, liderazgo y preparaci\u00f3n, la directiva ha tomado la decisi\u00f3n de nombrarlo como el nuevo entrenador de nuestro equipo&#8221;<\/em>, reza el comunicado de Tigres. <\/p>\n<\/div>\n<div>\n<p>Y agrega: <em>&#8220;En 11 a\u00f1os como jugador de Tigres, Guido particip\u00f3 en 480 partidos oficiales con el Club, siendo Campe\u00f3n de Liga en cuatro ocasiones, una vez de Concacaf, tres Campe\u00f3n de Campeones, una Copa MX y dos Campe\u00f3n de Campeones, lo que lo convierte en una leyenda y referente para la historia de nuestra instituci\u00f3n. Pizarro se gan\u00f3 el gafete de capit\u00e1n a partir del Clausura 2019 y desde ese momento se ha convertido en un hist\u00f3rico de esta instituci\u00f3n.Como parte de su preparaci\u00f3n para convertirse en Director T\u00e9cnico, Guido finaliz\u00f3 su curso de entrenador en la Federaci\u00f3n Mexicana de F\u00fatbol, obteniendo la Licencia Pro. Adem\u00e1s, cuenta con un M\u00e1ster en Direcci\u00f3n Deportiva por la Universidad de Barcelona y una especializaci\u00f3n en coaching emocional. A Guido lo acompa\u00f1ar\u00e1n elementos con experiencia internacional en este nuevo reto, mismos que se anunciar\u00e1n pr\u00f3ximamente.<\/em><\/p>\n<\/div>\n<div>\n<p>Y cierra:<em> &#8220;Bienvenido, Guido, al puesto de director t\u00e9cnico del equipo de tus amores. Estamos seguros de que tu Perfil Tigre y la garra que te caracterizaron en el campo durante 16 a\u00f1os se trasladar\u00e1 a tu carrera&#8221;.<\/em><\/p>\n<\/div>\n<div>\n<p>Pizarro, de 35 a\u00f1os reci\u00e9n cumplidos (el 26 de febrero) surgi\u00f3 de Lan\u00fas y tuvo participaciones en la Selecci\u00f3n Argentina. De hecho estuvo en la Copa Am\u00e9rica 2019 en Brasil y un a\u00f1o antes se qued\u00f3 en la puerta de ir al Mundial de Rusia. Tras la lesi\u00f3n de <strong>Manuel Lanzini<\/strong>, el entonces entrenador Jorge Sampaoli estaba entre \u00e9l y Enzo P\u00e9rez para llamar como reemplazante y opt\u00f3 por el jugador de River. Pizarro hab\u00eda formado parte tambi\u00e9n del proceso durante las Eliminatorias.<\/p>\n<\/div>\n<div>\n<p>Pizarro, volante central, de buen pase y manejo de pelota, lleg\u00f3 a Tigres en 2013. Y salvo por un paso por Sevilla en la temporada 2017-2018, jug\u00f3 m\u00e1s de una d\u00e9cada en el equipo mexicano, donde ahora tendr\u00e1 su primera experiencia como entrenador.<\/p>\n<\/div>\n<div>\n<p>No es una situaci\u00f3n in\u00e9dita la de pasar de un d\u00eda para otro de jugador a t\u00e9cnico ya que sucedi\u00f3 en algunos casos con otros argentinos. Por ejemplo, con <strong>Diego Simeone<\/strong>. El Cholo se retir\u00f3 en Racing en 2006 y autom\u00e1ticamente pas\u00f3 a ser t\u00e9cnico de La Academia.<\/p>\n<\/div>\n<div>\n<p>Por citar otros casos, lo mismo sucedi\u00f3 con dos hombres de River. Cuando el club de N\u00fa\u00f1ez baj\u00f3 de categor\u00eda en 2011, <strong>Mat\u00edas Almeyda<\/strong> colg\u00f3 los botines y r\u00e1pidamente acept\u00f3 la propuesta de <strong>Daniel Passarella<\/strong> de ser el t\u00e9cnico del equipo al que un a\u00f1o despu\u00e9s lo devolvi\u00f3 a Primera Divisi\u00f3n. Y <strong>Ram\u00f3n D\u00edaz<\/strong>, en 1995, volvi\u00f3 de Jap\u00f3n con la intenci\u00f3n de tener su tercer ciclo como futbolista Millonario y retirarse con la banda roja sobre el pecho pero en ese momento la dirigencia buscaba entrenador, le ofrecieron el puesto y el riojano se transform\u00f3 de buenas a primeras en t\u00e9cnico.<\/p>\n<\/div>\n<p><br \/>\n<br \/><a href=\"https:\/\/www.clarin.com\/deportes\/guido-pizarro-caso-rarisimo-sabado-jugo-domingo-retiro-asumir-dt-tigres-monterrey_0_RmRGGIGe3j.html\">Fuente Clarin.com <\/a><\/p>\n","protected":false},"excerpt":{"rendered":"<p>Una situaci\u00f3n poco habitual protagoniz\u00f3 Guido Pizarro, ex volante de Lan\u00fas y futbolista que particip\u00f3 de la Copa Am\u00e9rica 2019 para la Selecci\u00f3n Argentina de Lionel Scaloni. El s\u00e1bado hab\u00eda sido titular en la derrota de Tigres, 2 a 1 frente a Necaxa, por la jornada 10 del torneo Clausura 2025. Luego del partido, la [&hellip;]<\/p>\n","protected":false},"author":1,"featured_media":9627,"comment_status":"open","ping_status":"open","sticky":false,"template":"","format":"standard","meta":{"footnotes":""},"categories":[2],"tags":[10456,66,2845,1991,1610,16,3939,2156,10457],"class_list":["post-9626","post","type-post","status-publish","format-standard","has-post-thumbnail","hentry","category-ultimas-noticias","tag-asumir","tag-como","tag-domingo","tag-jugo","tag-monterrey","tag-para","tag-retiro","tag-sabado","tag-tigres"],"_links":{"self":[{"href":"https:\/\/13.com.ar\/index.php\/wp-json\/wp\/v2\/posts\/9626","targetHints":{"allow":["GET"]}}],"collection":[{"href":"https:\/\/13.com.ar\/index.php\/wp-json\/wp\/v2\/posts"}],"about":[{"href":"https:\/\/13.com.ar\/index.php\/wp-json\/wp\/v2\/types\/post"}],"author":[{"embeddable":true,"href":"https:\/\/13.com.ar\/index.php\/wp-json\/wp\/v2\/users\/1"}],"replies":[{"embeddable":true,"href":"https:\/\/13.com.ar\/index.php\/wp-json\/wp\/v2\/comments?post=9626"}],"version-history":[{"count":0,"href":"https:\/\/13.com.ar\/index.php\/wp-json\/wp\/v2\/posts\/9626\/revisions"}],"wp:featuredmedia":[{"embeddable":true,"href":"https:\/\/13.com.ar\/index.php\/wp-json\/wp\/v2\/media\/9627"}],"wp:attachment":[{"href":"https:\/\/13.com.ar\/index.php\/wp-json\/wp\/v2\/media?parent=9626"}],"wp:term":[{"taxonomy":"category","embeddable":true,"href":"https:\/\/13.com.ar\/index.php\/wp-json\/wp\/v2\/categories?post=9626"},{"taxonomy":"post_tag","embeddable":true,"href":"https:\/\/13.com.ar\/index.php\/wp-json\/wp\/v2\/tags?post=9626"}],"curies":[{"name":"wp","href":"https:\/\/api.w.org\/{rel}","templated":true}]}}