{"id":9624,"date":"2025-03-03T11:57:36","date_gmt":"2025-03-03T14:57:36","guid":{"rendered":"https:\/\/13.com.ar\/index.php\/graciela-alfano-se-sincero-sobre-sus-retoques-esteticos-me-hice-de-todo\/"},"modified":"2025-03-03T11:57:36","modified_gmt":"2025-03-03T14:57:36","slug":"graciela-alfano-se-sincero-sobre-sus-retoques-esteticos-me-hice-de-todo","status":"publish","type":"post","link":"https:\/\/13.com.ar\/index.php\/graciela-alfano-se-sincero-sobre-sus-retoques-esteticos-me-hice-de-todo\/","title":{"rendered":"Graciela Alfano se sincer\u00f3 sobre sus retoques est\u00e9ticos: &#8220;Me hice de todo&#8221;"},"content":{"rendered":"<p> <br \/>\n<\/p>\n<div id=\"cuerpo\">\n<div class=\"sc-80531b6b-0 chRIGJ container-text text-embed\">\n<p>Durante su extensa carrera, <strong>Graciela Alfano<\/strong> (72) siempre genera revuelo cuando se trata de mostrar su cuerpo. Con fotos en bikini y hasta videos desnuda, la imagen de Grace se convierte en noticia cada vez que la muestra.<\/p>\n<\/div>\n<div class=\"sc-80531b6b-0 chRIGJ container-text text-embed\">\n<p>A sus 72 a\u00f1os, Graciela sigue sorprendiendo con su belleza y esbelta figura. La ex vedette suele compartir fotos y videos mostrando su cuerpo y ense\u00f1\u00e1ndole a todos sus seguidores que los a\u00f1os a\u00fan no pasaron para ella.<\/p>\n<\/div>\n<div class=\"sc-80531b6b-0 chRIGJ container-text text-embed\">\n<p>En ese sentido, ahora, la ex vedette estuvo de invitada en <em>La Noche de Mirtha <\/em>(El Trece), en donde la conductora le pregunt\u00f3 si<strong> se hab\u00eda hecho retoques en el rostro<\/strong> para mantener la piel como la tiene a su edad.<\/p>\n<\/div>\n<div class=\"sc-80531b6b-0 chRIGJ container-text text-embed\">\n<p><strong>\u201cLechuga y agua\u201d<\/strong>, comenz\u00f3 bromeando Alfano, provocando la risa de todos los presentes.<\/p>\n<\/div>\n<div class=\"sc-80531b6b-0 chRIGJ container-text text-embed\">\n<p>Luego, explic\u00f3 cu\u00e1les son algunas de las rutinas que mantiene para su vida sana: \u201cNo\u2026 por supuesto que <strong>hago gimnasia todos los d\u00edas<\/strong>, he bailado, he hecho todo el entrenamiento, deporte, tengo una vida super sana, buena comida, medito\u2026\u201d.<\/p>\n<\/div>\n<div class=\"sc-198be8ec-0 cynXbu image-embed  image-embed \"><picture class=\"sc-198be8ec-1 kOjRiQ\"><source media=\"(min-width: 975px)\" width=\"720\" height=\"480\" \/><img alt=\"Graciela Alfano se sincer\u00f3 sobre sus retoques est\u00e9ticos. Foto: Captura TV\" loading=\"lazy\" width=\"720\" height=\"480\" decoding=\"async\" data-nimg=\"1\" style=\"color:transparent\" src=\"https:\/\/13.com.ar\/wp-content\/uploads\/2025\/03\/Graciela-Alfano-se-sincero-sobre-sus-retoques-esteticos-Me-hice.jpg\"\/><span class=\"epigraphe\">Graciela Alfano se sincer\u00f3 sobre sus retoques est\u00e9ticos. Foto: Captura TV<\/span><span class=\"bkg\"\/><span class=\"picture-open\"><button class=\"open-image\" aria-label=\"Open Image\"\/><\/span><\/picture><\/div>\n<div class=\"sc-80531b6b-0 chRIGJ container-text text-embed\">\n<p>Sin embargo, fue sincera a la hora de revelar que s\u00ed ha pasado por el quir\u00f3fano para mantener su juventud: \u201c<strong>Me hago botox, me hago rellenitos, me he hecho cirug\u00edas, me hecho de todo<\/strong> se\u00f1oras y se\u00f1ores. Es gen\u00e9tico pero tambi\u00e9n me he hecho de todo\u201d.<\/p>\n<\/div>\n<div class=\"sc-80531b6b-0 chRIGJ container-text text-embed\">\n<p>\u201cMe encanta decirlo. Que cada uno haga lo que quiera. El que no quiere, que no se haga. Pero yo soy as\u00ed. <strong>No me da decir que la lechuga me mantiene as\u00ed, no me da la cara<\/strong>\u201d, agreg\u00f3 Grace.<\/p>\n<\/div>\n<div class=\"sc-198be8ec-0 cynXbu image-embed  image-embed \"><picture class=\"sc-198be8ec-1 kOjRiQ\"><source media=\"(min-width: 975px)\" width=\"720\" height=\"480\" \/><img alt=\"Graciela Alfano se grab\u00f3 desnuda en la ducha. Foto: Instagram\" loading=\"lazy\" width=\"720\" height=\"480\" decoding=\"async\" data-nimg=\"1\" style=\"color:transparent\" src=\"https:\/\/13.com.ar\/wp-content\/uploads\/2025\/03\/1741013856_92_Graciela-Alfano-se-sincero-sobre-sus-retoques-esteticos-Me-hice.jpg\"\/><span class=\"epigraphe\">Graciela Alfano se grab\u00f3 desnuda en la ducha. Foto: Instagram<\/span><span class=\"bkg\"\/><span class=\"picture-open\"><button class=\"open-image\" aria-label=\"Open Image\"\/><\/span><\/picture><\/div>\n<div class=\"sc-80531b6b-0 chRIGJ container-text text-embed\">\n<p>Adem\u00e1s, cuando Mirtha le consult\u00f3 por su edad, Alfano dijo que tiene \u201c27 al rev\u00e9s\u201d, aunque luego se sincer\u00f3: \u201c<strong>Cuando yo cumpl\u00ed 70 y sent\u00ed que la vida me cambi\u00f3<\/strong>. Estoy perfecta y divina f\u00edsicamente. Me siento brutal\u201d.<\/p>\n<\/div>\n<div class=\"sc-80531b6b-0 chRIGJ container-text text-embed\">\n<p>\u201cLa cabeza me da. Tengo buenos amigos porque me dediqu\u00e9 en la vida al tiempo para mis amigos. Tengo tres hijos grandes con los que me llevo brutal. Una carrera que la gente me ama. Y estoy libre. Es una sensaci\u00f3n de libertad que es incre\u00edble. <strong>No teman llegar a esta edad, a cumplir a\u00f1os, cuando uno se port\u00f3 bien en la vida<\/strong>\u201d, cerr\u00f3.<\/p>\n<\/div>\n<div class=\"sc-198be8ec-0 cynXbu image-embed  image-embed \"><picture class=\"sc-198be8ec-1 kOjRiQ\"><source media=\"(min-width: 975px)\" width=\"720\" height=\"480\" \/><img alt=\"Graciela Alfano se sincer\u00f3 sobre sus retoques est\u00e9ticos. Foto: Captura TV\" loading=\"lazy\" width=\"720\" height=\"480\" decoding=\"async\" data-nimg=\"1\" style=\"color:transparent\" src=\"https:\/\/13.com.ar\/wp-content\/uploads\/2025\/03\/1741013856_608_Graciela-Alfano-se-sincero-sobre-sus-retoques-esteticos-Me-hice.jpg\"\/><span class=\"epigraphe\">Graciela Alfano se sincer\u00f3 sobre sus retoques est\u00e9ticos. Foto: Captura TV<\/span><span class=\"bkg\"\/><span class=\"picture-open\"><button class=\"open-image\" aria-label=\"Open Image\"\/><\/span><\/picture><\/div>\n<p><h2>Graciela Alfano revel\u00f3 que fue \u201cmuy infiel\u201d pero explic\u00f3 por qu\u00e9 ya no lo es<\/h2>\n<\/p>\n<div class=\"sc-80531b6b-0 chRIGJ container-text text-embed\">\n<p>Durante otra parte de la mesaza de Mirtha Legrand, Graciela Alfano explic\u00f3 que su relaci\u00f3n con Carlos Bustin recientemente lleg\u00f3 a su fin ya que el hombre<strong> le era extremadamente infiel y \u201cse daba a la conquista en mi cara\u201d.<\/strong><\/p>\n<\/div>\n<div class=\"sc-198be8ec-0 cynXbu image-embed  image-embed \"><picture class=\"sc-198be8ec-1 kOjRiQ\"><source media=\"(min-width: 975px)\" width=\"720\" height=\"480\" \/><img alt=\"Graciela Alfano y su ex pareja, Carlos Bustin\" loading=\"lazy\" width=\"720\" height=\"480\" decoding=\"async\" data-nimg=\"1\" style=\"color:transparent\" src=\"https:\/\/13.com.ar\/wp-content\/uploads\/2025\/03\/1741013856_9_Graciela-Alfano-se-sincero-sobre-sus-retoques-esteticos-Me-hice.jpg\"\/><span class=\"epigraphe\">Graciela Alfano y su ex pareja, Carlos Bustin<\/span><span class=\"bkg\"\/><span class=\"picture-open\"><button class=\"open-image\" aria-label=\"Open Image\"\/><\/span><\/picture><\/div>\n<div class=\"sc-80531b6b-0 chRIGJ container-text text-embed\">\n<p>\u201c<strong>La falta de respeto, no<\/strong>. Una cosa es lo que se arregla en una pareja con tiempo, familias, en fin, yo no me meto en otras cosas. Pero cuando una mujer siente que no la respetan, normalmente va de mal en peor cuando empiezan estas conductas\u201d, agreg\u00f3.<\/p>\n<\/div>\n<div class=\"sc-80531b6b-0 chRIGJ container-text text-embed\">\n<p>En ese sentido, Grace explic\u00f3 que lleg\u00f3 a la conclusi\u00f3n de irse de esa relaci\u00f3n ya que ella tambi\u00e9n hab\u00eda estado del otro lado: \u201c<strong>Yo fui muy infiel.<\/strong> Yo en un momento dije \u2018la fidelidad no es mi fuerte\u2019. Y era verdad, no era mi fuerte\u201d.<\/p>\n<\/div>\n<div class=\"sc-c2c2a3c6-0 ecgiEX border-video video-embed horizontal border-video video-embed horizontal\">\n<div class=\"sc-c2c2a3c6-1 kQhBlc videoText videoText\">\n<h2>Video<\/h2>\n<p>Graciela Alfano revel\u00f3 que fue \u201cmuy infiel\u201d pero explic\u00f3 por qu\u00e9 ya no lo es<\/p>\n<\/div>\n<\/div>\n<div class=\"sc-80531b6b-0 chRIGJ container-text text-embed\">\n<p>\u201cCuando uno decide ser infiel, empieza a mentir, a ocultar, a re\u00edrse del otro, a enga\u00f1ar y a ser desleal. Lo que vos ten\u00e9s que entender es que <strong>te has convertido en una persona mentirosa, ocultadora, desleal, traicionera.<\/strong> \u00bfVos quer\u00e9s ser as\u00ed? Si uno quiere ser as\u00ed, continu\u00e1. Sos un psic\u00f3pata. Se elige eso. Es una elecci\u00f3n. <strong>Yo eleg\u00ed<\/strong>\u201d, explic\u00f3.<\/p>\n<\/div>\n<div class=\"sc-80531b6b-0 chRIGJ container-text text-embed\">\n<p>Sin embargo, Alfano termin\u00f3 confesando por qu\u00e9 decidi\u00f3 no ser m\u00e1s infiel: \u201c<strong>Yo no quiero ser una desleal<\/strong>. Yo no quiero ser una traidora. Yo elijo a este hombre. Por supuesto que me va a gustar el otro o quien sea mi gusto sexual. Pero <strong>yo le voy a regalar a este hombre la fidelidad, el respeto<\/strong> y el hombre a la mujer tambi\u00e9n. Y no quiere decir que te convert\u00eds en un poste\u201d.<\/p>\n<\/div>\n<\/div>\n<p><br \/>\n<br \/><a href=\"https:\/\/www.clarin.com\/fama\/graciela-alfano-sincero-retoques-esteticos-hice_0_mQlhAH8zW5.html\">Fuente Clarin.com <\/a><\/p>\n","protected":false},"excerpt":{"rendered":"<p>Durante su extensa carrera, Graciela Alfano (72) siempre genera revuelo cuando se trata de mostrar su cuerpo. Con fotos en bikini y hasta videos desnuda, la imagen de Grace se convierte en noticia cada vez que la muestra. A sus 72 a\u00f1os, Graciela sigue sorprendiendo con su belleza y esbelta figura. La ex vedette suele [&hellip;]<\/p>\n","protected":false},"author":1,"featured_media":9625,"comment_status":"open","ping_status":"open","sticky":false,"template":"","format":"standard","meta":{"footnotes":""},"categories":[2],"tags":[4049,10454,4048,10455,10453,10452,732,40,24],"class_list":["post-9624","post","type-post","status-publish","format-standard","has-post-thumbnail","hentry","category-ultimas-noticias","tag-alfano","tag-esteticos","tag-graciela","tag-hice","tag-retoques","tag-sincero","tag-sobre","tag-sus","tag-todo"],"_links":{"self":[{"href":"https:\/\/13.com.ar\/index.php\/wp-json\/wp\/v2\/posts\/9624","targetHints":{"allow":["GET"]}}],"collection":[{"href":"https:\/\/13.com.ar\/index.php\/wp-json\/wp\/v2\/posts"}],"about":[{"href":"https:\/\/13.com.ar\/index.php\/wp-json\/wp\/v2\/types\/post"}],"author":[{"embeddable":true,"href":"https:\/\/13.com.ar\/index.php\/wp-json\/wp\/v2\/users\/1"}],"replies":[{"embeddable":true,"href":"https:\/\/13.com.ar\/index.php\/wp-json\/wp\/v2\/comments?post=9624"}],"version-history":[{"count":0,"href":"https:\/\/13.com.ar\/index.php\/wp-json\/wp\/v2\/posts\/9624\/revisions"}],"wp:featuredmedia":[{"embeddable":true,"href":"https:\/\/13.com.ar\/index.php\/wp-json\/wp\/v2\/media\/9625"}],"wp:attachment":[{"href":"https:\/\/13.com.ar\/index.php\/wp-json\/wp\/v2\/media?parent=9624"}],"wp:term":[{"taxonomy":"category","embeddable":true,"href":"https:\/\/13.com.ar\/index.php\/wp-json\/wp\/v2\/categories?post=9624"},{"taxonomy":"post_tag","embeddable":true,"href":"https:\/\/13.com.ar\/index.php\/wp-json\/wp\/v2\/tags?post=9624"}],"curies":[{"name":"wp","href":"https:\/\/api.w.org\/{rel}","templated":true}]}}