{"id":9622,"date":"2025-03-03T11:51:29","date_gmt":"2025-03-03T14:51:29","guid":{"rendered":"https:\/\/13.com.ar\/index.php\/morgan-freeman-se-emociono-al-recordar-a-gene-hackman-en-los-oscar-2025-perdi-a-un-amigo\/"},"modified":"2025-03-03T11:51:29","modified_gmt":"2025-03-03T14:51:29","slug":"morgan-freeman-se-emociono-al-recordar-a-gene-hackman-en-los-oscar-2025-perdi-a-un-amigo","status":"publish","type":"post","link":"https:\/\/13.com.ar\/index.php\/morgan-freeman-se-emociono-al-recordar-a-gene-hackman-en-los-oscar-2025-perdi-a-un-amigo\/","title":{"rendered":"Morgan Freeman se emocion\u00f3 al recordar a Gene Hackman en los Oscar 2025: \u201cPerd\u00ed a un amigo\u201d"},"content":{"rendered":"<p> <br \/>\n<br \/><img decoding=\"async\" src=\"https:\/\/13.com.ar\/wp-content\/uploads\/2025\/03\/Morgan-Freeman-se-emociono-al-recordar-a-Gene-Hackman-en.jpg\" \/><\/p>\n<div>\n<p><strong>Morgan Freeman<\/strong> present\u00f3 uno de los momentos m\u00e1s emotivos de los Oscar 2025, el In Memoriam, y comenz\u00f3 recordando a un amigo recientemente fallecido: Gene Hackman.<\/p>\n<\/div>\n<div>\n<p>\u201cEsta semana nuestra comunidad perdi\u00f3 a un gigante y yo perd\u00ed a un querido amigo. Tuve el placer de trabajar junto a Gene en dos pel\u00edculas, <strong>Los imperdonables<\/strong> y <strong>Bajo sospecha<\/strong>. Como todos los que alguna vez compartieron una escena con \u00e9l, aprend\u00ed que era un int\u00e9rprete generoso y un hombre cuyos dones elevaban el trabajo de todos\u201d, dijo el actor de 87 a\u00f1os, visiblemente conmovido.<\/p>\n<\/div>\n<div>\n<p>Y finaliz\u00f3: \u201cRecibi\u00f3 dos Oscar, pero m\u00e1s importante que eso, gan\u00f3 los corazones de los amantes del cine de todo el mundo\u201d.<\/p>\n<\/div>\n<div>\n<p>En Los imperdonables, el western de <strong>Clint Eastwood<\/strong> de 1992 que gan\u00f3 el Oscar a Mejor pel\u00edcula, Freeman y Hackman se enfrentan como h\u00e9roe y villano, respectivamente. El primero es Ned, un viejo amigo del forajido retirado que interpreta el propio Eastwood, mientras que el segundo es <em>&#8220;Little Bill&#8221;<\/em>, un despiadado sheriff corrupto.<\/p>\n<\/div>\n<div>\n<p>En <strong>Bajo sospecha<\/strong>, estrenada en 2000 por <strong>Stephen Hopkins<\/strong>, vuelven a ser antagonistas. En esta ocasi\u00f3n Freeman es V\u00edctor, un polic\u00eda que investiga un caso vinculado a un poderoso abogado de Puerto Rico interpretado por Hackman.<\/p>\n<\/div>\n<div>\n<p>El a\u00f1o que pas\u00f3 se llev\u00f3 grandes nombres relacionados a la industria de Hollywood. <strong>Maggie Smith<\/strong>,<strong> David Lynch<\/strong>, <strong>James Earl Jones<\/strong>, y la lista sigue. Estos tres y varios m\u00e1s fueron recordados en la ceremonia al momento de rendirles tributo a los fallecidos del a\u00f1o anterior, <strong>pero tambi\u00e9n hubo olvidos<\/strong>.<\/p>\n<\/div>\n<div>\n<p>La Academia olvid\u00f3 (o eligi\u00f3) no poner en el In Memoriam a al menos un tr\u00edo de figuras fallecidas entre 2024 y 2025 de alta relevancia medi\u00e1tica y profesional. Uno es el actor franc\u00e9s <strong>Alain Delon<\/strong>; otra, la actriz <strong>Shannen Doherty<\/strong>.<\/p>\n<\/div>\n<div>\n<p>Sin embargo, la ausencia que m\u00e1s llam\u00f3 la atenci\u00f3n fue la de <strong>Michelle Trachtenberg<\/strong>, porque se trata de una p\u00e9rdida reciente. La actriz de Gossip Girl y Buffy, la cazavampiros fue hallada sin vida el pasado 26 de febrero a sus 39 a\u00f1os y la noticia impact\u00f3 en todo el mundo.<\/p>\n<\/div>\n<p><br \/>\n<br \/><a href=\"https:\/\/www.clarin.com\/internacional\/morgan-freeman-emociono-recordar-gene-hackman-oscar-2025-perdi-amigo_0_genP4xpzcj.html\">Fuente Clarin.com <\/a><\/p>\n","protected":false},"excerpt":{"rendered":"<p>Morgan Freeman present\u00f3 uno de los momentos m\u00e1s emotivos de los Oscar 2025, el In Memoriam, y comenz\u00f3 recordando a un amigo recientemente fallecido: Gene Hackman. \u201cEsta semana nuestra comunidad perdi\u00f3 a un gigante y yo perd\u00ed a un querido amigo. Tuve el placer de trabajar junto a Gene en dos pel\u00edculas, Los imperdonables y [&hellip;]<\/p>\n","protected":false},"author":1,"featured_media":9623,"comment_status":"open","ping_status":"open","sticky":false,"template":"","format":"standard","meta":{"footnotes":""},"categories":[2],"tags":[4670,6916,10450,9666,9667,28,6102,4933,10451,3995],"class_list":["post-9622","post","type-post","status-publish","format-standard","has-post-thumbnail","hentry","category-ultimas-noticias","tag-amigo","tag-emociono","tag-freeman","tag-gene","tag-hackman","tag-los","tag-morgan","tag-oscar","tag-perdi","tag-recordar"],"_links":{"self":[{"href":"https:\/\/13.com.ar\/index.php\/wp-json\/wp\/v2\/posts\/9622","targetHints":{"allow":["GET"]}}],"collection":[{"href":"https:\/\/13.com.ar\/index.php\/wp-json\/wp\/v2\/posts"}],"about":[{"href":"https:\/\/13.com.ar\/index.php\/wp-json\/wp\/v2\/types\/post"}],"author":[{"embeddable":true,"href":"https:\/\/13.com.ar\/index.php\/wp-json\/wp\/v2\/users\/1"}],"replies":[{"embeddable":true,"href":"https:\/\/13.com.ar\/index.php\/wp-json\/wp\/v2\/comments?post=9622"}],"version-history":[{"count":0,"href":"https:\/\/13.com.ar\/index.php\/wp-json\/wp\/v2\/posts\/9622\/revisions"}],"wp:featuredmedia":[{"embeddable":true,"href":"https:\/\/13.com.ar\/index.php\/wp-json\/wp\/v2\/media\/9623"}],"wp:attachment":[{"href":"https:\/\/13.com.ar\/index.php\/wp-json\/wp\/v2\/media?parent=9622"}],"wp:term":[{"taxonomy":"category","embeddable":true,"href":"https:\/\/13.com.ar\/index.php\/wp-json\/wp\/v2\/categories?post=9622"},{"taxonomy":"post_tag","embeddable":true,"href":"https:\/\/13.com.ar\/index.php\/wp-json\/wp\/v2\/tags?post=9622"}],"curies":[{"name":"wp","href":"https:\/\/api.w.org\/{rel}","templated":true}]}}