{"id":962,"date":"2025-01-31T12:47:49","date_gmt":"2025-01-31T15:47:49","guid":{"rendered":"https:\/\/13.com.ar\/index.php\/sebastian-dominguez-suspendido-por-la-afa-tras-decirle-te-prendo-fuego-al-arbitro-andres-merlos-en-velez-vs-platense\/"},"modified":"2025-01-31T12:47:49","modified_gmt":"2025-01-31T15:47:49","slug":"sebastian-dominguez-suspendido-por-la-afa-tras-decirle-te-prendo-fuego-al-arbitro-andres-merlos-en-velez-vs-platense","status":"publish","type":"post","link":"https:\/\/13.com.ar\/index.php\/sebastian-dominguez-suspendido-por-la-afa-tras-decirle-te-prendo-fuego-al-arbitro-andres-merlos-en-velez-vs-platense\/","title":{"rendered":"Sebasti\u00e1n Dom\u00ednguez, suspendido por la AFA tras decirle &#8220;Te prendo fuego&#8221; al \u00e1rbitro Andr\u00e9s Merlos en V\u00e9lez vs Platense"},"content":{"rendered":"<p> <br \/>\n<br \/><img decoding=\"async\" src=\"https:\/\/13.com.ar\/wp-content\/uploads\/2025\/01\/Sebastian-Dominguez-suspendido-por-la-AFA-tras-decirle-Te-prendo.jpg\" \/><\/p>\n<div id=\"cuerpo\">\n<div class=\"sc-80531b6b-0 chRIGJ container-text text-embed\">\n<p>El martes pasado, en el arranque de la fecha 2 del torneo Apertura, <strong>V\u00e9lez <\/strong>perdi\u00f3 sobre la hora por 0-1 ante <strong>Platense<\/strong>, como local, en una cancha en muy mal estado. La bronca por el resultado ag\u00f3nico invadi\u00f3 al club de Villa Luro y fue su entrenador, <strong>Sebasti\u00e1n Dom\u00ednguez<\/strong>, el que hizo visible esa frustraci\u00f3n, en su caso reclam\u00e1ndole algunas jugadas pol\u00e9micas al \u00e1rbitro <strong>Andr\u00e9s Merlos<\/strong>, el pol\u00e9mico juez que ya fue protagonista de episodios controversiales.<\/p>\n<\/div>\n<div class=\"sc-80531b6b-0 chRIGJ container-text text-embed\">\n<p>&#8220;Si hablo te prendo fuego&#8221;, le dijo Dom\u00ednguez a Merlos en medio de la discusi\u00f3n. Ahora, el joven t\u00e9cnico qued\u00f3 suspendido provisionalmente y no podr\u00e1 dirigir a V\u00e9lez en el pr\u00f3ximo partido, ante Instituto en C\u00f3rdoba. El anuncio lo hizo la <strong>AFA <\/strong>a trav\u00e9s de la \u00faltima publicaci\u00f3n del <strong>Tribunal de Disciplina<\/strong>.<\/p>\n<\/div>\n<div class=\"sc-80531b6b-0 chRIGJ container-text text-embed\">\n<p>&#8220;Se suspende provisionalmente y se autoriza a formular su defensa por escrito dentro del plazo reglamentario, al director t\u00e9cnico Sebasti\u00e1n Enrique Dom\u00ednguez, del Club V\u00e9lez Sarsfield&#8221;, dice el documento.<\/p>\n<\/div>\n<div class=\"sc-80531b6b-0 chRIGJ container-text text-embed\">\n<p>Tras el 0-1 en el Amalfitani, Dom\u00ednguez encar\u00f3 a Merlos para pedirle explicaciones puntualmente por una tarjeta al futbolista Juan Saborido, del Calamar, que hubiera dejado al equipo visitante en inferioridad num\u00e9rica. El refer\u00ed, por su parte, le trataba de dar sus justificailes pero el DT no entraba en raz\u00f3n, y lo que comenz\u00f3 con un di\u00e1logo risue\u00f1o fue levantando tempratura hasta transformarse en <strong>un tenso ida y vuelta que roz\u00f3 la descalificaci\u00f3n<\/strong>.<\/p>\n<\/div>\n<div class=\"sc-80531b6b-0 chRIGJ container-text text-embed\">\n<p>&#8220;No me pod\u00e9s mu\u00f1equear el partido&#8221;, arranc\u00f3 Dom\u00ednguez, enojado y algo nervioso, acompa\u00f1ado a su lado por <strong>Agust\u00edn Bouzat<\/strong>, capit\u00e1n del Fort\u00edn.<\/p>\n<\/div>\n<div class=\"sc-80531b6b-0 chRIGJ container-text text-embed\">\n<p>&#8220;Saborido a los 30 minutos tendr\u00eda que estar afuera&#8221;, le reproch\u00f3 el entrenador, pero Merlos le trataba de resoponder: &#8220;Para vos, Seba&#8230;&#8221;. Y la historia sigui\u00f3: &#8220;\u00bfC\u00f3mo que no? Se va solo y lo baja. Toca la pelota y lo baja&#8221;. Entonces, el juez central le respondi\u00f3: &#8220;Te explico cu\u00e1ndo es amarilla y cu\u00e1ndo no. No hay ataque prometedor, no hay nada&#8221;<\/p>\n<\/div>\n<div class=\"sc-ad4aedf2-0 dPPgNJ border-video video-embed horizontal border-video video-embed horizontal\">\n<div class=\"sc-ad4aedf2-1 hnFuni videoText videoText\">\n<h2>Video<\/h2>\n<p>Sebasti\u00e1n Dom\u00ednguez, el DT de V\u00e9lez, increp\u00f3 al \u00e1rbitro tras la derrota ante Platense<\/p>\n<\/div>\n<\/div>\n<div class=\"sc-80531b6b-0 chRIGJ container-text text-embed\">\n<p>Dom\u00ednguez le insisti\u00f3, ya exaltado: &#8220;\u00bfVos dorm\u00eds tranquilo? Te conozco bien, eh&#8230; Si hablo yo, te prendo fuego&#8221;. Y el \u00e1rbitro reaccion\u00f3 con el mismo tono: &#8220;Yo siempre duermo tranquilo. Ven\u00ed, ven\u00ed, Seba, prendeme fuego ac\u00e1&#8221;, apuntando a la platea de V\u00e9lez.<\/p>\n<\/div>\n<div class=\"sc-80531b6b-0 chRIGJ container-text text-embed\">\n<p>Esa \u00faltima frase fue la que m\u00e1s ruido hizo en el informe escrito por Merlos, donde habl\u00f3 de amenazas de parte de Dom\u00ednguez, quien no podr\u00e1 dirigir a V\u00e9lez en la visita a C\u00f3rdoba, para enfrentar a Instituto, el domingo a las 21.30.<\/p>\n<\/div>\n<p><h2>La noche caliente de Sebasti\u00e1n Dom\u00ednguez sigui\u00f3 con los DTs de Platense<\/h2>\n<\/p>\n<div class=\"sc-80531b6b-0 chRIGJ container-text text-embed\">\n<p>En los noventa minutos, Sebasti\u00e1n Dom\u00ednguez discuti\u00f3 en varias oportunidades con el banco rival, liderado por la dupla de entrenadores que conforman <strong>Sergio G\u00f3mez <\/strong>y <strong>Favio Orsi<\/strong>. El reproche de Dom\u00ednguez ten\u00eda que ver con lo que para \u00e9l era una actitud de hacer tiempo de Platense a la hora de los cambios. Ese mal clima qued\u00f3 expuesto en conferencia de prensa cuando G\u00f3mez blanque\u00f3 los chispazos con su colega y exigi\u00f3 respeto a sus trayectorias.<\/p>\n<\/div>\n<div class=\"sc-80531b6b-0 chRIGJ container-text text-embed\">\n<p>\u201cSon situaciones, si hay algo que me dej\u00f3 mi mam\u00e1 de herencia es que uno no puede perder la escencia, la humildad\u201d, plante\u00f3 el Negro, todav\u00eda enojado a pesar de la valiosa victoria que hab\u00eda obtenido su equipo.<\/p>\n<\/div>\n<div class=\"sc-80531b6b-0 chRIGJ container-text text-embed\">\n<p>\u201cSi el entrenador rival me dice que nosotros nunca jugamos al f\u00fatbol, es su idea y su forma de ver. Nuestro equipo trabaja, intenta, el entrenador de ellos tiene una idea, la intenta llevar a cabo, pero nosotros somos entrenadores que venimos del ascenso, que dirigimos hace 14 a\u00f1os y todo lo que recorrimos es m\u00e9rito\u201d, plante\u00f3 G\u00f3mez, marc\u00e1ndole la cancha a Dom\u00ednguez.<\/p>\n<\/div>\n<div class=\"sc-106e49c0-0 dcVumd freeHtml-embed undefined\">\n<blockquote class=\"twitter-tweet\">\n<p lang=\"es\" dir=\"ltr\">\ud83d\udd25 &#8220;SI EL ENTRENADOR RIVAL ME DICE QUE NUNCA JUGAMOS AL F\u00daTBOL&#8230;&#8221;<\/p>\n<p>\ud83d\udd25 &#8220;AC\u00c1 ES F\u00c1CIL ENOJARSE, EN MI BARRIO LAS COSAS SE ARREGLAN DE OTRA FORMA&#8230;&#8221;<\/p>\n<p>\ud83e\udd2f Sergio G\u00f3mez le mand\u00f3 un mensaje a Seba Dom\u00ednguez en la conferencia de prensa.<\/p>\n<p>\ud83d\udcfa <a rel=\"nofollow\" target=\"_blank\" href=\"https:\/\/twitter.com\/hashtag\/SportsCenter?src=hash&amp;ref_src=twsrc%5Etfw\">#SportsCenter<\/a> | <a rel=\"nofollow\" target=\"_blank\" href=\"https:\/\/twitter.com\/hashtag\/DisneyPlus?src=hash&amp;ref_src=twsrc%5Etfw\">#DisneyPlus<\/a> <a rel=\"nofollow\" target=\"_blank\" href=\"https:\/\/t.co\/VcOWIjl7ha\">pic.twitter.com\/VcOWIjl7ha<\/a><\/p>\n<p>\u2014 SportsCenter (@SC_ESPN) <a rel=\"nofollow\" target=\"_blank\" href=\"https:\/\/twitter.com\/SC_ESPN\/status\/1884446350483370160?ref_src=twsrc%5Etfw\">January 29, 2025<\/a><\/p><\/blockquote>\n<\/div>\n<div class=\"sc-80531b6b-0 chRIGJ container-text text-embed\">\n<p>Y sobre el final de su descargo complet\u00f3: \u201cSigo siendo el mismo morocho de barrio San Antonio que adentro de una cancha no peleo y no lo voy hacer porque vivo de esto y trato de ser lo m\u00e1s educado que puedo y no faltar el respeto, pero ac\u00e1 es facil enojarse y en mi barrio las cosas se solucionan de otra manera\u201d.<\/p>\n<\/div>\n<div class=\"sc-80531b6b-0 chRIGJ container-text text-embed\">\n<p>\u201cEvolucion\u00e9 para cambiar mi vida y no me lastima, porque estoy de acuerdo con lo que hacemos. Platense me contrat\u00f3 para sumar puntos y estamos en ese camino\u201d, dijo G\u00f3mez, y cerr\u00f3 con altura: \u201cSiempre humilde, empatemos con River, ganamos con Velez en su cancha. Cada uno tiene su opini\u00f3n del juego y no respondo a que no jugamos a nada. Dieron nueve minutos, no hubo nada raro, erramos un penal y creo que Plantese mereci\u00f3 ganar\u201d.<\/p>\n<\/div>\n<\/div>\n<p><script async src=\"\/\/platform.twitter.com\/widgets.js\" charset=\"utf-8\"><\/script><br \/>\n<br \/><br \/>\n<br \/><a href=\"https:\/\/www.clarin.com\/deportes\/sebastian-dominguez-suspendido-afa-decirle-prendo-fuego-arbitro-andres-merlos-velez-vs-platense_0_pCEN2RpO6O.html\">Fuente Clarin.com <\/a><\/p>\n","protected":false},"excerpt":{"rendered":"<p>El martes pasado, en el arranque de la fecha 2 del torneo Apertura, V\u00e9lez perdi\u00f3 sobre la hora por 0-1 ante Platense, como local, en una cancha en muy mal estado. La bronca por el resultado ag\u00f3nico invadi\u00f3 al club de Villa Luro y fue su entrenador, Sebasti\u00e1n Dom\u00ednguez, el que hizo visible esa frustraci\u00f3n, [&hellip;]<\/p>\n","protected":false},"author":1,"featured_media":963,"comment_status":"open","ping_status":"open","sticky":false,"template":"","format":"standard","meta":{"footnotes":""},"categories":[2],"tags":[2308,2312,2311,2309,938,853,939,941,142,2310,937,1394,312,2313],"class_list":["post-962","post","type-post","status-publish","format-standard","has-post-thumbnail","hentry","category-ultimas-noticias","tag-afa","tag-andres","tag-arbitro","tag-decirle","tag-dominguez","tag-fuego","tag-merlos","tag-platense","tag-por","tag-prendo","tag-sebastian","tag-suspendido","tag-tras","tag-velez"],"_links":{"self":[{"href":"https:\/\/13.com.ar\/index.php\/wp-json\/wp\/v2\/posts\/962","targetHints":{"allow":["GET"]}}],"collection":[{"href":"https:\/\/13.com.ar\/index.php\/wp-json\/wp\/v2\/posts"}],"about":[{"href":"https:\/\/13.com.ar\/index.php\/wp-json\/wp\/v2\/types\/post"}],"author":[{"embeddable":true,"href":"https:\/\/13.com.ar\/index.php\/wp-json\/wp\/v2\/users\/1"}],"replies":[{"embeddable":true,"href":"https:\/\/13.com.ar\/index.php\/wp-json\/wp\/v2\/comments?post=962"}],"version-history":[{"count":0,"href":"https:\/\/13.com.ar\/index.php\/wp-json\/wp\/v2\/posts\/962\/revisions"}],"wp:featuredmedia":[{"embeddable":true,"href":"https:\/\/13.com.ar\/index.php\/wp-json\/wp\/v2\/media\/963"}],"wp:attachment":[{"href":"https:\/\/13.com.ar\/index.php\/wp-json\/wp\/v2\/media?parent=962"}],"wp:term":[{"taxonomy":"category","embeddable":true,"href":"https:\/\/13.com.ar\/index.php\/wp-json\/wp\/v2\/categories?post=962"},{"taxonomy":"post_tag","embeddable":true,"href":"https:\/\/13.com.ar\/index.php\/wp-json\/wp\/v2\/tags?post=962"}],"curies":[{"name":"wp","href":"https:\/\/api.w.org\/{rel}","templated":true}]}}