{"id":954,"date":"2025-01-31T12:23:18","date_gmt":"2025-01-31T15:23:18","guid":{"rendered":"https:\/\/13.com.ar\/index.php\/contra-alperovich-espinoza-y-alberto-no-marcharon\/"},"modified":"2025-01-31T12:23:18","modified_gmt":"2025-01-31T15:23:18","slug":"contra-alperovich-espinoza-y-alberto-no-marcharon","status":"publish","type":"post","link":"https:\/\/13.com.ar\/index.php\/contra-alperovich-espinoza-y-alberto-no-marcharon\/","title":{"rendered":"\u201cContra Alperovich, Espinoza y Alberto no marcharon\u201d"},"content":{"rendered":"<p> <br \/>\n<br \/><img decoding=\"async\" src=\"https:\/\/13.com.ar\/wp-content\/uploads\/2025\/01\/Contra-Alperovich-Espinoza-y-Alberto-no-marcharon.jpg\" \/><\/p>\n<div id=\"cuerpo\">\n<div class=\"sc-80531b6b-0 chRIGJ container-text text-embed\">\n<p>Para el Gobierno, no hay dudas. En las entra\u00f1as de la mesa chica del Presidente <strong>acusan al kirchnerismo como el principal promotor de la marcha LGTBQ que se realizar\u00e1 este s\u00e1bado <\/strong>en el centro porte\u00f1o y con la Plaza de Mayo como punto clave de la concentraci\u00f3n.<\/p>\n<\/div>\n<div class=\"sc-80531b6b-0 chRIGJ container-text text-embed\">\n<p>En los pasillos de la Casa Rosada, las espadas m\u00e1s importantes de Javier Milei sostienen que \u201clos K est\u00e1n fogoneando la marcha\u201d y que buscan asegurar que sea una movilizaci\u00f3n \u201cprobablemente importante\u201d con el \u00fanico objetivo de generarle un rev\u00e9s pol\u00edtico en un momento en el que las principales variables econ\u00f3micas no les dan motivos.<\/p>\n<\/div>\n<div class=\"sc-80531b6b-0 chRIGJ container-text text-embed\">\n<p>Si bien el aparato peronista se sum\u00f3 luego de que colectivos LGTBQ hicieran la convocatoria, <strong>rechazan que sea una movida genuina a partir de los dichos de Javier Milei en el Foro de Davos sobre la agenda Woke, la homosexualidad y el feminismo<\/strong>.<\/p>\n<\/div>\n<div class=\"sc-80531b6b-0 chRIGJ container-text text-embed\">\n<p>\u201cEs una marcha del kirchnerismo, desde el primer momento buscaron tergiversar el discurso de Milei y sacarlo de contexto\u201d, afirman a Clar\u00edn desde la c\u00faspide libertaria.<\/p>\n<\/div>\n<div class=\"sc-80531b6b-0 chRIGJ container-text text-embed\">\n<p>En ese sentido apuntan contra \u201cla doble moral\u201d de los K por \u201cocultar y no movilizarse nunca contra sus golpeadores y abusadores\u201d. <strong>Mencionan los casos de Alberto Fern\u00e1ndez, acusado por violencia de g\u00e9nero contra la ex primera dama Fabiola Y\u00e1\u00f1ez; Jos\u00e9 Alperovich<\/strong>, condenado por violar a su sobrina cuando era senador por el kirchnerismo, y el intendente de La Matanza, Fernando Espinoza, denunciado por abusar de una ex empleada.<\/p>\n<\/div>\n<div class=\"sc-80531b6b-0 chRIGJ container-text text-embed\">\n<p>Lo explicitaron en off y en on distintos referentes de La Libertad Avanza. <strong>\u201c\u00bfLa marcha es por Cecilia Strzyzowski de Chaco que tiraron a los chanchos? Es por la sobrina menor de Alperovich? Es por la golpeada Fabiola? Ah no, es por un video editado a prop\u00f3sito mal de Milei\u201d<\/strong>, plante\u00f3 el cineasta Santiago Or\u00eda, el responsable de todo el contenido audiovisual de Presidencia.<\/p>\n<\/div>\n<div class=\"sc-80531b6b-0 chRIGJ container-text text-embed\">\n<p>Lejos de aflojar, y a pesar de que no pierden de vista que los \u201cdichos tergiversados\u201d tuvieron un impacto negativo, en Balcarce 50 sostienen que \u201cla Marcha Federal Antifascista va a reunir a lo peor de la pol\u00edtica rancia, a la casta sindical y a los fascistas pro-Hamas\u201d, con el \u00fanico objetivo de \u201cdesestabilizar al Gobierno\u201d.  \u201cEs una opereta m\u00e1s de todas las que nos hicieron. El d\u00eda despu\u00e9s de la marcha la vida sigue y no nos cambia nada, porque la gente ya no se deja enga\u00f1ar\u201d, reforzaron en la c\u00fapula oficial.<\/p>\n<\/div>\n<div class=\"sc-80531b6b-0 chRIGJ container-text text-embed\">\n<p>Lejos de minimizar el volumen de la marcha,  en el Gobierno reconocen que por la maquinaria peronista y radical \u201cpuede ser una movilizaci\u00f3n importante\u201d, por lo que afronta una encrucijada en materia de seguridad.<\/p>\n<\/div>\n<div class=\"sc-80531b6b-0 chRIGJ container-text text-embed\">\n<p>Es que altas fuentes oficiales reconocen que el \u201cProtocolo Antipiquetes\u201d ser\u00e1 \u201cdif\u00edcil de aplicar si hay una multitud\u201d.<\/p>\n<\/div>\n<div class=\"sc-80531b6b-0 chRIGJ container-text text-embed\">\n<p>La idea es monitorear de forma a\u00e9rea &#8220;la dimensi\u00f3n de la marcha&#8221; y se instar\u00e1 a los manifestantes a que no permanezcan en las principales arterias de la Ciudad y se dirijan r\u00e1pidamente a la Plaza de Mayo. \u201cEl objetivo es que respeten los cortes parciales que dise\u00f1amos y se suban r\u00e1pido a la plaza para evitar intervenir\u201d, indicaron.<\/p>\n<\/div>\n<div class=\"sc-80531b6b-0 chRIGJ container-text text-embed\">\n<p><strong>La prioridad ser\u00e1 la custodia del Congreso y de la Casa de Gobierno <\/strong>con presencia de fuerzas federales y vallados. Impedir\u00e1n que la gente se acerque a los edificios y recalcaron que \u201cno se tolerar\u00e1 ning\u00fan intento de vandalismo&#8221;.<\/p>\n<\/div>\n<div class=\"sc-80531b6b-0 chRIGJ container-text text-embed\">\n<p>La escena servir\u00e1 tambi\u00e9n para medir c\u00f3mo ser\u00e1 el trabajo en conjunto con la Polic\u00eda de la Ciudad en el momento de mayor tensi\u00f3n entre el Gobierno nacional y la administraci\u00f3n PRO de Jorge Macri.<\/p>\n<\/div>\n<\/div>\n<p><br \/>\n<br \/><a href=\"https:\/\/www.clarin.com\/politica\/gobierno-acusa-k-impulsar-marcha-lgtbq-alperovich-espinoza-alberto-marcharon_0_HZrWrGpNUo.html\">Fuente Clarin.com <\/a><\/p>\n","protected":false},"excerpt":{"rendered":"<p>Para el Gobierno, no hay dudas. En las entra\u00f1as de la mesa chica del Presidente acusan al kirchnerismo como el principal promotor de la marcha LGTBQ que se realizar\u00e1 este s\u00e1bado en el centro porte\u00f1o y con la Plaza de Mayo como punto clave de la concentraci\u00f3n. En los pasillos de la Casa Rosada, las [&hellip;]<\/p>\n","protected":false},"author":1,"featured_media":955,"comment_status":"open","ping_status":"open","sticky":false,"template":"","format":"standard","meta":{"footnotes":""},"categories":[2],"tags":[579,2291,835,2292,2293],"class_list":["post-954","post","type-post","status-publish","format-standard","has-post-thumbnail","hentry","category-ultimas-noticias","tag-alberto","tag-alperovich","tag-contra","tag-espinoza","tag-marcharon"],"_links":{"self":[{"href":"https:\/\/13.com.ar\/index.php\/wp-json\/wp\/v2\/posts\/954","targetHints":{"allow":["GET"]}}],"collection":[{"href":"https:\/\/13.com.ar\/index.php\/wp-json\/wp\/v2\/posts"}],"about":[{"href":"https:\/\/13.com.ar\/index.php\/wp-json\/wp\/v2\/types\/post"}],"author":[{"embeddable":true,"href":"https:\/\/13.com.ar\/index.php\/wp-json\/wp\/v2\/users\/1"}],"replies":[{"embeddable":true,"href":"https:\/\/13.com.ar\/index.php\/wp-json\/wp\/v2\/comments?post=954"}],"version-history":[{"count":0,"href":"https:\/\/13.com.ar\/index.php\/wp-json\/wp\/v2\/posts\/954\/revisions"}],"wp:featuredmedia":[{"embeddable":true,"href":"https:\/\/13.com.ar\/index.php\/wp-json\/wp\/v2\/media\/955"}],"wp:attachment":[{"href":"https:\/\/13.com.ar\/index.php\/wp-json\/wp\/v2\/media?parent=954"}],"wp:term":[{"taxonomy":"category","embeddable":true,"href":"https:\/\/13.com.ar\/index.php\/wp-json\/wp\/v2\/categories?post=954"},{"taxonomy":"post_tag","embeddable":true,"href":"https:\/\/13.com.ar\/index.php\/wp-json\/wp\/v2\/tags?post=954"}],"curies":[{"name":"wp","href":"https:\/\/api.w.org\/{rel}","templated":true}]}}