{"id":952,"date":"2025-01-31T12:20:31","date_gmt":"2025-01-31T15:20:31","guid":{"rendered":"https:\/\/13.com.ar\/index.php\/financiacion-tecnologia-y-relevo-generacional-como-claves-para-2025\/"},"modified":"2025-01-31T12:20:31","modified_gmt":"2025-01-31T15:20:31","slug":"financiacion-tecnologia-y-relevo-generacional-como-claves-para-2025","status":"publish","type":"post","link":"https:\/\/13.com.ar\/index.php\/financiacion-tecnologia-y-relevo-generacional-como-claves-para-2025\/","title":{"rendered":"financiaci\u00f3n, tecnolog\u00eda y relevo generacional como claves para 2025"},"content":{"rendered":"<p> <br \/>\n<br \/><img decoding=\"async\" src=\"https:\/\/13.com.ar\/wp-content\/uploads\/2025\/01\/financiacion-tecnologia-y-relevo-generacional-como-claves-para-2025.jpg\" \/><\/p>\n<div>\n<p>Al cierre del a\u00f1o, 2025 se presenta con desaf\u00edos recurrentes que sit\u00faan al sector agropecuario en una encrucijada cr\u00edtica. El cambio clim\u00e1tico y la necesidad de establecer pol\u00edticas concretas que permitan alcanzar la <strong>sostenibilidad ambiental sin comprometer la viabilidad econ\u00f3mica<\/strong> siguen siendo una prioridad urgente.<\/p>\n<\/div>\n<div>\n<p>La vulnerabilidad del sector demanda medidas que faciliten la<strong> transici\u00f3n hacia una agricultura descarbonizada<\/strong>. A pesar de los avances en financiamiento durante la \u00faltima COP en Bak\u00fa, los recursos siguen siendo insuficientes, especialmente en pa\u00edses en v\u00edas de desarrollo donde predominan peque\u00f1os y medianos productores. En este aspecto, la reelecci\u00f3n de <strong>Donald Trump a\u00f1ade incertidumbre a la agenda clim\u00e1tica global<\/strong>. Estados Unidos, como uno de los principales financiadores clim\u00e1ticos, podr\u00eda reducir significativamente sus aportes, tal como ocurri\u00f3 durante su anterior administraci\u00f3n. Adem\u00e1s de una previsible salida del Acuerdo de Par\u00eds, es probable que las negociaciones clim\u00e1ticas se estanquen y que varios compromisos asumidos por el gobierno de Joe Biden sean revisados o revocados. Adem\u00e1s, es probable que nos veamos inmersos en un proceso de desarticulaciones en las negociaciones multilaterales y que la nueva administraci\u00f3n decida anular pol\u00edticas claves como el Green New Deal, al que Trump responsabiliza por el aumento de los costos energ\u00e9ticos, especialmente, en sectores como la agricultura.<\/p>\n<\/div>\n<div>\n<p>\u00bfComo responder a la creciente demanda de alimentos y su producci\u00f3n sustentable cuando es claro que la expansi\u00f3n de tierras agr\u00edcolas ya no es viable? Es esencial desarrollar modelos de producci\u00f3n que integren sostenibilidad clim\u00e1tica y econ\u00f3mica, satisfaciendo la creciente demanda de alimentos. Esto requiere <strong>sistemas de manejo intensivo sostenible<\/strong>, respaldados por tecnolog\u00edas avanzadas y pr\u00e1cticas eficientes. La adopci\u00f3n de <strong>nuevas tecnolog\u00edas<\/strong> y la <strong>extensi\u00f3n rural<\/strong> como facilitadora de esta, seguir\u00e1n siendo factores claves para el desarrollo del sector agroalimentario en 2025. La <strong>digitalizaci\u00f3n<\/strong> juega un papel central en esta transformaci\u00f3n, facilitando el uso de tecnolog\u00edas disruptivas que integran datos meteorol\u00f3gicos, condiciones del suelo y sistemas de riego. El uso de<strong> inteligencia artificial<\/strong>, <strong>automatizaci\u00f3n <\/strong>y <strong>an\u00e1lisis de datos<\/strong>, puede ser fundamental para abordar los desaf\u00edos clim\u00e1ticos, garantizar la seguridad alimentaria y responder al aumento de la demanda global.<\/p>\n<\/div>\n<div>\n<p>Sin embargo, estas herramientas requieren una s\u00f3lida estructura que facilite su correcta implementaci\u00f3n y adopci\u00f3n. Este es el rol de la <strong>extensi\u00f3n rural<\/strong>. La extensi\u00f3n rural no es solo un proceso educativo, sino una <strong>estrategia clave<\/strong> para que los peque\u00f1os y medianos productores comprendan y maximicen los beneficios de las nuevas tecnolog\u00edas y pr\u00e1cticas sostenibles. Seg\u00fan datos de la OCDE, en Am\u00e9rica Latina y el Caribe (ALC), apenas uno de cada nueve trabajadores recibe alg\u00fan tipo de formaci\u00f3n anual, comparado con el 50% en los pa\u00edses de la OCDE. Aunque los datos espec\u00edficos sobre capacitaci\u00f3n agr\u00edcola son limitados, se estima que en algunos pa\u00edses hasta el 80% de las explotaciones corresponden a peque\u00f1os agricultores, muchos de ellos en condiciones de alta informalidad, dificultando el acceso a servicios t\u00e9cnicos y tecnolog\u00edas. Esta disparidad formativa impacta directamente en la productividad y competitividad del sector agropecuario latinoamericano.<\/p>\n<\/div>\n<div>\n<p>En un sector agropecuario din\u00e1mico y en constante evoluci\u00f3n, la adquisici\u00f3n de conocimientos actualizados es fundamental para reemplazar t\u00e9cnicas obsoletas, optimizar recursos naturales y garantizar una producci\u00f3n sostenible. La <strong>capacitaci\u00f3n agr\u00edcola<\/strong> no solo fortalece la productividad, sino que contribuye a una mayor resiliencia clim\u00e1tica y asegura un suministro adecuado de alimentos, tanto en cantidad como en calidad.<\/p>\n<\/div>\n<div>\n<p>Otro de los desaf\u00edos es el <strong>relevo generacional<\/strong> del sector agropecuario. Aunque en ALC la situaci\u00f3n difiere de la UE, donde m\u00e1s de un tercio de los agricultores supera los 65 a\u00f1os y muchas empresas familiares carecen de sucesores. En ALC el proceso es diferente. Se observas una reducci\u00f3n de la agricultura familiar, y paralelamente, deficiencia de programas para el desarrollo rural que puedan retener a las j\u00f3venes generaciones en el sector. Esto disminuye las oportunidades para los j\u00f3venes, que migran a otros sectores econ\u00f3micos. Los bajos ingresos de las fincas familiares y el limitado estatus social del agricultor, dificultan la toma de riesgos y la adopci\u00f3n de innovaciones que requieren procesos de aprendizaje largos y poco adaptados a sus capacidades.<\/p>\n<\/div>\n<div>\n<p>En resumen, para abordar estos desaf\u00edos, deberemos considerar no solo las actividades agrarias, sino tambi\u00e9n salud, infraestructura y factores sociales, econ\u00f3micos, ambientales y energ\u00e9ticos. Es por esta raz\u00f3n, que los diferentes actores de las cadenas alimentarias deber\u00e1n demandar pol\u00edticas p\u00fablicas coherentes que incluyan,<strong> inversi\u00f3n en tecnolog\u00eda sostenible y programas que involucren a las nuevas generaciones<\/strong> para garantizar la viabilidad del sector a largo plazo.<\/p>\n<\/div>\n<p><br \/>\n<br \/><a href=\"https:\/\/www.clarin.com\/rural\/transicion-agricultura-sostenible-financiacion-tecnologia-relevo-generacional-claves-2025_0_VzY7twee9X.html\">Fuente Clarin.com <\/a><\/p>\n","protected":false},"excerpt":{"rendered":"<p>Al cierre del a\u00f1o, 2025 se presenta con desaf\u00edos recurrentes que sit\u00faan al sector agropecuario en una encrucijada cr\u00edtica. El cambio clim\u00e1tico y la necesidad de establecer pol\u00edticas concretas que permitan alcanzar la sostenibilidad ambiental sin comprometer la viabilidad econ\u00f3mica siguen siendo una prioridad urgente. La vulnerabilidad del sector demanda medidas que faciliten la transici\u00f3n [&hellip;]<\/p>\n","protected":false},"author":1,"featured_media":953,"comment_status":"open","ping_status":"open","sticky":false,"template":"","format":"standard","meta":{"footnotes":""},"categories":[2],"tags":[975,66,2288,2290,16,2289,769],"class_list":["post-952","post","type-post","status-publish","format-standard","has-post-thumbnail","hentry","category-ultimas-noticias","tag-claves","tag-como","tag-financiacion","tag-generacional","tag-para","tag-relevo","tag-tecnologia"],"_links":{"self":[{"href":"https:\/\/13.com.ar\/index.php\/wp-json\/wp\/v2\/posts\/952","targetHints":{"allow":["GET"]}}],"collection":[{"href":"https:\/\/13.com.ar\/index.php\/wp-json\/wp\/v2\/posts"}],"about":[{"href":"https:\/\/13.com.ar\/index.php\/wp-json\/wp\/v2\/types\/post"}],"author":[{"embeddable":true,"href":"https:\/\/13.com.ar\/index.php\/wp-json\/wp\/v2\/users\/1"}],"replies":[{"embeddable":true,"href":"https:\/\/13.com.ar\/index.php\/wp-json\/wp\/v2\/comments?post=952"}],"version-history":[{"count":0,"href":"https:\/\/13.com.ar\/index.php\/wp-json\/wp\/v2\/posts\/952\/revisions"}],"wp:featuredmedia":[{"embeddable":true,"href":"https:\/\/13.com.ar\/index.php\/wp-json\/wp\/v2\/media\/953"}],"wp:attachment":[{"href":"https:\/\/13.com.ar\/index.php\/wp-json\/wp\/v2\/media?parent=952"}],"wp:term":[{"taxonomy":"category","embeddable":true,"href":"https:\/\/13.com.ar\/index.php\/wp-json\/wp\/v2\/categories?post=952"},{"taxonomy":"post_tag","embeddable":true,"href":"https:\/\/13.com.ar\/index.php\/wp-json\/wp\/v2\/tags?post=952"}],"curies":[{"name":"wp","href":"https:\/\/api.w.org\/{rel}","templated":true}]}}