{"id":950,"date":"2025-01-31T12:17:25","date_gmt":"2025-01-31T15:17:25","guid":{"rendered":"https:\/\/13.com.ar\/index.php\/el-dt-de-manchester-city-hablo-del-incomodo-choque-contra-real-madrid-en-los-playoffs-de-la-champions\/"},"modified":"2025-01-31T12:17:25","modified_gmt":"2025-01-31T15:17:25","slug":"el-dt-de-manchester-city-hablo-del-incomodo-choque-contra-real-madrid-en-los-playoffs-de-la-champions","status":"publish","type":"post","link":"https:\/\/13.com.ar\/index.php\/el-dt-de-manchester-city-hablo-del-incomodo-choque-contra-real-madrid-en-los-playoffs-de-la-champions\/","title":{"rendered":"el DT de Manchester City habl\u00f3 del inc\u00f3modo choque contra Real Madrid en los playoffs de la Champions"},"content":{"rendered":"<p> <br \/>\n<\/p>\n<div id=\"cuerpo\">\n<div class=\"sc-80531b6b-0 chRIGJ container-text text-embed\">\n<p>Luego de que el sorteo de los playoffs de la <strong>Champions League<\/strong> pusiera frente a frente a su equipo con <strong>Real Madrid<\/strong>, el entrenador de <strong>Manchester City<\/strong>, <strong>Josep Guardiola<\/strong>, consider\u00f3 que ese duelo \u201cya parece un derbi\u201d, puesto que ambos conjuntos se enfrentar\u00e1n por cuarta temporada consecutiva en este torneo, y se quej\u00f3 por el calendario de partidos, que consider\u00f3 perjudicial para los suyos.<\/p>\n<\/div>\n<div class=\"sc-80531b6b-0 chRIGJ container-text text-embed\">\n<p>\u201cTanto el Bayern M\u00fanich como el Madrid eran muy, muy duros. Era complicado jugar contra cualquiera de los dos. Ojal\u00e1 podamos llegar en un buen momento con la ida aqu\u00ed y la vuelta en Madrid. El problema es que en el medio tenemos que jugar contra el Newcastle. El calendario no ha sido muy amable con nosotros los \u00faltimos a\u00f1os\u201d, lament\u00f3 el t\u00e9cnico catal\u00e1n durante la conferencia de prensa que brind\u00f3 este viernes, en la antesala del duelo que su equipo jugar\u00e1 el domingo ante Arsenal por la <strong>Premier League<\/strong>.<\/p>\n<\/div>\n<div class=\"sc-80531b6b-0 chRIGJ container-text text-embed\">\n<p>El City, que termin\u00f3 22\u00b0 en la fase de liga, y el Madrid, que acab\u00f3 11\u00b0 en esa instancia, se enfrentar\u00e1n el 11 o el 12 de febrero en <strong>Inglaterra <\/strong>en el choque de ida de su eliminatoria de la <strong>Champions League<\/strong>, mientras que el desquite ser\u00e1 el 18 o el 19 en <strong>Espa\u00f1a<\/strong>. Entre esos dos partidos, el elenco de Guardiola recibir\u00e1 a <strong>Newcastle<\/strong> el s\u00e1bado 15 de febrero por la 25\u00aa fecha de la Premier League y el conjunto dirigido por <strong>Carlo Ancelotti <\/strong>visitar\u00e1 el mismo d\u00eda a <strong>Osasuna <\/strong>por la 24\u00aa fecha de la Liga.<\/p>\n<\/div>\n<div class=\"sc-80531b6b-0 chRIGJ container-text text-embed\">\n<p>\u201cEl calendario es el que es. En la Premier League, todos los equipos tienen que jugar contra todos. Pero normalmente en la Premier League siempre se imponen los calendarios m\u00e1s estrictos para los equipos que juegan en Europa. Las cadenas (televisivas) deciden. No me preguntes qu\u00e9 es mejor, si jugar el martes o el mi\u00e9rcoles, para tener un d\u00eda m\u00e1s. Hay ligas que juegan el viernes antes de la Champions para tener un d\u00eda m\u00e1s de descanso\u201d, se quej\u00f3 Guardiola.<\/p>\n<\/div>\n<div class=\"sc-80531b6b-0 chRIGJ container-text text-embed\">\n<p>Los \u00faltimos dos ganadores de la Champions League se medir\u00e1n en una instancia de eliminaci\u00f3n directa de este certamen por sexta vez en las \u00faltimas 10 ediciones<strong> y por cuarta temporada consecutiva<\/strong>. En las \u00faltimas tres campa\u00f1as, el ganador de este cruce termin\u00f3 qued\u00e1ndose con el el t\u00edtulo de clubes m\u00e1s importante de Europa.<\/p>\n<\/div>\n<div class=\"sc-198be8ec-0 cynXbu image-embed  image-embed \"><picture class=\"sc-198be8ec-1 kOjRiQ\"><source media=\"(min-width: 975px)\" width=\"720\" height=\"480\" \/><img alt=\"Manchester City accedi\u00f3 a los playoffs de la Champions League gracias a su victoria ante Brujas en la \u00faltima fecha de la fase de liga. Foto: Dave Thompson \/ AP.\" loading=\"lazy\" width=\"720\" height=\"480\" decoding=\"async\" data-nimg=\"1\" style=\"color:transparent\" src=\"https:\/\/13.com.ar\/wp-content\/uploads\/2025\/01\/el-DT-de-Manchester-City-hablo-del-incomodo-choque-contra.jpg\"\/><span class=\"epigraphe\">Manchester City accedi\u00f3 a los playoffs de la Champions League gracias a su victoria ante Brujas en la \u00faltima fecha de la fase de liga. Foto: Dave Thompson \/ AP.<\/span><span class=\"bkg\"\/><span class=\"picture-open\"><button class=\"open-image\" aria-label=\"Open Image\"\/><\/span><\/picture><\/div>\n<div class=\"sc-80531b6b-0 chRIGJ container-text text-embed\">\n<p>Hasta el momento ambos equipos protagonizaron 12 encuentros oficiales y el balance es de tres victorias del <em>Merengue<\/em>, cuatro de los <em>Ciudadanos <\/em>y cinco empates. La primera vez que se encontraron fue en la fase de grupos de la temporada 2012\/13. Real Madrid gan\u00f3 3 a 2 en el Santiago Bernab\u00e9u y en Manchester igualaron 1 a 1.<\/p>\n<\/div>\n<div class=\"sc-80531b6b-0 chRIGJ container-text text-embed\">\n<p>La primera eliminatoria que dirimieron ambos equipos fue la semifinal de la temporada 2015\/16. Los espa\u00f1oles avanzaron tras ganar 1 a 0 en su estadio y empatar 0 a 0 como visitantes.  Cuatro a\u00f1os despu\u00e9s, se encontraron en los octavos de final y esa vez avanz\u00f3 el City, ya con Guardiola en el banco: se impuso 2 a 1 en los dos partidos.<\/p>\n<\/div>\n<div class=\"sc-198be8ec-0 cynXbu image-embed  image-embed \"><picture class=\"sc-198be8ec-1 kOjRiQ\"><source media=\"(min-width: 975px)\" width=\"720\" height=\"480\" \/><img alt=\"Manchester City y Real Madrid se enfrentaron en las \u00faltimas tres ediciones de la Champions League. Foto: Jon Super \/ AP.\" loading=\"lazy\" width=\"720\" height=\"480\" decoding=\"async\" data-nimg=\"1\" style=\"color:transparent\" src=\"https:\/\/13.com.ar\/wp-content\/uploads\/2025\/01\/1738336645_946_el-DT-de-Manchester-City-hablo-del-incomodo-choque-contra.jpg\"\/><span class=\"epigraphe\">Manchester City y Real Madrid se enfrentaron en las \u00faltimas tres ediciones de la Champions League. Foto: Jon Super \/ AP.<\/span><span class=\"bkg\"\/><span class=\"picture-open\"><button class=\"open-image\" aria-label=\"Open Image\"\/><\/span><\/picture><\/div>\n<div class=\"sc-80531b6b-0 chRIGJ container-text text-embed\">\n<p>En la campa\u00f1a 2021\/22, el Madrid cay\u00f3 4 a 3 en la ida de una de las semifinales y perd\u00eda 1 a 0 en el desquite en el Bernab\u00e9u, pero consum\u00f3 una remontada fenomenal, se impuso 3 a 1 en el tiempo suplementario y avanz\u00f3 a la final que luego le gan\u00f3 a Liverpool.<\/p>\n<\/div>\n<div class=\"sc-80531b6b-0 chRIGJ container-text text-embed\">\n<p>El City se tom\u00f3 la revancha la temporada siguiente, en la que logr\u00f3 su \u00fanico t\u00edtulo en la Champions. Nuevamente en una de las semifinales, el conjunto de Guardiola empat\u00f3 1 a 1 en la ida en Madrid y en el Etihad se despach\u00f3 con una paliza 4 a 0.<\/p>\n<\/div>\n<div class=\"sc-106e49c0-0 dcVumd freeHtml-embed undefined\"><picture><source media=\"(min-width: 720px)\" ><img decoding=\"async\" src=\"https:\/\/13.com.ar\/wp-content\/uploads\/2025\/01\/el-DT-de-Manchester-City-hablo-del-incomodo-choque-contra.svg.svg+xml\" alt=\"munich-2025\" loading=\"lazy\"\/><br \/>\n<\/source><\/picture><\/div>\n<div class=\"sc-80531b6b-0 chRIGJ container-text text-embed\">\n<p>El \u00faltimo cruce fue en los cuartos de final de la pasada temporada y qued\u00f3 en manos de Real Madrid. En la ida, igualaron 3 a 3 en Espa\u00f1a; en el desquite, empataron 1 a 1 en Inglaterra. Por ello, fue necesario recurrir a los remates desde el punto penal. En esa instancia, el equipo de Ancelotti gan\u00f3 4 a 3 y avanz\u00f3 a las semifinales.<\/p>\n<\/div>\n<\/div>\n<p><br \/>\n<br \/><a href=\"https:\/\/www.clarin.com\/deportes\/pep-guardiola-ironia-resignacion-dt-manchester-city-hablo-incomodo-choque-real-madrid-playoffs-champions_0_B3EbKYQbUW.html\">Fuente Clarin.com <\/a><\/p>\n","protected":false},"excerpt":{"rendered":"<p>Luego de que el sorteo de los playoffs de la Champions League pusiera frente a frente a su equipo con Real Madrid, el entrenador de Manchester City, Josep Guardiola, consider\u00f3 que ese duelo \u201cya parece un derbi\u201d, puesto que ambos conjuntos se enfrentar\u00e1n por cuarta temporada consecutiva en este torneo, y se quej\u00f3 por el [&hellip;]<\/p>\n","protected":false},"author":1,"featured_media":951,"comment_status":"open","ping_status":"open","sticky":false,"template":"","format":"standard","meta":{"footnotes":""},"categories":[2],"tags":[710,428,1365,835,100,347,2287,28,102,2202,1302,101],"class_list":["post-950","post","type-post","status-publish","format-standard","has-post-thumbnail","hentry","category-ultimas-noticias","tag-champions","tag-choque","tag-city","tag-contra","tag-del","tag-hablo","tag-incomodo","tag-los","tag-madrid","tag-manchester","tag-playoffs","tag-real"],"_links":{"self":[{"href":"https:\/\/13.com.ar\/index.php\/wp-json\/wp\/v2\/posts\/950","targetHints":{"allow":["GET"]}}],"collection":[{"href":"https:\/\/13.com.ar\/index.php\/wp-json\/wp\/v2\/posts"}],"about":[{"href":"https:\/\/13.com.ar\/index.php\/wp-json\/wp\/v2\/types\/post"}],"author":[{"embeddable":true,"href":"https:\/\/13.com.ar\/index.php\/wp-json\/wp\/v2\/users\/1"}],"replies":[{"embeddable":true,"href":"https:\/\/13.com.ar\/index.php\/wp-json\/wp\/v2\/comments?post=950"}],"version-history":[{"count":0,"href":"https:\/\/13.com.ar\/index.php\/wp-json\/wp\/v2\/posts\/950\/revisions"}],"wp:featuredmedia":[{"embeddable":true,"href":"https:\/\/13.com.ar\/index.php\/wp-json\/wp\/v2\/media\/951"}],"wp:attachment":[{"href":"https:\/\/13.com.ar\/index.php\/wp-json\/wp\/v2\/media?parent=950"}],"wp:term":[{"taxonomy":"category","embeddable":true,"href":"https:\/\/13.com.ar\/index.php\/wp-json\/wp\/v2\/categories?post=950"},{"taxonomy":"post_tag","embeddable":true,"href":"https:\/\/13.com.ar\/index.php\/wp-json\/wp\/v2\/tags?post=950"}],"curies":[{"name":"wp","href":"https:\/\/api.w.org\/{rel}","templated":true}]}}