{"id":948,"date":"2025-01-31T12:14:29","date_gmt":"2025-01-31T15:14:29","guid":{"rendered":"https:\/\/13.com.ar\/index.php\/en-cuba-la-llegada-de-trump-puso-en-un-limbo-la-liberacion-de-presos-politicos\/"},"modified":"2025-01-31T12:14:29","modified_gmt":"2025-01-31T15:14:29","slug":"en-cuba-la-llegada-de-trump-puso-en-un-limbo-la-liberacion-de-presos-politicos","status":"publish","type":"post","link":"https:\/\/13.com.ar\/index.php\/en-cuba-la-llegada-de-trump-puso-en-un-limbo-la-liberacion-de-presos-politicos\/","title":{"rendered":"En Cuba, la llegada de Trump puso en un limbo la liberaci\u00f3n de presos pol\u00edticos"},"content":{"rendered":"<p> <br \/>\n<\/p>\n<div id=\"cuerpo\">\n<div class=\"sc-80531b6b-0 chRIGJ container-text text-embed\">\n<p>Aumenta la desesperaci\u00f3n entre <strong>cientos de presos pol\u00edticos cubanos,<\/strong> que deb\u00edan ser liberados (tambi\u00e9n gracias a la mediaci\u00f3n activa del Papa Francisco), que han visto desaparecer de golpe las esperanzas de salir de la c\u00e1rcel tras uno de los \u00faltimos decretos firmados por el ex presidente norteamericano Joe Biden, que <strong>quit\u00f3 a Cuba de la lista de pa\u00edses terroristas.<\/strong><\/p>\n<\/div>\n<div class=\"sc-80531b6b-0 chRIGJ container-text text-embed\">\n<p>El presidente Donald Trump, no bien asumi\u00f3 el cargo volvi\u00f3 a poner a Cuba en la lista de pa\u00edses terroristas<strong> <\/strong>y el gobierno cubano aprovech\u00f3 para<strong> bloquear el proceso de liberaci\u00f3n <\/strong>de presos pol\u00edticos.<\/p>\n<\/div>\n<div class=\"sc-198be8ec-0 cynXbu image-embed  image-embed \"><picture class=\"sc-198be8ec-1 kOjRiQ\"><source media=\"(min-width: 975px)\" width=\"720\" height=\"480\" \/><img alt=\"Protestas en Washington contra las medidas de Trump. Foto: AP\" loading=\"lazy\" width=\"720\" height=\"480\" decoding=\"async\" data-nimg=\"1\" style=\"color:transparent\" src=\"https:\/\/13.com.ar\/wp-content\/uploads\/2025\/01\/En-Cuba-la-llegada-de-Trump-puso-en-un-limbo.jpg\"\/><span class=\"epigraphe\">Protestas en Washington contra las medidas de Trump. Foto: AP<\/span><span class=\"bkg\"\/><span class=\"picture-open\"><button class=\"open-image\" aria-label=\"Open Image\"\/><\/span><\/picture><\/div>\n<div class=\"sc-80531b6b-0 chRIGJ container-text text-embed\">\n<p>El gobierno cubano hab\u00eda prometido<strong> la libertad de 535 personas<\/strong> sancionadas por \u201cdelitos diversos\u201d, medida anunciada el martes 14 como un acuerdo con el Vaticano.<\/p>\n<\/div>\n<p><h2>Una situaci\u00f3n absurda<\/h2>\n<\/p>\n<div class=\"sc-80531b6b-0 chRIGJ container-text text-embed\">\n<p>La situaci\u00f3n parece absurda y sin dudas lo es. El gobierno cubano otorga el derecho pol\u00edtico a existir <strong>solo al partido Comunista<\/strong>. Ninguno de los presos a liberar es comunista, como la gran mayor\u00eda hoy de los cubanos que atraviesan hace a\u00f1os una situaci\u00f3n econ\u00f3mica dificil. <strong>Hay millones que han abandonado la isla.<\/strong><\/p>\n<\/div>\n<div class=\"sc-80531b6b-0 chRIGJ container-text text-embed\">\n<p>Eran y son inevitables las protestas. La m\u00e1s importante en d\u00e9cadas fue el 11 de julio de 2021, con centro en el pueblo de San Jos\u00e9 de las Lajas, a 30 kil\u00f3metros de La Habana. En esas protestas democr\u00e1ticas hist\u00f3ricas, <strong>centenares de personas fueron detenidas.<\/strong><\/p>\n<\/div>\n<div class=\"sc-198be8ec-0 cynXbu image-embed  image-embed \"><picture class=\"sc-198be8ec-1 kOjRiQ\"><source media=\"(min-width: 975px)\" width=\"720\" height=\"480\" \/><img alt=\"Manifestaciones anticastristas en Washington. foto: AP \" loading=\"lazy\" width=\"720\" height=\"480\" decoding=\"async\" data-nimg=\"1\" style=\"color:transparent\" src=\"https:\/\/13.com.ar\/wp-content\/uploads\/2025\/01\/1738336469_782_En-Cuba-la-llegada-de-Trump-puso-en-un-limbo.jpg\"\/><span class=\"epigraphe\">Manifestaciones anticastristas en Washington. foto: AP <\/span><span class=\"bkg\"\/><span class=\"picture-open\"><button class=\"open-image\" aria-label=\"Open Image\"\/><\/span><\/picture><\/div>\n<div class=\"sc-80531b6b-0 chRIGJ container-text text-embed\">\n<p>Actualmente, las organizaciones de derechos humanos y la embajada norteamericana en Cuba coinciden en que <strong>m\u00e1s de mil personas<\/strong> est\u00e1n arrestadas y cumpliendo penas de c\u00e1rcel.<\/p>\n<\/div>\n<div class=\"sc-80531b6b-0 chRIGJ container-text text-embed\">\n<p>Hoy las familias de cientos de presos pol\u00edticos tratan con una mezcla de esperanza, incertidumbre y desaz\u00f3n  que los presos pol\u00edticos sean puestos en libertad.<\/p>\n<\/div>\n<div class=\"sc-80531b6b-0 chRIGJ container-text text-embed\">\n<p>Liset Fonseca, madre de Roberto Fonseca, detenido en las manifestaciones del 11 de junio, dijo a la France Presse que \u201cno quiero perder las esperanzas, pero es dif\u00edcil: no puedo pensar que mi hijo pase diez a\u00f1os preso siendo inocente\u201d.<\/p>\n<\/div>\n<div class=\"sc-80531b6b-0 chRIGJ container-text text-embed\">\n<p>\u201cLas excarcelaciones que hab\u00edan comenzado no se han reanudado\u201d, dijo Camila Rodriguez. La plataforma Todos de una ONG que opera en defensa de los perseguidos pol\u00edticos, se\u00f1al\u00f3 que en los dos primeros d\u00edas fueron excarcelados 127 presos.<\/p>\n<\/div>\n<div class=\"sc-80531b6b-0 chRIGJ container-text text-embed\">\n<p>Felix Navarro, de 71 a\u00f1os, veterano opositor, sali\u00f3 de prisi\u00f3n el 18 de enero en libertad condicional y a\u00fan espera que <strong>su hija Sayli de 38 a\u00f1os <\/strong>abandone la c\u00e1rcel.<\/p>\n<\/div>\n<div class=\"sc-80531b6b-0 chRIGJ container-text text-embed\">\n<p>Padre e hija, junto con el artista <strong>Luis Manuel Otero<\/strong>, fueron declarados \u201cpresos de conciencia\u201d por Amnist\u00eda Internacional.<\/p>\n<\/div>\n<p><h2>Mercenarios de Estados Unidos<\/h2>\n<\/p>\n<div class=\"sc-80531b6b-0 chRIGJ container-text text-embed\">\n<p>El gobierno cubano <strong>niega la existencia de presos pol\u00edticos<\/strong> y acusa a los opositores presos de ser<strong> \u201cmercenarios\u201d de Estados Unidos.<\/strong><\/p>\n<\/div>\n<div class=\"sc-80531b6b-0 chRIGJ container-text text-embed\">\n<p>El presidente de Cuba, Miguel D\u00edaz-Canel, cuyo gobierno hab\u00eda anunciado la excarcelaci\u00f3n de 553 personas \u201csancionados por diversos delitos\u201d,<strong> tach\u00f3 como \u201cuna burla\u201d <\/strong>la revocaci\u00f3n de una de las \u00faltmas decisiones del presidente norteamericano Joe Biden, revocadas seis d\u00edas despu\u00e9s por Trump.<\/p>\n<\/div>\n<\/div>\n<p><br \/>\n<br \/><a href=\"https:\/\/www.clarin.com\/mundo\/cuba-llegada-trump-puso-limbo-liberacion-presos-politicos_0_yNunRNcrAc.html\">Fuente Clarin.com <\/a><\/p>\n","protected":false},"excerpt":{"rendered":"<p>Aumenta la desesperaci\u00f3n entre cientos de presos pol\u00edticos cubanos, que deb\u00edan ser liberados (tambi\u00e9n gracias a la mediaci\u00f3n activa del Papa Francisco), que han visto desaparecer de golpe las esperanzas de salir de la c\u00e1rcel tras uno de los \u00faltimos decretos firmados por el ex presidente norteamericano Joe Biden, que quit\u00f3 a Cuba de la [&hellip;]<\/p>\n","protected":false},"author":1,"featured_media":949,"comment_status":"open","ping_status":"open","sticky":false,"template":"","format":"standard","meta":{"footnotes":""},"categories":[2],"tags":[2282,2284,2283,457,2286,2285,1625,179],"class_list":["post-948","post","type-post","status-publish","format-standard","has-post-thumbnail","hentry","category-ultimas-noticias","tag-cuba","tag-liberacion","tag-limbo","tag-llegada","tag-politicos","tag-presos","tag-puso","tag-trump"],"_links":{"self":[{"href":"https:\/\/13.com.ar\/index.php\/wp-json\/wp\/v2\/posts\/948","targetHints":{"allow":["GET"]}}],"collection":[{"href":"https:\/\/13.com.ar\/index.php\/wp-json\/wp\/v2\/posts"}],"about":[{"href":"https:\/\/13.com.ar\/index.php\/wp-json\/wp\/v2\/types\/post"}],"author":[{"embeddable":true,"href":"https:\/\/13.com.ar\/index.php\/wp-json\/wp\/v2\/users\/1"}],"replies":[{"embeddable":true,"href":"https:\/\/13.com.ar\/index.php\/wp-json\/wp\/v2\/comments?post=948"}],"version-history":[{"count":0,"href":"https:\/\/13.com.ar\/index.php\/wp-json\/wp\/v2\/posts\/948\/revisions"}],"wp:featuredmedia":[{"embeddable":true,"href":"https:\/\/13.com.ar\/index.php\/wp-json\/wp\/v2\/media\/949"}],"wp:attachment":[{"href":"https:\/\/13.com.ar\/index.php\/wp-json\/wp\/v2\/media?parent=948"}],"wp:term":[{"taxonomy":"category","embeddable":true,"href":"https:\/\/13.com.ar\/index.php\/wp-json\/wp\/v2\/categories?post=948"},{"taxonomy":"post_tag","embeddable":true,"href":"https:\/\/13.com.ar\/index.php\/wp-json\/wp\/v2\/tags?post=948"}],"curies":[{"name":"wp","href":"https:\/\/api.w.org\/{rel}","templated":true}]}}