{"id":946,"date":"2025-01-31T12:06:00","date_gmt":"2025-01-31T15:06:00","guid":{"rendered":"https:\/\/13.com.ar\/index.php\/destrozan-a-mazazos-la-tumba-de-jean-marie-le-pen-historico-lider-ultraderechista-de-francia\/"},"modified":"2025-01-31T12:06:00","modified_gmt":"2025-01-31T15:06:00","slug":"destrozan-a-mazazos-la-tumba-de-jean-marie-le-pen-historico-lider-ultraderechista-de-francia","status":"publish","type":"post","link":"https:\/\/13.com.ar\/index.php\/destrozan-a-mazazos-la-tumba-de-jean-marie-le-pen-historico-lider-ultraderechista-de-francia\/","title":{"rendered":"Destrozan a mazazos la tumba de Jean Marie Le Pen, hist\u00f3rico l\u00edder ultraderechista de Francia"},"content":{"rendered":"<p> <br \/>\n<\/p>\n<div id=\"cuerpo\">\n<div class=\"sc-80531b6b-0 chRIGJ container-text text-embed\">\n<p>La tumba de Jean-Marie Le Pen, l\u00edder hist\u00f3rico de la extrema derecha en Francia fallecido el 7 de enero, amaneci\u00f3 este viernes destrozada, <strong>&#8220;posiblemente a mazazos&#8221;,<\/strong> indicaron varias fuentes.<\/p>\n<\/div>\n<div class=\"sc-80531b6b-0 chRIGJ container-text text-embed\">\n<p>La sepultura situada en<strong> La Trinit\u00e9-sur-Mer<\/strong>, en el oeste de Francia, &#8220;ha sido realmente destrozada, probablemente a mazazos durante la noche&#8221;, declar\u00f3 Gilles Pennelle, eurodiputado del partido ultraderechista Agrupaci\u00f3n Nacional (RN), de su hija Marine Le Pen.<\/p>\n<\/div>\n<div class=\"sc-80531b6b-0 chRIGJ container-text text-embed\">\n<p>&#8220;La profanaci\u00f3n de la tumba de Jean-Marie Le Pen es un acto incalificable, cometido por quienes no respetan ni a los vivos ni a los muertos&#8221;, conden\u00f3 en la red social X el presidente de RN, Jordan Bardella.<\/p>\n<\/div>\n<div class=\"sc-80531b6b-0 chRIGJ container-text text-embed\">\n<p>Una de sus hijas, Marie Caroline Le Pen, public\u00f3 en la misma red social una foto de la tumba da\u00f1ada, en la que se ve por el suelo y rota la cruz de m\u00e1rmol que coronaba la sepultura as\u00ed como las placas en homenaje a su padre y abuelos.<\/p>\n<\/div>\n<div class=\"sc-ad4aedf2-0 dPPgNJ border-video video-embed horizontal border-video video-embed horizontal\">\n<div class=\"sc-ad4aedf2-1 hnFuni videoText videoText\">\n<h2>Video<\/h2>\n<p>El partido izquierdista celebr\u00f3 la muerte de Jean Marie Le Pen<\/p>\n<\/div>\n<\/div>\n<div class=\"sc-80531b6b-0 chRIGJ container-text text-embed\">\n<p>El fundador del Frente Nacional (FN) en 1972, renombrado RN en 2018, falleci\u00f3 el 7 de enero con 96 a\u00f1os de edad y fue enterrado cuatro d\u00edas despu\u00e9s en el <strong>pante\u00f3n familiar <\/strong>en su ciudad natal de La Trinit\u00e9-sur-Mer.<\/p>\n<\/div>\n<p><h2>\u00bfQui\u00e9n era Jean-Marie Le Pen?<\/h2>\n<\/p>\n<div class=\"sc-80531b6b-0 chRIGJ container-text text-embed\">\n<p>Condenado por sus comentarios xen\u00f3fobos, antisemitas y hom\u00f3fobos, Le Pen <strong>impuls\u00f3 la instalaci\u00f3n de la extrema derecha en Francia<\/strong>, donde lleg\u00f3 a disputar un balotaje de la elecci\u00f3n presidencial en 2002, sin \u00e9xito.<\/p>\n<\/div>\n<div class=\"sc-198be8ec-0 cynXbu image-embed  image-embed \"><picture class=\"sc-198be8ec-1 kOjRiQ\"><source media=\"(min-width: 975px)\" width=\"720\" height=\"480\" \/><img alt=\"Jean-Marie Le Pen. Foto: Reuters\" loading=\"lazy\" width=\"720\" height=\"480\" decoding=\"async\" data-nimg=\"1\" style=\"color:transparent\" src=\"https:\/\/13.com.ar\/wp-content\/uploads\/2025\/01\/Destrozan-a-mazazos-la-tumba-de-Jean-Marie-Le-Pen.jpg\"\/><span class=\"epigraphe\">Jean-Marie Le Pen. Foto: Reuters<\/span><span class=\"bkg\"\/><span class=\"picture-open\"><button class=\"open-image\" aria-label=\"Open Image\"\/><\/span><\/picture><\/div>\n<div class=\"sc-80531b6b-0 chRIGJ container-text text-embed\">\n<p>La vida de Jean-Marie Le Pen es no s\u00f3lo larga en a\u00f1os sino en acontecimientos.<\/p>\n<\/div>\n<div class=\"sc-80531b6b-0 chRIGJ container-text text-embed\">\n<p>Pr\u00e1cticamente desde el fin de la Segunda Guerra Mundial entr\u00f3 en pol\u00edtica. Particip\u00f3 en dos guerras (Argelia e Indochina) y luch\u00f3, sin \u00e9xito, contra pol\u00edticos como Pierre Mend\u00e8s France, Michel Rocard, Fran\u00e7ois Mitterrand, Jacques Chirac y Nicolas Sarkozy, hasta que su hija le dio el empuj\u00f3n para enviarlo al retiro de la jubilaci\u00f3n pol\u00edtica.<\/p>\n<\/div>\n<div class=\"sc-80531b6b-0 chRIGJ container-text text-embed\">\n<p>Le Pen colabor\u00f3 con el r\u00e9gimen pronazi de Vichy durante la Segunda Guerra Mundial y tard\u00f3 casi 40 a\u00f1os en tener sus primeros \u00e9xitos pol\u00edticos, en la localidad de Dreux en 1983 y en las elecciones europeas de 1984.<\/p>\n<\/div>\n<div class=\"sc-80531b6b-0 chRIGJ container-text text-embed\">\n<p>Su hija Marine, que tom\u00f3 el relevo al frente del partido ultraderechista en 2011,<strong> se esforz\u00f3 en moderar su imagen<\/strong>, llegando a excluir incluso a su padre, y logr\u00f3 imponerse como una figura pol\u00edtica central en Francia.<\/p>\n<\/div>\n<\/div>\n<p><br \/>\n<br \/><a href=\"https:\/\/www.clarin.com\/mundo\/destrozan-mazazos-tumba-jean-marie-pen-historico-lider-ultraderechista-francia_0_YMaQUPEdSH.html\">Fuente Clarin.com <\/a><\/p>\n","protected":false},"excerpt":{"rendered":"<p>La tumba de Jean-Marie Le Pen, l\u00edder hist\u00f3rico de la extrema derecha en Francia fallecido el 7 de enero, amaneci\u00f3 este viernes destrozada, &#8220;posiblemente a mazazos&#8221;, indicaron varias fuentes. La sepultura situada en La Trinit\u00e9-sur-Mer, en el oeste de Francia, &#8220;ha sido realmente destrozada, probablemente a mazazos durante la noche&#8221;, declar\u00f3 Gilles Pennelle, eurodiputado del [&hellip;]<\/p>\n","protected":false},"author":1,"featured_media":947,"comment_status":"open","ping_status":"open","sticky":false,"template":"","format":"standard","meta":{"footnotes":""},"categories":[2],"tags":[2273,2281,752,2276,2279,2277,2274,2278,2275,2280],"class_list":["post-946","post","type-post","status-publish","format-standard","has-post-thumbnail","hentry","category-ultimas-noticias","tag-destrozan","tag-francia","tag-historico","tag-jean","tag-lider","tag-marie","tag-mazazos","tag-pen","tag-tumba","tag-ultraderechista"],"_links":{"self":[{"href":"https:\/\/13.com.ar\/index.php\/wp-json\/wp\/v2\/posts\/946","targetHints":{"allow":["GET"]}}],"collection":[{"href":"https:\/\/13.com.ar\/index.php\/wp-json\/wp\/v2\/posts"}],"about":[{"href":"https:\/\/13.com.ar\/index.php\/wp-json\/wp\/v2\/types\/post"}],"author":[{"embeddable":true,"href":"https:\/\/13.com.ar\/index.php\/wp-json\/wp\/v2\/users\/1"}],"replies":[{"embeddable":true,"href":"https:\/\/13.com.ar\/index.php\/wp-json\/wp\/v2\/comments?post=946"}],"version-history":[{"count":0,"href":"https:\/\/13.com.ar\/index.php\/wp-json\/wp\/v2\/posts\/946\/revisions"}],"wp:featuredmedia":[{"embeddable":true,"href":"https:\/\/13.com.ar\/index.php\/wp-json\/wp\/v2\/media\/947"}],"wp:attachment":[{"href":"https:\/\/13.com.ar\/index.php\/wp-json\/wp\/v2\/media?parent=946"}],"wp:term":[{"taxonomy":"category","embeddable":true,"href":"https:\/\/13.com.ar\/index.php\/wp-json\/wp\/v2\/categories?post=946"},{"taxonomy":"post_tag","embeddable":true,"href":"https:\/\/13.com.ar\/index.php\/wp-json\/wp\/v2\/tags?post=946"}],"curies":[{"name":"wp","href":"https:\/\/api.w.org\/{rel}","templated":true}]}}