{"id":941,"date":"2025-01-31T11:52:39","date_gmt":"2025-01-31T14:52:39","guid":{"rendered":"https:\/\/13.com.ar\/index.php\/otro-municipio-consiguio-que-la-justicia-frene-los-cortes-de-agua-luz-y-gas-por-falta-de-pago\/"},"modified":"2025-01-31T11:52:39","modified_gmt":"2025-01-31T14:52:39","slug":"otro-municipio-consiguio-que-la-justicia-frene-los-cortes-de-agua-luz-y-gas-por-falta-de-pago","status":"publish","type":"post","link":"https:\/\/13.com.ar\/index.php\/otro-municipio-consiguio-que-la-justicia-frene-los-cortes-de-agua-luz-y-gas-por-falta-de-pago\/","title":{"rendered":"Otro municipio consigui\u00f3 que la justicia frene los cortes de agua, luz y gas por falta de pago"},"content":{"rendered":"<p> <br \/>\n<\/p>\n<div id=\"cuerpo\">\n<div class=\"sc-80531b6b-0 chRIGJ container-text text-embed\">\n<p>Otro municipio del <strong>GBA <\/strong>consigui\u00f3 que la <strong>Justicia <\/strong>aceptara el <strong>amparo <\/strong>presentado para evitar que las empresas prestatarias de servicios p\u00fablicos interrumpan el suministro de luz, gas y agua por falta de pago.<\/p>\n<\/div>\n<div class=\"sc-80531b6b-0 chRIGJ container-text text-embed\">\n<p>Esta vez fue <strong>Mor\u00f3n<\/strong>, que junto a la Asociaci\u00f3n Civil sin Fines de Lucro Uni\u00f3n de Comerciantes Ag\u00fcero, logr\u00f3 que el <strong>Juzgado Contencioso Administrativo<\/strong> del distrito dictara una <strong>medida precautelar<\/strong> que impide a las empresas cortar el servicio por falta de pago.<\/p>\n<\/div>\n<div class=\"sc-80531b6b-0 chRIGJ container-text text-embed\">\n<p>En su resoluci\u00f3n, la Justicia orden\u00f3 a las empresas proveedoras de estos servicios esenciales que se abstengan de realizar cortes hasta que se resuelva el fondo de la cuesti\u00f3n. <\/p>\n<\/div>\n<div class=\"sc-198be8ec-0 cynXbu image-embed  image-embed \"><picture class=\"sc-198be8ec-1 kOjRiQ\"><source media=\"(min-width: 975px)\" width=\"720\" height=\"480\" \/><img alt=\"Hasta que se resuelva la cuesti\u00f3n de fondo de las tarifas, las empresas deben abstenerse de cortar los servicios.\" loading=\"lazy\" width=\"720\" height=\"480\" decoding=\"async\" data-nimg=\"1\" style=\"color:transparent\" src=\"https:\/\/13.com.ar\/wp-content\/uploads\/2025\/01\/Otro-municipio-consiguio-que-la-justicia-frene-los-cortes-de.jpg\"\/><span class=\"epigraphe\">Hasta que se resuelva la cuesti\u00f3n de fondo de las tarifas, las empresas deben abstenerse de cortar los servicios.<\/span><span class=\"bkg\"\/><span class=\"picture-open\"><button class=\"open-image\" aria-label=\"Open Image\"\/><\/span><\/picture><\/div>\n<div class=\"sc-80531b6b-0 chRIGJ container-text text-embed\">\n<p>La demanda presentada por la Municipalidad de Mor\u00f3n busca que se declare la inconstitucionalidad del Decreto del Ejecutivo Nacional 465\/24 y de diversas resoluciones del ENARGAS (Ente Nacional Regulador del Gas), ENRE (Ente Nacional Regulador de la Electricidad), la Secretar\u00eda de Energ\u00eda y el ERAS (Ente Regulador de Agua y Saneamiento), que han establecido incrementos que afectan a los hogares y comercios locales.<\/p>\n<\/div>\n<div class=\"sc-80531b6b-0 chRIGJ container-text text-embed\">\n<p>Adem\u00e1s, el planteo judicial solicita que implemente un r\u00e9gimen tarifario razonable y acorde a la capacidad econ\u00f3mica de los usuarios residenciales y comerciales. Y exige que se detenga el cobro derivados de las normativas impugnadas y que, en caso de pagos ya efectuados, el excedente sea tomado como cr\u00e9dito a favor de los usuarios.<\/p>\n<\/div>\n<div class=\"sc-80531b6b-0 chRIGJ container-text text-embed\">\n<p>Sobre la decisi\u00f3n judicial, el intendente <strong>Lucas Ghi <\/strong>detall\u00f3: &#8220;Decidimos presentar una medida ante la justicia, quien nos hizo lugar y nos dio la raz\u00f3n a la presentaci\u00f3n que hicimos para proteger la econom\u00eda familiar de todos los vecinos de Mor\u00f3n. El Gobierno Nacional decide ir por otro camino, quitando impuestos a bienes de alta gama y beneficiando a un sector muy reducido de la sociedad&#8221;. <\/p>\n<\/div>\n<div class=\"sc-198be8ec-0 cynXbu image-embed  image-embed \"><picture class=\"sc-198be8ec-1 kOjRiQ\"><source media=\"(min-width: 975px)\" width=\"720\" height=\"480\" \/><img alt=\"El intendente de Mor\u00f3n, Lucas Ghi, present\u00f3 el amparo junto a la Asociaci\u00f3n Civil sin Fines de Lucro Uni\u00f3n de Comerciantes Ag\u00fcero.\" loading=\"lazy\" width=\"720\" height=\"480\" decoding=\"async\" data-nimg=\"1\" style=\"color:transparent\" src=\"https:\/\/13.com.ar\/wp-content\/uploads\/2025\/01\/1738335159_905_Otro-municipio-consiguio-que-la-justicia-frene-los-cortes-de.jpg\"\/><span class=\"epigraphe\">El intendente de Mor\u00f3n, Lucas Ghi, present\u00f3 el amparo junto a la Asociaci\u00f3n Civil sin Fines de Lucro Uni\u00f3n de Comerciantes Ag\u00fcero.<\/span><span class=\"bkg\"\/><span class=\"picture-open\"><button class=\"open-image\" aria-label=\"Open Image\"\/><\/span><\/picture><\/div>\n<div class=\"sc-80531b6b-0 chRIGJ container-text text-embed\">\n<p>Y agreg\u00f3: &#8220;Nosotros queremos estar al lado del conjunto de las familias de Mor\u00f3n que la pelean todos los d\u00edas, que cuidan peso a peso y en este caso est\u00e1n sufriendo este aumento desmesurado en las tarifas. Por eso celebramos esta decisi\u00f3n judicial.&#8221;<\/p>\n<\/div>\n<div class=\"sc-80531b6b-0 chRIGJ container-text text-embed\">\n<p>El fondo de la cuesti\u00f3n ser\u00e1 resuelto por la Justicia Federal de San Mart\u00edn, seg\u00fan dispuso el Juzgado Contencioso Administrativo de Mor\u00f3n.<\/p>\n<\/div>\n<div class=\"sc-80531b6b-0 chRIGJ container-text text-embed\">\n<p>Mor\u00f3n no es el \u00fanico partido del Oeste en hacerle frente a los tarifazos. En septiembre del a\u00f1o pasado, <strong>La Matanza <\/strong>hizo un reclamo por los incrementos en las tarifas de los servicios. Un mes despu\u00e9s, el Juzgado en lo Contencioso y Administrativo N\u00ba1 aprob\u00f3 una cautelar que impide efectuar cortes de servicios por falta de pago en todo el territorio matancero.<\/p>\n<\/div>\n<div class=\"sc-198be8ec-0 cynXbu image-embed  image-embed \"><picture class=\"sc-198be8ec-1 kOjRiQ\"><source media=\"(min-width: 975px)\" width=\"720\" height=\"480\" \/><img alt=\"Planta Hurlingham de AySA. Provee a los partidos de Hurlingham, Ituzaing\u00f3, parte de Mor\u00f3n y Tres de Febrero.\" loading=\"lazy\" width=\"720\" height=\"480\" decoding=\"async\" data-nimg=\"1\" style=\"color:transparent\" src=\"https:\/\/13.com.ar\/wp-content\/uploads\/2025\/01\/1738335159_105_Otro-municipio-consiguio-que-la-justicia-frene-los-cortes-de.jpg\"\/><span class=\"epigraphe\">Planta Hurlingham de AySA. Provee a los partidos de Hurlingham, Ituzaing\u00f3, parte de Mor\u00f3n y Tres de Febrero.<\/span><span class=\"bkg\"\/><span class=\"picture-open\"><button class=\"open-image\" aria-label=\"Open Image\"\/><\/span><\/picture><\/div>\n<div class=\"sc-80531b6b-0 chRIGJ container-text text-embed\">\n<p>Tambi\u00e9n el municipio de <strong>Hurlingham <\/strong>tuvo un fallo favorable tras el amparo presentado junto a a la Federaci\u00f3n de Mutuales para la Defensa del Consumo, al denunciar a <strong>AySA<\/strong> y a Naci\u00f3n por un aumento anual del 317% en las tarifas. <\/p>\n<\/div>\n<div class=\"sc-80531b6b-0 chRIGJ container-text text-embed\">\n<p>Marcelo Grad\u00edn, juez de Primera Instancia por la Provincia de Buenos Aires en Mor\u00f3n, fall\u00f3 a favor del planteo hecho por el intendente <strong>Dami\u00e1n Selci<\/strong> y dict\u00f3 una medida cautelar que ordena a AySA suspender los cortes de suministro de agua debido a la falta de pago de facturas emitidas con tarifas cuestionadas. As\u00ed se espera mantener el servicio hasta que se resuelva el litigio principal sobre el aumento de las tarifas.<\/p>\n<\/div>\n<\/div>\n<p><br \/>\n<br \/><a href=\"https:\/\/www.clarin.com\/zonales\/municipio-consiguio-justicia-frene-cortes-agua-luz-gas-falta-pago_0_cCDH4gOcJJ.html\">Fuente Clarin.com <\/a><\/p>\n","protected":false},"excerpt":{"rendered":"<p>Otro municipio del GBA consigui\u00f3 que la Justicia aceptara el amparo presentado para evitar que las empresas prestatarias de servicios p\u00fablicos interrumpan el suministro de luz, gas y agua por falta de pago. Esta vez fue Mor\u00f3n, que junto a la Asociaci\u00f3n Civil sin Fines de Lucro Uni\u00f3n de Comerciantes Ag\u00fcero, logr\u00f3 que el Juzgado [&hellip;]<\/p>\n","protected":false},"author":1,"featured_media":942,"comment_status":"open","ping_status":"open","sticky":false,"template":"","format":"standard","meta":{"footnotes":""},"categories":[2],"tags":[409,2267,2269,943,2268,571,964,28,2117,1199,366,1620,142],"class_list":["post-941","post","type-post","status-publish","format-standard","has-post-thumbnail","hentry","category-ultimas-noticias","tag-agua","tag-consiguio","tag-cortes","tag-falta","tag-frene","tag-gas","tag-justicia","tag-los","tag-luz","tag-municipio","tag-otro","tag-pago","tag-por"],"_links":{"self":[{"href":"https:\/\/13.com.ar\/index.php\/wp-json\/wp\/v2\/posts\/941","targetHints":{"allow":["GET"]}}],"collection":[{"href":"https:\/\/13.com.ar\/index.php\/wp-json\/wp\/v2\/posts"}],"about":[{"href":"https:\/\/13.com.ar\/index.php\/wp-json\/wp\/v2\/types\/post"}],"author":[{"embeddable":true,"href":"https:\/\/13.com.ar\/index.php\/wp-json\/wp\/v2\/users\/1"}],"replies":[{"embeddable":true,"href":"https:\/\/13.com.ar\/index.php\/wp-json\/wp\/v2\/comments?post=941"}],"version-history":[{"count":0,"href":"https:\/\/13.com.ar\/index.php\/wp-json\/wp\/v2\/posts\/941\/revisions"}],"wp:featuredmedia":[{"embeddable":true,"href":"https:\/\/13.com.ar\/index.php\/wp-json\/wp\/v2\/media\/942"}],"wp:attachment":[{"href":"https:\/\/13.com.ar\/index.php\/wp-json\/wp\/v2\/media?parent=941"}],"wp:term":[{"taxonomy":"category","embeddable":true,"href":"https:\/\/13.com.ar\/index.php\/wp-json\/wp\/v2\/categories?post=941"},{"taxonomy":"post_tag","embeddable":true,"href":"https:\/\/13.com.ar\/index.php\/wp-json\/wp\/v2\/tags?post=941"}],"curies":[{"name":"wp","href":"https:\/\/api.w.org\/{rel}","templated":true}]}}