{"id":939,"date":"2025-01-31T11:49:43","date_gmt":"2025-01-31T14:49:43","guid":{"rendered":"https:\/\/13.com.ar\/index.php\/uno-por-uno-los-siete-aumentos-previstos-para-febrero-2025-que-pondran-a-prueba-a-la-inflacion\/"},"modified":"2025-01-31T11:49:43","modified_gmt":"2025-01-31T14:49:43","slug":"uno-por-uno-los-siete-aumentos-previstos-para-febrero-2025-que-pondran-a-prueba-a-la-inflacion","status":"publish","type":"post","link":"https:\/\/13.com.ar\/index.php\/uno-por-uno-los-siete-aumentos-previstos-para-febrero-2025-que-pondran-a-prueba-a-la-inflacion\/","title":{"rendered":"Uno por uno, los siete aumentos previstos para febrero 2025 que pondr\u00e1n a prueba a la inflaci\u00f3n"},"content":{"rendered":"<p> <br \/>\n<\/p>\n<div id=\"cuerpo\">\n<div class=\"sc-80531b6b-0 chRIGJ container-text text-embed\">\n<p>A horas de empezar el nuevo mes, el segundo del a\u00f1o, Clar\u00edn <strong>propone hacer un repaso por los siete aumentos<\/strong> que impactar\u00e1n en el bolsillo y que ponen a prueba a<strong> la inflaci\u00f3n de febrero que buscar romper la barrera del 1%. <\/strong><\/p>\n<\/div>\n<div class=\"sc-80531b6b-0 chRIGJ container-text text-embed\">\n<p>Por ahora, en materia inflacionaria, la referencia m\u00e1s cercana ser\u00e1 el dato de enero que el Indec publicar\u00e1 a mediados de febrero y que, seg\u00fan las consultoras, no bajar\u00e1 del 2% impulsado por los aumentos en las tarifas de servicios p\u00fablicos y en otros rubros que suman presi\u00f3n.<\/p>\n<\/div>\n<div class=\"sc-ad4aedf2-0 dPPgNJ border-video video-embed horizontal border-video video-embed horizontal\">\n<div class=\"sc-ad4aedf2-1 hnFuni videoText videoText\">\n<h2>Video<\/h2>\n<p>Uno por uno, todos los aumentos tarifarios de febrero<\/p>\n<\/div>\n<\/div>\n<div class=\"sc-80531b6b-0 chRIGJ container-text text-embed\">\n<p>Los aumentos acordados en las \u00faltimas horas tienen que ver con las boletas de luz y gas. Tambi\u00e9n sube el agua. Reci\u00e9n salido se suma el incremento en los salarios de las empleadas de Casas Particulares, as\u00ed como los aportes y contribuciones.<\/p>\n<\/div>\n<div class=\"sc-80531b6b-0 chRIGJ container-text text-embed\">\n<p>Las prepagas, la VTV en provincia y el ajuste de los contratos de alquiler se suman a los aumentos del mes.<\/p>\n<\/div>\n<div class=\"sc-80531b6b-0 chRIGJ container-text text-embed\">\n<p>A continuaci\u00f3n, uno por uno, los aumentos de febrero de 2025:<\/p>\n<\/div>\n<p><h2>1) Tarifa de luz y gas<\/h2>\n<\/p>\n<div class=\"sc-198be8ec-0 cynXbu image-embed  image-embed \"><picture class=\"sc-198be8ec-1 kOjRiQ\"><source media=\"(min-width: 975px)\" width=\"720\" height=\"480\" \/><img alt=\"Suben las tarifas de luz y gas en febrero. Foto: Luciano Thieberger - FTP CLARIN \" loading=\"lazy\" width=\"720\" height=\"480\" decoding=\"async\" data-nimg=\"1\" style=\"color:transparent\" src=\"https:\/\/13.com.ar\/wp-content\/uploads\/2025\/01\/Uno-por-uno-los-siete-aumentos-previstos-para-febrero-2025.jpg\"\/><span class=\"epigraphe\">Suben las tarifas de luz y gas en febrero. Foto: Luciano Thieberger &#8211; FTP CLARIN <\/span><span class=\"bkg\"\/><span class=\"picture-open\"><button class=\"open-image\" aria-label=\"Open Image\"\/><\/span><\/picture><\/div>\n<div class=\"sc-80531b6b-0 chRIGJ container-text text-embed\">\n<p>El Gobierno decidi\u00f3 esta madrugada que en febrero <strong>habr\u00e1 un aumento de las tarifas de energ\u00eda el\u00e9ctrica de 1,5%<\/strong> promedio para el \u00c1rea Metropolitana de Buenos Aires (AMBA) y<strong> de 1,6% promedio para el gas natural <\/strong>por redes en todo el pa\u00eds.<\/p>\n<\/div>\n<div class=\"sc-80531b6b-0 chRIGJ container-text text-embed\">\n<p>De esa forma, el ministro de Econom\u00eda, Luis Caputo, busca consolidar la baja de la inflaci\u00f3n y mediante el pulso de los precios regulados, marcarle la cancha a todo el resto de productores de bienes y servicios de la Argentina. En enero, la &#8220;pauta de inflaci\u00f3n&#8221; mediante precios regulados hab\u00eda sido de 1,6% en la luz y 1,8% en el gas. Las tarifas tienen un elevado peso en el humor social y en los costos de producci\u00f3n.<\/p>\n<\/div>\n<p><h2>2) Agua<\/h2>\n<\/p>\n<div class=\"sc-198be8ec-0 cynXbu image-embed  image-embed \"><picture class=\"sc-198be8ec-1 kOjRiQ\"><source media=\"(min-width: 975px)\" width=\"720\" height=\"480\" \/><img alt=\"Aysa tendr\u00e1 un ajuste del 1% en el segundo mes del a\u00f1o.\" loading=\"lazy\" width=\"720\" height=\"480\" decoding=\"async\" data-nimg=\"1\" style=\"color:transparent\" src=\"https:\/\/13.com.ar\/wp-content\/uploads\/2025\/01\/1738334983_643_Uno-por-uno-los-siete-aumentos-previstos-para-febrero-2025.jpg\"\/><span class=\"epigraphe\">Aysa tendr\u00e1 un ajuste del 1% en el segundo mes del a\u00f1o.<\/span><span class=\"bkg\"\/><span class=\"picture-open\"><button class=\"open-image\" aria-label=\"Open Image\"\/><\/span><\/picture><\/div>\n<div class=\"sc-80531b6b-0 chRIGJ container-text text-embed\">\n<p>Otro de los servicios que aumenta es la tarifa de Aysa. El servicio de agua y cloacas en el \u00c1rea Metropolitana de Buenos Aires (AMBA) <strong>tendr\u00e1 un ajuste del 1% <\/strong>en el segundo mes del a\u00f1o, representando el segundo consecutivo con incrementos limitados por el Gobierno.<\/p>\n<\/div>\n<div class=\"sc-80531b6b-0 chRIGJ container-text text-embed\">\n<p>Con este incremento, <strong>el costo promedio de las tarifas ser\u00e1 de $ 22.514.<\/strong> En la Ciudad de Buenos Aires y el Conurbano bonaerense, los usuarios pagar\u00e1n los siguientes valores sin impuestos, seg\u00fan su clasificaci\u00f3n:<\/p>\n<\/div>\n<div class=\"sc-80531b6b-0 chRIGJ container-text text-embed\">\n<ul>\n<li>Zona de mayor poder adquisitivo: de <strong>$ 26.277 a $ 26.540.<\/strong><\/li>\n<li>Zona intermedia: de<strong> $ 23.863 a $ 24.102.<\/strong><\/li>\n<li>Zona de menor poder adquisitivo: de <strong>$ 19.175 a $ 19.367.<\/strong><\/li>\n<\/ul>\n<\/div>\n<p><h2>3) Empleadas dom\u00e9sticas<\/h2>\n<\/p>\n<div class=\"sc-198be8ec-0 cynXbu image-embed  image-embed \"><picture class=\"sc-198be8ec-1 kOjRiQ\"><source media=\"(min-width: 975px)\" width=\"720\" height=\"480\" \/><img alt=\"Empleadas dom\u00e9sticas: acordaron una suba del 2,5% por diciembre y enero.\" loading=\"lazy\" width=\"720\" height=\"480\" decoding=\"async\" data-nimg=\"1\" style=\"color:transparent\" src=\"https:\/\/13.com.ar\/wp-content\/uploads\/2025\/01\/1738334983_459_Uno-por-uno-los-siete-aumentos-previstos-para-febrero-2025.jpg\"\/><span class=\"epigraphe\">Empleadas dom\u00e9sticas: acordaron una suba del 2,5% por diciembre y enero.<\/span><span class=\"bkg\"\/><span class=\"picture-open\"><button class=\"open-image\" aria-label=\"Open Image\"\/><\/span><\/picture><\/div>\n<div class=\"sc-80531b6b-0 chRIGJ container-text text-embed\">\n<p>Despu\u00e9s de cuatro meses de salarios congelados y luego de tres jornadas de negociaci\u00f3n, la Comisi\u00f3n de trabajadoras de Casas Particulares (conformada por el ministerio de Trabajo, los empleadores y los sindicatos) lograron sellar un incremento por diciembre (1,3%) y enero (1,2%) que impactar\u00e1n en febrero. <\/p>\n<\/div>\n<div class=\"sc-80531b6b-0 chRIGJ container-text text-embed\">\n<p>De esta forma, los salarios de la quinta y m\u00e1s demandada de las categor\u00edas, con retiro, alcanzar\u00e1n un m\u00ednimo<strong> de $ 2.849,50 la hora<\/strong>, lo que representa un aumento de m\u00e1s de $ 70 por hora trabajada. Y llegar\u00e1 hasta <strong>los $ 3.762,32 la hora para las sin retiro de la primera categor\u00eda, <\/strong>es decir, m\u00e1s de $ 90 pesos de aumento por hora.<\/p>\n<\/div>\n<div class=\"sc-80531b6b-0 chRIGJ container-text text-embed\">\n<p>Por otro lado, el mes quedar\u00e1 a partir de este segundo mes del a\u00f1o en: <strong> $ 349.506 para las con retiro para esa \u00faltima categor\u00eda<\/strong>, y <strong>de $ 388.648 para las llamadas &#8220;con cama&#8221; adentro<\/strong>.<\/p>\n<\/div>\n<div class=\"sc-80531b6b-0 chRIGJ container-text text-embed\">\n<p>Adem\u00e1s, este pr\u00f3ximo mes suben tambi\u00e9n los aportes y contribuciones que los empleadores deber\u00e1n pagar <strong>un 64,52% por estos conceptos<\/strong>. De acuerdo a las horas semanales trabajadas, y seg\u00fan la Resoluci\u00f3n 5645\/2025 del organismo, los importes var\u00edan:<\/p>\n<\/div>\n<div class=\"sc-80531b6b-0 chRIGJ container-text text-embed\">\n<ul>\n<li><strong>Menos de 12 horas semanales: <\/strong>de $ 5.547.71 a $ 6.816,05. Una suba del 22,86%.<\/li>\n<li><strong>Entre 12 y menos 16 horas: <\/strong>de $ 8.467,56 a $ 10.735,77. Un aumento del 26,88%.<\/li>\n<li><strong>16 o m\u00e1s horas<\/strong>: de $ 17.437.92 a $ 28,688,55. Un incremento del 64,52%.<\/li>\n<\/ul>\n<\/div>\n<p><h2>4) Prepagas<\/h2>\n<\/p>\n<div class=\"sc-198be8ec-0 cynXbu image-embed  image-embed \"><picture class=\"sc-198be8ec-1 kOjRiQ\"><source media=\"(min-width: 975px)\" width=\"720\" height=\"480\" \/><img alt=\"Las prepagas en febrero suben 3,2% en algunos casos. Foto Shutterstock\" loading=\"lazy\" width=\"720\" height=\"480\" decoding=\"async\" data-nimg=\"1\" style=\"color:transparent\" src=\"https:\/\/13.com.ar\/wp-content\/uploads\/2025\/01\/1738334983_508_Uno-por-uno-los-siete-aumentos-previstos-para-febrero-2025.jpg\"\/><span class=\"epigraphe\">Las prepagas en febrero suben 3,2% en algunos casos. Foto Shutterstock<\/span><span class=\"bkg\"\/><span class=\"picture-open\"><button class=\"open-image\" aria-label=\"Open Image\"\/><\/span><\/picture><\/div>\n<div class=\"sc-80531b6b-0 chRIGJ container-text text-embed\">\n<p>Las empresas de medicina prepaga anunciaron los aumentos de sus cuotas para febrero cercano <strong>al 3,2%,<\/strong> lo que supera el \u00edndice de <strong>inflaci\u00f3n de diciembre que fue de 2,7%<\/strong>.<\/p>\n<\/div>\n<div class=\"sc-80531b6b-0 chRIGJ container-text text-embed\">\n<p>Las firmas de medicina privada aplican ajustes sin la intervenci\u00f3n del Estado desde julio de 2024.<\/p>\n<\/div>\n<div class=\"sc-80531b6b-0 chRIGJ container-text text-embed\">\n<p>Seg\u00fan datos del INDEC, durante el \u00faltimo mes del 2024, la suba de los planes de salud en el Gran Buenos Aires fue del 3,8% y a nivel nacional del 2,1%. Medido de forma anual, las cuotas de las prepagas acumularon un alza de 226,4% en el conurbano bonaerense.<\/p>\n<\/div>\n<p><h2>5) Alquileres<\/h2>\n<\/p>\n<div class=\"sc-198be8ec-0 cynXbu image-embed  image-embed \"><picture class=\"sc-198be8ec-1 kOjRiQ\"><source media=\"(min-width: 975px)\" width=\"720\" height=\"480\" \/><img alt=\"Los alquileres suben de acuerdo a la f\u00f3rmula de actualizaci\u00f3n que se utilice.\" loading=\"lazy\" width=\"720\" height=\"480\" decoding=\"async\" data-nimg=\"1\" style=\"color:transparent\" src=\"https:\/\/13.com.ar\/wp-content\/uploads\/2025\/01\/1738334983_374_Uno-por-uno-los-siete-aumentos-previstos-para-febrero-2025.jpg\"\/><span class=\"epigraphe\">Los alquileres suben de acuerdo a la f\u00f3rmula de actualizaci\u00f3n que se utilice.<\/span><span class=\"bkg\"\/><span class=\"picture-open\"><button class=\"open-image\" aria-label=\"Open Image\"\/><\/span><\/picture><\/div>\n<div class=\"sc-80531b6b-0 chRIGJ container-text text-embed\">\n<p>Para aquellos contratos que a\u00fan se rigen<strong> bajo el \u00edndice de contratos de locaci\u00f3n (ICL), la suba ser\u00e1 del 174,4%.<\/strong> Es decir, si el acuerdo contemplaba un pago mensual de $ 100.000, tras la actualizaci\u00f3n ese valor ascender\u00e1 a $ 274.400 desde febrero y durante doce meses.<\/p>\n<\/div>\n<div class=\"sc-80531b6b-0 chRIGJ container-text text-embed\">\n<p>Para calcular correctamente qu\u00e9 aumento corresponde seg\u00fan la f\u00f3rmula por la que se ajuste (determinado en cada contrato), Clar\u00edn elabor\u00f3 una calculadora: <strong>IPC, ICL o Casa Propia<\/strong><\/p>\n<\/div>\n<div class=\"sc-80531b6b-0 chRIGJ container-text text-embed\">\n<p>Con s\u00f3lo ingresar la fecha de inicio del contrato, el valor del primer mes, el \u00edndice a aplicar y la frecuencia de los ajustes, el usuario ya puede tocar el bot\u00f3n &#8220;calcular&#8221; y obtener al instante el valor de su alquiler para el pr\u00f3ximo per\u00edodo.<\/p>\n<\/div>\n<p><iframe loading=\"lazy\" width=\"500\" height=\"820\" src=\"&#10;https:\/\/calculadora-alquileres.agea.com.ar\/\"><\/iframe><\/p>\n<p><h2>6) VTV en la provincia de Buenos Aires<\/h2>\n<\/p>\n<div class=\"sc-198be8ec-0 cynXbu image-embed  image-embed \"><picture class=\"sc-198be8ec-1 kOjRiQ\"><source media=\"(min-width: 975px)\" width=\"720\" height=\"480\" \/><img alt=\"Vuelve a subir la VTV en provincia.\" loading=\"lazy\" width=\"720\" height=\"480\" decoding=\"async\" data-nimg=\"1\" style=\"color:transparent\" src=\"https:\/\/13.com.ar\/wp-content\/uploads\/2025\/01\/1738334983_892_Uno-por-uno-los-siete-aumentos-previstos-para-febrero-2025.jpg\"\/><span class=\"epigraphe\">Vuelve a subir la VTV en provincia.<\/span><span class=\"bkg\"\/><span class=\"picture-open\"><button class=\"open-image\" aria-label=\"Open Image\"\/><\/span><\/picture><\/div>\n<div class=\"sc-80531b6b-0 chRIGJ container-text text-embed\">\n<p>Seg\u00fan la Resoluci\u00f3n 220 publicada en el Bolet\u00edn Oficial bonaerense, a partir del 1\u00b0 de febrero la tarifa de la VTV pasar\u00e1 de <strong>$ 53.819,26 a los $ 63.463,30 para veh\u00edculos de hasta 2.500 kg<\/strong>. De esta manera, la suba es <strong>del 17,9%<\/strong> en relaci\u00f3n con las tarifas que reg\u00edan desde diciembre.<\/p>\n<\/div>\n<div class=\"sc-80531b6b-0 chRIGJ container-text text-embed\">\n<p>De esta manera, el aumento de la VTV a partir de febrero ser\u00e1 la \u00faltima etapa de la suba programada por el gobierno de Axel Kicillof en octubre de 2024. En octubre pas\u00f3 a costar $ 44.175,21; en diciembre $ 53.819,26 y este \u00faltimo tramo pasar\u00e1 a $ 63.463,30.<\/p>\n<\/div>\n<p><h2>7) Internet y celulares<\/h2>\n<\/p>\n<div class=\"sc-80531b6b-0 chRIGJ container-text text-embed\">\n<p>Las compa\u00f1\u00edas del sector de telecomunicaciones informaron que, a partir de febrero, <strong>aplicar\u00e1n el segundo ajuste del a\u00f1o<\/strong> en los servicios de internet, televisi\u00f3n por cable y telefon\u00eda m\u00f3vil. Las subas estipuladas oscilan ente<strong> 2,9% y 3,6%, dependiendo de la empresa y el tipo de servicio.<\/strong><\/p>\n<\/div>\n<\/div>\n<p><br \/>\n<br \/><a href=\"https:\/\/www.clarin.com\/economia\/aumentos-previstos-febrero-2025-pondran-prueba-inflacion_0_lrs86GqITa.html\">Fuente Clarin.com <\/a><\/p>\n","protected":false},"excerpt":{"rendered":"<p>A horas de empezar el nuevo mes, el segundo del a\u00f1o, Clar\u00edn propone hacer un repaso por los siete aumentos que impactar\u00e1n en el bolsillo y que ponen a prueba a la inflaci\u00f3n de febrero que buscar romper la barrera del 1%. Por ahora, en materia inflacionaria, la referencia m\u00e1s cercana ser\u00e1 el dato de [&hellip;]<\/p>\n","protected":false},"author":1,"featured_media":940,"comment_status":"open","ping_status":"open","sticky":false,"template":"","format":"standard","meta":{"footnotes":""},"categories":[2],"tags":[868,1823,1544,28,16,2266,142,2265,1593,2264,1013],"class_list":["post-939","post","type-post","status-publish","format-standard","has-post-thumbnail","hentry","category-ultimas-noticias","tag-aumentos","tag-febrero","tag-inflacion","tag-los","tag-para","tag-pondran","tag-por","tag-previstos","tag-prueba","tag-siete","tag-uno"],"_links":{"self":[{"href":"https:\/\/13.com.ar\/index.php\/wp-json\/wp\/v2\/posts\/939","targetHints":{"allow":["GET"]}}],"collection":[{"href":"https:\/\/13.com.ar\/index.php\/wp-json\/wp\/v2\/posts"}],"about":[{"href":"https:\/\/13.com.ar\/index.php\/wp-json\/wp\/v2\/types\/post"}],"author":[{"embeddable":true,"href":"https:\/\/13.com.ar\/index.php\/wp-json\/wp\/v2\/users\/1"}],"replies":[{"embeddable":true,"href":"https:\/\/13.com.ar\/index.php\/wp-json\/wp\/v2\/comments?post=939"}],"version-history":[{"count":0,"href":"https:\/\/13.com.ar\/index.php\/wp-json\/wp\/v2\/posts\/939\/revisions"}],"wp:featuredmedia":[{"embeddable":true,"href":"https:\/\/13.com.ar\/index.php\/wp-json\/wp\/v2\/media\/940"}],"wp:attachment":[{"href":"https:\/\/13.com.ar\/index.php\/wp-json\/wp\/v2\/media?parent=939"}],"wp:term":[{"taxonomy":"category","embeddable":true,"href":"https:\/\/13.com.ar\/index.php\/wp-json\/wp\/v2\/categories?post=939"},{"taxonomy":"post_tag","embeddable":true,"href":"https:\/\/13.com.ar\/index.php\/wp-json\/wp\/v2\/tags?post=939"}],"curies":[{"name":"wp","href":"https:\/\/api.w.org\/{rel}","templated":true}]}}