{"id":937,"date":"2025-01-31T11:46:19","date_gmt":"2025-01-31T14:46:19","guid":{"rendered":"https:\/\/13.com.ar\/index.php\/la-prensa-britanica-refleja-el-sabor-agridulce-de-abandonar-europa\/"},"modified":"2025-01-31T11:46:19","modified_gmt":"2025-01-31T14:46:19","slug":"la-prensa-britanica-refleja-el-sabor-agridulce-de-abandonar-europa","status":"publish","type":"post","link":"https:\/\/13.com.ar\/index.php\/la-prensa-britanica-refleja-el-sabor-agridulce-de-abandonar-europa\/","title":{"rendered":"la prensa brit\u00e1nica refleja el sabor agridulce de abandonar Europa"},"content":{"rendered":"<p> <br \/>\n<\/p>\n<div id=\"cuerpo\">\n<div class=\"sc-80531b6b-0 chRIGJ container-text text-embed\">\n<p>El 31 de enero de 2020, el Reino Unido dej\u00f3 de formar parte oficialmente de la Uni\u00f3n Europea. Desmintiendo los sondeos,<strong> el 51,9 de los brit\u00e1nicos<\/strong> hab\u00eda, el 23 de junio de 2016, decidido independizarse de Bruselas. Para los partidarios del Brexit, el Reino Unido volver\u00eda a ser una naci\u00f3n soberana a cargo de su propio destino. Para los opositores, se traducir\u00eda por <strong>un pa\u00eds aislado y debilitado.<\/strong><\/p>\n<\/div>\n<div class=\"sc-80531b6b-0 chRIGJ container-text text-embed\">\n<p>El diario The Guardian le da la palabra a Praful Nargund, director de la ONG Good Growth Foundation, que pone el acento <strong>en las consecuencias negativas del Brexit.<\/strong> <\/p>\n<\/div>\n<p><h2>Una salida sin plan y arrepentimiento<\/h2>\n<\/p>\n<div class=\"sc-80531b6b-0 chRIGJ container-text text-embed\">\n<p>\u201cLos conservadores admiten que sacaron al Reino Unido de la UE <strong>sin un plan de crecimiento<\/strong>, y las consecuencias son claras: el costo de la vida se dispara, los servicios p\u00fablicos est\u00e1n de rodillas y el crecimiento parece un sue\u00f1o de una \u00e9poca lejana\u201d.<\/p>\n<\/div>\n<div class=\"sc-80531b6b-0 chRIGJ container-text text-embed\">\n<p>El peri\u00f3dico <strong>The Independent<\/strong> hace valer que cinco a\u00f1os despu\u00e9s, \u201cel sentimiento de la opini\u00f3n p\u00fablica <strong>est\u00e1 cambiando<\/strong>, y muchos experimentan un \u201cBregret\u201d (juego de palabras que combina Brexit y <em>Regret<\/em>, arrepentimiento) por la decisi\u00f3n, sobre todo a medida que <strong>se aclaran las consecuencias de abandonar la UE<\/strong>\u201d.<\/p>\n<\/div>\n<div class=\"sc-198be8ec-0 cynXbu image-embed  image-embed \"><picture class=\"sc-198be8ec-1 kOjRiQ\"><source media=\"(min-width: 975px)\" width=\"720\" height=\"480\" \/><img alt=\"La bandera brit\u00e1nica Union flag flamea junto al Big Ben. Foto: AP\" loading=\"lazy\" width=\"720\" height=\"480\" decoding=\"async\" data-nimg=\"1\" style=\"color:transparent\" src=\"https:\/\/13.com.ar\/wp-content\/uploads\/2025\/01\/la-prensa-britanica-refleja-el-sabor-agridulce-de-abandonar-Europa.jpg\"\/><span class=\"epigraphe\">La bandera brit\u00e1nica Union flag flamea junto al Big Ben. Foto: AP<\/span><span class=\"bkg\"\/><span class=\"picture-open\"><button class=\"open-image\" aria-label=\"Open Image\"\/><\/span><\/picture><\/div>\n<div class=\"sc-80531b6b-0 chRIGJ container-text text-embed\">\n<p>Seg\u00fan sondeos de YouGov, el nivel de adhesi\u00f3n al Brexit <strong>vive su momento m\u00e1s bajo<\/strong>: un 55% de los brit\u00e1nicos piensa que su pa\u00eds deber\u00eda volver a la Uni\u00f3n Europea (UE), mientras que <strong>solo un 30%<\/strong> cree que tom\u00f3 la decisi\u00f3n correcta al dejarla, al cumplirse cinco a\u00f1os del Brexit, seg\u00fan una encuesta publicada el mi\u00e9rcoles.<\/p>\n<\/div>\n<p><h2>Los sectores conservadores opinan<\/h2>\n<\/p>\n<div class=\"sc-80531b6b-0 chRIGJ container-text text-embed\">\n<p>El sentimiento es distinto desde los sectores conservadores.<\/p>\n<\/div>\n<div class=\"sc-80531b6b-0 chRIGJ container-text text-embed\">\n<p>La columnista del tabloide <strong>The Sun<\/strong> Julia Hartley-Brewer dice no arrepentirse<strong> \u201cni por un nanosegundo\u201d<\/strong> de una decisi\u00f3n que la llen\u00f3 de orgullo. \u201c\u00bfPor qu\u00e9? Porque, como la mayor\u00eda de los votantes del<em> Leave <\/em>(salir de la UE), mi apoyo al Brexit fue ante todo para restaurar la responsabilidad democr\u00e1tica, independientemente de los beneficios econ\u00f3micos que pudi\u00e9ramos obtener\u201d. <\/p>\n<\/div>\n<div class=\"sc-80531b6b-0 chRIGJ container-text text-embed\">\n<p>\u201cNadie deber\u00eda poder dictar normas y leyes que rijan nuestras vidas si no es democr\u00e1ticamente responsable ante el pueblo brit\u00e1nico y no puede ser expulsado cuando se equivoca\u201d, justifica.<\/p>\n<\/div>\n<div class=\"sc-198be8ec-0 cynXbu image-embed  image-embed \"><picture class=\"sc-198be8ec-1 kOjRiQ\"><source media=\"(min-width: 975px)\" width=\"720\" height=\"480\" \/><img alt=\"Sobre exclusivos para Gran Breta\u00f1a. Foto: AP\" loading=\"lazy\" width=\"720\" height=\"480\" decoding=\"async\" data-nimg=\"1\" style=\"color:transparent\" src=\"https:\/\/13.com.ar\/wp-content\/uploads\/2025\/01\/1738334779_315_la-prensa-britanica-refleja-el-sabor-agridulce-de-abandonar-Europa.jpg\"\/><span class=\"epigraphe\">Sobre exclusivos para Gran Breta\u00f1a. Foto: AP<\/span><span class=\"bkg\"\/><span class=\"picture-open\"><button class=\"open-image\" aria-label=\"Open Image\"\/><\/span><\/picture><\/div>\n<div class=\"sc-80531b6b-0 chRIGJ container-text text-embed\">\n<p>En otro diario conservador,<strong> The Telegraph<\/strong>, reconocen que \u201clas cosas no han sido perfectas en los \u00faltimos a\u00f1os\u201d.<\/p>\n<\/div>\n<div class=\"sc-80531b6b-0 chRIGJ container-text text-embed\">\n<p>El columnista David Frost pide recordar sin embargo lo que considera <strong>las humillaciones e injusticias vividas por Londres <\/strong>en su trato con la UE, y apunta que ahora \u201ces nuestro l\u00edo\u201d.<\/p>\n<\/div>\n<div class=\"sc-80531b6b-0 chRIGJ container-text text-embed\">\n<p>\u201cAhora tenemos la libertad de resolver estos problemas <strong>nosotros mismos<\/strong>. No tenemos que ir corriendo a Bruselas a pedir permiso para cambiar el IVA, establecer puertos francos, cambiar nuestro sistema de ayudas a la agricultura, alcanzar nuevos acuerdos comerciales, hacer tratos de pol\u00edtica exterior con nuestros viejos aliados, como Aukus (entre Australia, Reino Unido y Estados Unidos)&#8221; enumera.<\/p>\n<\/div>\n<div class=\"sc-80531b6b-0 chRIGJ container-text text-embed\">\n<p>Y sigue: &#8220;Cambiar nuestras normas sobre edici\u00f3n gen\u00e9tica o ensayos m\u00e9dicos cl\u00ednicos, alterar nuestras disposiciones sobre bienestar animal, recortar aranceles sobre cosas que no producimos nosotros mismos, proteger el medio ambiente en nuestros caladeros, cambiar nuestras normas sobre permisos de conducir, el tama\u00f1o de los camiones o los costos de los seguros de coche, y mucho m\u00e1s. Tampoco nos absorben sus normas sobre IA, que matan la innovaci\u00f3n, ni su Ley de Servicios Digitales, que aniquila la libertad de expresi\u00f3n\u201d.<\/p>\n<\/div>\n<p><h2>La clase pol\u00edtica no cumpli\u00f3 con sus promesas<\/h2>\n<\/p>\n<div class=\"sc-80531b6b-0 chRIGJ container-text text-embed\">\n<p>Otra \u00f3ptica defendida por quienes impulsaron el Brexit es que<strong> la clase pol\u00edtica no cumpli\u00f3 con las promesas<\/strong> que conllevaba salir de la UE.<\/p>\n<\/div>\n<div class=\"sc-198be8ec-0 cynXbu image-embed  image-embed \"><picture class=\"sc-198be8ec-1 kOjRiQ\"><source media=\"(min-width: 975px)\" width=\"720\" height=\"480\" \/><img alt=\"A\u00fan amamos a la Uni\u00f3n Europea, dice la pancarta. Foto: AP\" loading=\"lazy\" width=\"720\" height=\"480\" decoding=\"async\" data-nimg=\"1\" style=\"color:transparent\" src=\"https:\/\/13.com.ar\/wp-content\/uploads\/2025\/01\/1738334779_41_la-prensa-britanica-refleja-el-sabor-agridulce-de-abandonar-Europa.jpg\"\/><span class=\"epigraphe\">A\u00fan amamos a la Uni\u00f3n Europea, dice la pancarta. Foto: AP<\/span><span class=\"bkg\"\/><span class=\"picture-open\"><button class=\"open-image\" aria-label=\"Open Image\"\/><\/span><\/picture><\/div>\n<div class=\"sc-80531b6b-0 chRIGJ container-text text-embed\">\n<p>La gaceta econ\u00f3mica Financial Times hace un balance del lustro del Brexit y, en el aspecto pol\u00edtico, subraya: \u201cEl Brexit se vendi\u00f3 durante la campa\u00f1a del refer\u00e9ndum de 2016 como el medio por el que el Reino Unido \u2018recuperar\u00eda el control\u2019 de sus fronteras, frenando tanto la inmigraci\u00f3n legal como la ilegal. Sin embargo, ambos se dispararon despu\u00e9s de 2020, lo que aliment\u00f3 las acusaciones de traici\u00f3n de la derecha pol\u00edtica y contribuy\u00f3 a impulsar el apoyo al partido <em>Reform UK <\/em>de Nigel Farage, que recientemente ha igualado a laboristas y conservadores en las encuestas\u201d.<\/p>\n<\/div>\n<div class=\"sc-80531b6b-0 chRIGJ container-text text-embed\">\n<p>Esta es otra de las consecuencias del Brexit,<strong> el populista de derecha Farage<\/strong>, quien <strong>impuls\u00f3 desde UKIP el \u201cLeave\u201d<\/strong>, capitaliz\u00f3 el descontento de quienes estimaron que el error no fue haber ido demasiado lejos en el patriotismo, sino, por el contrario, quedarse a medio camino. <\/p>\n<\/div>\n<div class=\"sc-80531b6b-0 chRIGJ container-text text-embed\">\n<p>Esta fragmentaci\u00f3n <strong>es otro de los legados del debate del Brexit<\/strong>; un pa\u00eds partido <strong>en tres campos<\/strong>: laboristas, conservadores y populistas nacionalistas.<\/p>\n<\/div>\n<\/div>\n<p><br \/>\n<br \/><a href=\"https:\/\/www.clarin.com\/mundo\/anos-brexit-prensa-britanica-refleja-sabor-agridulce-abandonar-europa_0_gL7CO2keGm.html\">Fuente Clarin.com <\/a><\/p>\n","protected":false},"excerpt":{"rendered":"<p>El 31 de enero de 2020, el Reino Unido dej\u00f3 de formar parte oficialmente de la Uni\u00f3n Europea. Desmintiendo los sondeos, el 51,9 de los brit\u00e1nicos hab\u00eda, el 23 de junio de 2016, decidido independizarse de Bruselas. Para los partidarios del Brexit, el Reino Unido volver\u00eda a ser una naci\u00f3n soberana a cargo de su [&hellip;]<\/p>\n","protected":false},"author":1,"featured_media":938,"comment_status":"open","ping_status":"open","sticky":false,"template":"","format":"standard","meta":{"footnotes":""},"categories":[2],"tags":[2263,2262,2259,363,214,2260,2261],"class_list":["post-937","post","type-post","status-publish","format-standard","has-post-thumbnail","hentry","category-ultimas-noticias","tag-abandonar","tag-agridulce","tag-britanica","tag-europa","tag-prensa","tag-refleja","tag-sabor"],"_links":{"self":[{"href":"https:\/\/13.com.ar\/index.php\/wp-json\/wp\/v2\/posts\/937","targetHints":{"allow":["GET"]}}],"collection":[{"href":"https:\/\/13.com.ar\/index.php\/wp-json\/wp\/v2\/posts"}],"about":[{"href":"https:\/\/13.com.ar\/index.php\/wp-json\/wp\/v2\/types\/post"}],"author":[{"embeddable":true,"href":"https:\/\/13.com.ar\/index.php\/wp-json\/wp\/v2\/users\/1"}],"replies":[{"embeddable":true,"href":"https:\/\/13.com.ar\/index.php\/wp-json\/wp\/v2\/comments?post=937"}],"version-history":[{"count":0,"href":"https:\/\/13.com.ar\/index.php\/wp-json\/wp\/v2\/posts\/937\/revisions"}],"wp:featuredmedia":[{"embeddable":true,"href":"https:\/\/13.com.ar\/index.php\/wp-json\/wp\/v2\/media\/938"}],"wp:attachment":[{"href":"https:\/\/13.com.ar\/index.php\/wp-json\/wp\/v2\/media?parent=937"}],"wp:term":[{"taxonomy":"category","embeddable":true,"href":"https:\/\/13.com.ar\/index.php\/wp-json\/wp\/v2\/categories?post=937"},{"taxonomy":"post_tag","embeddable":true,"href":"https:\/\/13.com.ar\/index.php\/wp-json\/wp\/v2\/tags?post=937"}],"curies":[{"name":"wp","href":"https:\/\/api.w.org\/{rel}","templated":true}]}}