{"id":9365,"date":"2025-03-02T14:00:35","date_gmt":"2025-03-02T17:00:35","guid":{"rendered":"https:\/\/13.com.ar\/index.php\/se-noto-que-no-estas-bien-cristina-kirchner-escribio-sobre-el-discurso-de-javier-milei-e-interpreto-que-el-presidente-anticipo-una-devaluacion\/"},"modified":"2025-03-02T14:00:35","modified_gmt":"2025-03-02T17:00:35","slug":"se-noto-que-no-estas-bien-cristina-kirchner-escribio-sobre-el-discurso-de-javier-milei-e-interpreto-que-el-presidente-anticipo-una-devaluacion","status":"publish","type":"post","link":"https:\/\/13.com.ar\/index.php\/se-noto-que-no-estas-bien-cristina-kirchner-escribio-sobre-el-discurso-de-javier-milei-e-interpreto-que-el-presidente-anticipo-una-devaluacion\/","title":{"rendered":"\u201cSe not\u00f3 que no est\u00e1s bien\u201d, Cristina Kirchner escribi\u00f3 sobre el discurso de Javier Milei e interpret\u00f3 que el Presidente anticip\u00f3 una devaluaci\u00f3n"},"content":{"rendered":"<p> <br \/>\n<br \/><img decoding=\"async\" src=\"https:\/\/13.com.ar\/wp-content\/uploads\/2025\/03\/Se-noto-que-no-estas-bien-Cristina-Kirchner-escribio-sobre.jpg\" \/><\/p>\n<div>\n<p>Cristina Kirchner le dedic\u00f3 otro tuit a Javier Milei y este domingo abord\u00f3 el discurso presidencial de apertura de sesiones del Congreso, en el que interpret\u00f3 que el Presidente anticip\u00f3 la posibilidad de una devaluaci\u00f3n.<\/p>\n<\/div>\n<div>\n<p>&#8220;Debo reconocer que un p\u00e1rrafo de tu discurso le\u00eddo, si me llam\u00f3 poderosamente la atenci\u00f3n. Fue cuando dijiste: &#8216;La estabilidad econ\u00f3mica que estamos conquistando no significa que hemos llegado a puerto\u2026TAMPOCO SIGNIFICA QUE NO VAYA A HABER VOLATILIDAD. La vida no funciona de esa manera; no es un movimiento rectil\u00edneo uniforme, SIEMPRE HAY ALTOS Y BAJOS, MOMENTOS DE TENSI\u00d3N y momentos de tranquilidad&#8217;\u201d, parafrase\u00f3 la presidenta del PJ<\/p>\n<\/div>\n<div>\n<p>Y, ante ello, concluy\u00f3 : &#8220;Epa! \u2026 Es la primera vez que te escucho decir que tu \u201cplan de estabilidad exitoso, el mejor de la historia\u201d puede sufrir altos y bajos y momentos de tensi\u00f3n. Milei\u2026 <strong>EN MI BARRIO, Y EN ARGENTINA, A ESO LE DECIMOS DEVALUACI\u00d3N<\/strong>. Sobre todo, cuando la estabilidad est\u00e1 basada \u00fanicamente en tener pisado el tipo de cambio. Como es tu caso&#8221;.<\/p>\n<\/div>\n<div>\n<p>&#8220;Se not\u00f3 que no est\u00e1 bien&#8221;, azuz\u00f3 Kirchner por la lectura presidencial y arremeti\u00f3: &#8220;La verdad que anoche con las calles vac\u00edas y llenas de polic\u00edas, el recinto del Congreso desierto y el locutor de la cadena nacional, que no pod\u00eda tapar el ruido de las cacerolas, diciendo &#8216;se escucha la m\u00fasica de la fanfarria Alto Per\u00fa de Granaderos&#8217; tuve la impresi\u00f3n de que diste vuelta el reloj de arena&#8221;.<\/p>\n<\/div>\n<p><br \/>\n<br \/><a href=\"https:\/\/www.clarin.com\/politica\/noto-bien-cristina-kirchner-escribio-discurso-javier-milei-interpreto-presidente-anticipo-devaluacion_0_ojSc0nKxFS.html\">Fuente Clarin.com <\/a><\/p>\n","protected":false},"excerpt":{"rendered":"<p>Cristina Kirchner le dedic\u00f3 otro tuit a Javier Milei y este domingo abord\u00f3 el discurso presidencial de apertura de sesiones del Congreso, en el que interpret\u00f3 que el Presidente anticip\u00f3 la posibilidad de una devaluaci\u00f3n. &#8220;Debo reconocer que un p\u00e1rrafo de tu discurso le\u00eddo, si me llam\u00f3 poderosamente la atenci\u00f3n. Fue cuando dijiste: &#8216;La estabilidad [&hellip;]<\/p>\n","protected":false},"author":1,"featured_media":9366,"comment_status":"open","ping_status":"open","sticky":false,"template":"","format":"standard","meta":{"footnotes":""},"categories":[2],"tags":[8595,2385,497,3067,731,2614,1886,10281,273,1381,77,10280,135,732,73],"class_list":["post-9365","post","type-post","status-publish","format-standard","has-post-thumbnail","hentry","category-ultimas-noticias","tag-anticipo","tag-bien","tag-cristina","tag-devaluacion","tag-discurso","tag-escribio","tag-estas","tag-interpreto","tag-javier","tag-kirchner","tag-milei","tag-noto","tag-presidente","tag-sobre","tag-una"],"_links":{"self":[{"href":"https:\/\/13.com.ar\/index.php\/wp-json\/wp\/v2\/posts\/9365","targetHints":{"allow":["GET"]}}],"collection":[{"href":"https:\/\/13.com.ar\/index.php\/wp-json\/wp\/v2\/posts"}],"about":[{"href":"https:\/\/13.com.ar\/index.php\/wp-json\/wp\/v2\/types\/post"}],"author":[{"embeddable":true,"href":"https:\/\/13.com.ar\/index.php\/wp-json\/wp\/v2\/users\/1"}],"replies":[{"embeddable":true,"href":"https:\/\/13.com.ar\/index.php\/wp-json\/wp\/v2\/comments?post=9365"}],"version-history":[{"count":0,"href":"https:\/\/13.com.ar\/index.php\/wp-json\/wp\/v2\/posts\/9365\/revisions"}],"wp:featuredmedia":[{"embeddable":true,"href":"https:\/\/13.com.ar\/index.php\/wp-json\/wp\/v2\/media\/9366"}],"wp:attachment":[{"href":"https:\/\/13.com.ar\/index.php\/wp-json\/wp\/v2\/media?parent=9365"}],"wp:term":[{"taxonomy":"category","embeddable":true,"href":"https:\/\/13.com.ar\/index.php\/wp-json\/wp\/v2\/categories?post=9365"},{"taxonomy":"post_tag","embeddable":true,"href":"https:\/\/13.com.ar\/index.php\/wp-json\/wp\/v2\/tags?post=9365"}],"curies":[{"name":"wp","href":"https:\/\/api.w.org\/{rel}","templated":true}]}}