{"id":9361,"date":"2025-03-02T13:36:43","date_gmt":"2025-03-02T16:36:43","guid":{"rendered":"https:\/\/13.com.ar\/index.php\/elon-musk-se-declaro-partidario-de-que-estados-unidos-abandone-la-otan-y-la-onu\/"},"modified":"2025-03-02T13:36:43","modified_gmt":"2025-03-02T16:36:43","slug":"elon-musk-se-declaro-partidario-de-que-estados-unidos-abandone-la-otan-y-la-onu","status":"publish","type":"post","link":"https:\/\/13.com.ar\/index.php\/elon-musk-se-declaro-partidario-de-que-estados-unidos-abandone-la-otan-y-la-onu\/","title":{"rendered":"Elon Musk se declar\u00f3 partidario de que Estados Unidos abandone la OTAN y la ONU"},"content":{"rendered":"<p> <br \/>\n<br \/><img decoding=\"async\" src=\"https:\/\/13.com.ar\/wp-content\/uploads\/2025\/03\/Elon-Musk-se-declaro-partidario-de-que-Estados-Unidos-abandone.jpg\" \/><\/p>\n<div>\n<p>El magnate Elon Musk, mano derecha del presidente estadounidense, Donald Trump, <strong>se declar\u00f3 partidario de que Estados Unidos abandone la OTAN y la ONU.<\/strong><\/p>\n<\/div>\n<div>\n<p><strong>&#8220;Estoy de acuerdo&#8221;<\/strong>, escribi\u00f3 Musk el s\u00e1bado por la noche en su red social X, en respuesta a un usuario estadounidense que hab\u00eda publicado: &#8220;Es hora de abandonar la OTAN y la ONU&#8221;.<\/p>\n<\/div>\n<div>\n<p>Musk, el hombre m\u00e1s rico del mundo, <strong>ha demostrado tener una enorme influencia en la Administraci\u00f3n de Trump,<\/strong> donde dirige el llamado Departamento de Eficiencia Gubernamental (DOGE), que se encarga de recortar el gasto p\u00fablico.<\/p>\n<\/div>\n<div>\n<p>La oposici\u00f3n dem\u00f3crata denuncia que el tambi\u00e9n consejero delegado de SpaceX y Tesla tiene un poder sin control en el Ejecutivo, donde ha capitaneado el despido de miles de empleados federales.<\/p>\n<\/div>\n<div>\n<p>El posicionamiento de Musk sobre la OTAN y la ONU llega despu\u00e9s del hist\u00f3rico e in\u00e9dito enfrentamiento que Trump y su hom\u00f3logo ucraniano, Volodimir Zelenski, protagonizaron el viernes en el Despacho Oval frente a las c\u00e1maras de televisi\u00f3n.<\/p>\n<\/div>\n<p><br \/>\n<br \/><a href=\"https:\/\/www.clarin.com\/mundo\/asesor-estrella-donald-trump-elon-musk-declaro-partidario-estados-unidos-abandone-otan-onu_0_BG8zPSup46.html\">Fuente Clarin.com <\/a><\/p>\n","protected":false},"excerpt":{"rendered":"<p>El magnate Elon Musk, mano derecha del presidente estadounidense, Donald Trump, se declar\u00f3 partidario de que Estados Unidos abandone la OTAN y la ONU. &#8220;Estoy de acuerdo&#8221;, escribi\u00f3 Musk el s\u00e1bado por la noche en su red social X, en respuesta a un usuario estadounidense que hab\u00eda publicado: &#8220;Es hora de abandonar la OTAN y [&hellip;]<\/p>\n","protected":false},"author":1,"featured_media":9362,"comment_status":"open","ping_status":"open","sticky":false,"template":"","format":"standard","meta":{"footnotes":""},"categories":[2],"tags":[4317,278,1915,1737,1916,27,6977,10279,1738],"class_list":["post-9361","post","type-post","status-publish","format-standard","has-post-thumbnail","hentry","category-ultimas-noticias","tag-abandone","tag-declaro","tag-elon","tag-estados","tag-musk","tag-onu","tag-otan","tag-partidario","tag-unidos"],"_links":{"self":[{"href":"https:\/\/13.com.ar\/index.php\/wp-json\/wp\/v2\/posts\/9361","targetHints":{"allow":["GET"]}}],"collection":[{"href":"https:\/\/13.com.ar\/index.php\/wp-json\/wp\/v2\/posts"}],"about":[{"href":"https:\/\/13.com.ar\/index.php\/wp-json\/wp\/v2\/types\/post"}],"author":[{"embeddable":true,"href":"https:\/\/13.com.ar\/index.php\/wp-json\/wp\/v2\/users\/1"}],"replies":[{"embeddable":true,"href":"https:\/\/13.com.ar\/index.php\/wp-json\/wp\/v2\/comments?post=9361"}],"version-history":[{"count":0,"href":"https:\/\/13.com.ar\/index.php\/wp-json\/wp\/v2\/posts\/9361\/revisions"}],"wp:featuredmedia":[{"embeddable":true,"href":"https:\/\/13.com.ar\/index.php\/wp-json\/wp\/v2\/media\/9362"}],"wp:attachment":[{"href":"https:\/\/13.com.ar\/index.php\/wp-json\/wp\/v2\/media?parent=9361"}],"wp:term":[{"taxonomy":"category","embeddable":true,"href":"https:\/\/13.com.ar\/index.php\/wp-json\/wp\/v2\/categories?post=9361"},{"taxonomy":"post_tag","embeddable":true,"href":"https:\/\/13.com.ar\/index.php\/wp-json\/wp\/v2\/tags?post=9361"}],"curies":[{"name":"wp","href":"https:\/\/api.w.org\/{rel}","templated":true}]}}