{"id":935,"date":"2025-01-31T11:43:00","date_gmt":"2025-01-31T14:43:00","guid":{"rendered":"https:\/\/13.com.ar\/index.php\/el-dato-de-vaca-muerta-que-preocupa-a-las-consultoras-de-recursos-humanos\/"},"modified":"2025-01-31T11:43:00","modified_gmt":"2025-01-31T14:43:00","slug":"el-dato-de-vaca-muerta-que-preocupa-a-las-consultoras-de-recursos-humanos","status":"publish","type":"post","link":"https:\/\/13.com.ar\/index.php\/el-dato-de-vaca-muerta-que-preocupa-a-las-consultoras-de-recursos-humanos\/","title":{"rendered":"El dato de Vaca Muerta que preocupa a las consultoras de Recursos Humanos"},"content":{"rendered":"<p> <br \/>\n<br \/><img decoding=\"async\" src=\"https:\/\/13.com.ar\/wp-content\/uploads\/2025\/01\/El-dato-de-Vaca-Muerta-que-preocupa-a-las-consultoras.jpg\" \/><\/p>\n<div id=\"cuerpo\">\n<div class=\"sc-80531b6b-0 chRIGJ container-text text-embed\">\n<p>El yacimiento de Vaca Muerta es, adem\u00e1s de una pieza clave para el desarrollo energ\u00e9tico del pa\u00eds, <strong>una importante fuente de empleo y desarrollo tecnol\u00f3gico<\/strong>. Sin embargo, hoy la <strong>preocupaci\u00f3n de las selectoras de Recursos Humanos es la falta de personal calificado <\/strong>para desempe\u00f1ar los puestos de trabajo.<\/p>\n<\/div>\n<div class=\"sc-80531b6b-0 chRIGJ container-text text-embed\">\n<p>Es decir, a los desaf\u00edos econ\u00f3micos y ambientales, se suma el de la necesidad de recursos humanos que requiere su desarrollo en un escenario donde abundan los candidatos, pero hay escasez a la hora en encontrar <strong>los perfiles adecuados a las necesidades de las compa\u00f1\u00edas.<\/strong><\/p>\n<\/div>\n<div class=\"sc-80531b6b-0 chRIGJ container-text text-embed\">\n<p>Tom\u00e1s Medina, Commercial Manager de Oil &amp; Gas de Adecco Argentina, explica: \u201cAquella persona que decide ir a Vaca Muerta seguramente conseguir\u00e1 empleo, al rev\u00e9s de lo que suele darse en otras partes del pa\u00eds, es dif\u00edcil que no lo encuentre&#8221;. Y asegura que, <strong>de cada 2000 presentaciones espont\u00e1neas de CVs que la consultora recibe en Neuqu\u00e9n, 1500 son de personas que quieren trabajar en la industria petrolera. <\/strong><\/p>\n<\/div>\n<div class=\"sc-80531b6b-0 chRIGJ container-text text-embed\">\n<p>\u201cSin embargo, la adecuaci\u00f3n de los puestos y el tiempo de cobertura, hacen pensar que estamos en un escenario de<strong> m\u00e1s pedidos o de pocos candidatos disponibles<\/strong>, por lo menos pocos candidatos disponibles en virtud de lo que necesita el sector\u201d, agreg\u00f3 Medina.<\/p>\n<\/div>\n<div class=\"sc-80531b6b-0 chRIGJ container-text text-embed\">\n<p>El entusiasmo por incorporarse al sector tambi\u00e9n est\u00e1 relacionado con un promedio de <strong>salario atractivo<\/strong>, pero con un cierto desconocimiento de la industria. La gran mayor\u00eda de las personas que buscan ingresar en la industria desconocen el modelo de trabajo 14 por 7, por ejemplo (14 d\u00edas en el campo, viviendo all\u00ed y luego 7 de descanso), explica el referente de Adecco.<\/p>\n<\/div>\n<div class=\"sc-80531b6b-0 chRIGJ container-text text-embed\">\n<p>Esta situaci\u00f3n genera complejidades en el staff con altos \u00edndices de rotaci\u00f3n que, adem\u00e1s, son muy costosos para las compa\u00f1\u00edas. Por la alta rotaci\u00f3n hay problemas en la contrataci\u00f3n de personal de oficio de lo que es la vieja escuela de la industria: <strong>soldadores, torneros, electricistas, gasistas e instrumentistas<\/strong>. En tanto que escasean los perfiles de la parte dura del sector energ\u00e9tico: gases de efecto invernadero, flowback y geolog\u00eda.<\/p>\n<\/div>\n<p><h2>Una problem\u00e1tica de todo el pa\u00eds<\/h2>\n<\/p>\n<div class=\"sc-80531b6b-0 chRIGJ container-text text-embed\">\n<p>Con respecto a la situaci\u00f3n del GNL (Gas Natural Licuado), Medina consider\u00f3 que generar\u00e1 un \u201cnuevo escenario en el mercado laboral del sector, ya que la cantidad de empleo que se va a necesitar no se encuentra disponible, pero no solo en la Patagonia ni en Vaca Muerta, no se encuentra disponible en el pa\u00eds\u201d.<\/p>\n<\/div>\n<div class=\"sc-80531b6b-0 chRIGJ container-text text-embed\">\n<p><strong>Sucede que la creciente demanda de ingenieros, t\u00e9cnicos y personal especializado en el sector energ\u00e9tico supera ampliamente la oferta disponible a nivel local,<\/strong> experimentan las selectoras de personal. &#8220;Es evidente la necesidad de capacitaci\u00f3n ante el bajo nivel educativo escolar&#8221;, explican.<\/p>\n<\/div>\n<div class=\"sc-80531b6b-0 chRIGJ container-text text-embed\">\n<p>Ante esta situaci\u00f3n, seg\u00fan Adecco, las empresas se est\u00e1n viendo obligadas a intensificar sus esfuerzos de reclutamiento, expandiendo su b\u00fasqueda m\u00e1s all\u00e1 de las fronteras provinciales para intentar cubrir las vacantes cr\u00edticas que demanda la industria.<\/p>\n<\/div>\n<div class=\"sc-80531b6b-0 chRIGJ container-text text-embed\">\n<p>En especial porque esta escasez de talento plantea retos significativos para el sector. La falta de profesionales capacitados puede ocasionar <strong>retrasos en la ejecuci\u00f3n de proyectos, afectando tanto los cronogramas como la productividad general<\/strong>. Adem\u00e1s, la competencia por el talento genera un incremento en los costos laborales, lo que complica la gesti\u00f3n de presupuestos y a\u00f1ade presi\u00f3n financiera a las organizaciones.<\/p>\n<\/div>\n<div class=\"sc-80531b6b-0 chRIGJ container-text text-embed\">\n<p>\u201cEs necesario implementar iniciativas educativas para mitigar estos desaf\u00edos y preparar al futuro talento para el nuevo escenario laboral que demanda el crecimiento de la industria petrolera en el pa\u00eds,\u201d seg\u00fan Medina.<\/p>\n<\/div>\n<\/div>\n<p><br \/>\n<br \/><a href=\"https:\/\/www.clarin.com\/economia\/dato-vaca-muerta-preocupa-consultoras-recursos-humanos_0_LGSVV5AAwQ.html\">Fuente Clarin.com <\/a><\/p>\n","protected":false},"excerpt":{"rendered":"<p>El yacimiento de Vaca Muerta es, adem\u00e1s de una pieza clave para el desarrollo energ\u00e9tico del pa\u00eds, una importante fuente de empleo y desarrollo tecnol\u00f3gico. Sin embargo, hoy la preocupaci\u00f3n de las selectoras de Recursos Humanos es la falta de personal calificado para desempe\u00f1ar los puestos de trabajo. Es decir, a los desaf\u00edos econ\u00f3micos y [&hellip;]<\/p>\n","protected":false},"author":1,"featured_media":936,"comment_status":"open","ping_status":"open","sticky":false,"template":"","format":"standard","meta":{"footnotes":""},"categories":[2],"tags":[2256,2255,2258,48,634,1380,2257,2036],"class_list":["post-935","post","type-post","status-publish","format-standard","has-post-thumbnail","hentry","category-ultimas-noticias","tag-consultoras","tag-dato","tag-humanos","tag-las","tag-muerta","tag-preocupa","tag-recursos","tag-vaca"],"_links":{"self":[{"href":"https:\/\/13.com.ar\/index.php\/wp-json\/wp\/v2\/posts\/935","targetHints":{"allow":["GET"]}}],"collection":[{"href":"https:\/\/13.com.ar\/index.php\/wp-json\/wp\/v2\/posts"}],"about":[{"href":"https:\/\/13.com.ar\/index.php\/wp-json\/wp\/v2\/types\/post"}],"author":[{"embeddable":true,"href":"https:\/\/13.com.ar\/index.php\/wp-json\/wp\/v2\/users\/1"}],"replies":[{"embeddable":true,"href":"https:\/\/13.com.ar\/index.php\/wp-json\/wp\/v2\/comments?post=935"}],"version-history":[{"count":0,"href":"https:\/\/13.com.ar\/index.php\/wp-json\/wp\/v2\/posts\/935\/revisions"}],"wp:featuredmedia":[{"embeddable":true,"href":"https:\/\/13.com.ar\/index.php\/wp-json\/wp\/v2\/media\/936"}],"wp:attachment":[{"href":"https:\/\/13.com.ar\/index.php\/wp-json\/wp\/v2\/media?parent=935"}],"wp:term":[{"taxonomy":"category","embeddable":true,"href":"https:\/\/13.com.ar\/index.php\/wp-json\/wp\/v2\/categories?post=935"},{"taxonomy":"post_tag","embeddable":true,"href":"https:\/\/13.com.ar\/index.php\/wp-json\/wp\/v2\/tags?post=935"}],"curies":[{"name":"wp","href":"https:\/\/api.w.org\/{rel}","templated":true}]}}