{"id":933,"date":"2025-01-31T11:38:38","date_gmt":"2025-01-31T14:38:38","guid":{"rendered":"https:\/\/13.com.ar\/index.php\/recuperan-las-cajas-negras-del-avion-apuntan-a-la-torre-de-control-y-un-nuevo-video-de-la-tragedia-en-estados-unidos\/"},"modified":"2025-01-31T11:38:38","modified_gmt":"2025-01-31T14:38:38","slug":"recuperan-las-cajas-negras-del-avion-apuntan-a-la-torre-de-control-y-un-nuevo-video-de-la-tragedia-en-estados-unidos","status":"publish","type":"post","link":"https:\/\/13.com.ar\/index.php\/recuperan-las-cajas-negras-del-avion-apuntan-a-la-torre-de-control-y-un-nuevo-video-de-la-tragedia-en-estados-unidos\/","title":{"rendered":"recuperan las cajas negras del avi\u00f3n, apuntan a la torre de control y un nuevo video de la tragedia en Estados Unidos"},"content":{"rendered":"<p> <br \/>\n<br \/><img decoding=\"async\" src=\"https:\/\/13.com.ar\/wp-content\/uploads\/2025\/01\/recuperan-las-cajas-negras-del-avion-apuntan-a-la-torre.jpg\" \/><\/p>\n<p>Vie. 31.01.2025-07:30<\/p>\n<div>\n<p>\u201cComando de Bomberos. El accidente sucedi\u00f3 en el r\u00edo. Tanto el helic\u00f3ptero como el avi\u00f3n cayeron al r\u00edo. Est\u00e1 al este, cerca del final de la pista 33\u201d, precis\u00f3 una mujer por radio.<\/p>\n<\/div>\n<div>\n<p>Una voz masculina le respondi\u00f3: \u201c\u00bfEst\u00e1 el tr\u00e1fico a\u00e9reo cerrado?\u201d. \u201cS\u00ed, el tr\u00e1fico a\u00e9reo est\u00e1 cerrado\u201d, remarc\u00f3 la dama.<\/p>\n<\/div>\n<div>\n<p>El hombre insisti\u00f3: \u201c\u00bfAl igual que las pistas?\u201d. \u201cS\u00ed, todas las pistas han cerrado, nadie puede aterrizar, nadie se est\u00e1 moviendo en este instante\u201d, devolvi\u00f3 la mujer para describir el estado de situaci\u00f3n de la terminal a\u00e9rea situada en Virginia que fue cerrada luego del impacto entre las dos aeronaves, este mi\u00e9rcoles por la noche.<\/p>\n<\/div>\n<div>\n<p>\u201cProbablemente est\u00e1 a la mitad del r\u00edo. Solo vi una bola de fuego y despu\u00e9s desapareci\u00f3, as\u00ed que no he visto nada que haya pegado en el r\u00edo\u201d, precis\u00f3 luego.<\/p>\n<\/div>\n<div>\n<p>Y complet\u00f3: \u201cPero fue un CRJ y un helic\u00f3ptero que chocaron. Podr\u00eda ser que a media milla de la aproximaci\u00f3n del final de la 33\u201d. Leer m\u00e1s<\/p>\n<\/div>\n<p><br \/>\n<br \/><a href=\"https:\/\/www.clarin.com\/mundo\/choque-avion-helicoptero-washington-vivo-muertos-noticias-ultima-hora-accidente-aereo-estados-unidos-hoy_0_eX2aI9lg8f.html\">Fuente Clarin.com <\/a><\/p>\n","protected":false},"excerpt":{"rendered":"<p>Vie. 31.01.2025-07:30 \u201cComando de Bomberos. El accidente sucedi\u00f3 en el r\u00edo. Tanto el helic\u00f3ptero como el avi\u00f3n cayeron al r\u00edo. Est\u00e1 al este, cerca del final de la pista 33\u201d, precis\u00f3 una mujer por radio. Una voz masculina le respondi\u00f3: \u201c\u00bfEst\u00e1 el tr\u00e1fico a\u00e9reo cerrado?\u201d. \u201cS\u00ed, el tr\u00e1fico a\u00e9reo est\u00e1 cerrado\u201d, remarc\u00f3 la dama. El [&hellip;]<\/p>\n","protected":false},"author":1,"featured_media":934,"comment_status":"open","ping_status":"open","sticky":false,"template":"","format":"standard","meta":{"footnotes":""},"categories":[2],"tags":[2254,1418,2252,645,100,1737,48,2253,14,2251,1453,1573,1738,200],"class_list":["post-933","post","type-post","status-publish","format-standard","has-post-thumbnail","hentry","category-ultimas-noticias","tag-apuntan","tag-avion","tag-cajas","tag-control","tag-del","tag-estados","tag-las","tag-negras","tag-nuevo","tag-recuperan","tag-torre","tag-tragedia","tag-unidos","tag-video"],"_links":{"self":[{"href":"https:\/\/13.com.ar\/index.php\/wp-json\/wp\/v2\/posts\/933","targetHints":{"allow":["GET"]}}],"collection":[{"href":"https:\/\/13.com.ar\/index.php\/wp-json\/wp\/v2\/posts"}],"about":[{"href":"https:\/\/13.com.ar\/index.php\/wp-json\/wp\/v2\/types\/post"}],"author":[{"embeddable":true,"href":"https:\/\/13.com.ar\/index.php\/wp-json\/wp\/v2\/users\/1"}],"replies":[{"embeddable":true,"href":"https:\/\/13.com.ar\/index.php\/wp-json\/wp\/v2\/comments?post=933"}],"version-history":[{"count":0,"href":"https:\/\/13.com.ar\/index.php\/wp-json\/wp\/v2\/posts\/933\/revisions"}],"wp:featuredmedia":[{"embeddable":true,"href":"https:\/\/13.com.ar\/index.php\/wp-json\/wp\/v2\/media\/934"}],"wp:attachment":[{"href":"https:\/\/13.com.ar\/index.php\/wp-json\/wp\/v2\/media?parent=933"}],"wp:term":[{"taxonomy":"category","embeddable":true,"href":"https:\/\/13.com.ar\/index.php\/wp-json\/wp\/v2\/categories?post=933"},{"taxonomy":"post_tag","embeddable":true,"href":"https:\/\/13.com.ar\/index.php\/wp-json\/wp\/v2\/tags?post=933"}],"curies":[{"name":"wp","href":"https:\/\/api.w.org\/{rel}","templated":true}]}}