{"id":931,"date":"2025-01-31T11:35:34","date_gmt":"2025-01-31T14:35:34","guid":{"rendered":"https:\/\/13.com.ar\/index.php\/el-conmovedor-posteo-de-lola-su-hija-menor\/"},"modified":"2025-01-31T11:35:34","modified_gmt":"2025-01-31T14:35:34","slug":"el-conmovedor-posteo-de-lola-su-hija-menor","status":"publish","type":"post","link":"https:\/\/13.com.ar\/index.php\/el-conmovedor-posteo-de-lola-su-hija-menor\/","title":{"rendered":"el conmovedor posteo de Lola, su hija menor"},"content":{"rendered":"<p> <br \/>\n<\/p>\n<div id=\"cuerpo\">\n<div class=\"sc-80531b6b-0 chRIGJ container-text text-embed\">\n<p>A un mes de la muerte de <strong>Jorge Lanata,<\/strong> su hija menor <strong>Lola<\/strong>, fruto del v\u00ednculo que tuvo el periodista con Sarah Stewart Brown, <strong>decidi\u00f3 recordarlo a trav\u00e9s de una publicaci\u00f3n que realiz\u00f3 en las redes sociales.<\/strong><\/p>\n<\/div>\n<div class=\"sc-80531b6b-0 chRIGJ container-text text-embed\">\n<p>La joven utiliz\u00f3 sus historias de Instagram y all\u00ed comparti\u00f3 una foto que muestra la complicidad que ten\u00eda Lola con su padre. En la imagen que comparti\u00f3 con sus seguidores se los puede ver abrazados previo a compartir una cena familiar. <\/p>\n<\/div>\n<div class=\"sc-80531b6b-0 chRIGJ container-text text-embed\">\n<p>La particularidad del posteo es que no realiz\u00f3 ning\u00fan comentario y acompa\u00f1\u00f3 la foto con un emoji de un coraz\u00f3n herido, dando cuenta el dolor que le causa la ausencia de su pap\u00e1, quien falleci\u00f3 el pasado 30 de diciembre en el Hospital Italiano a los 64 a\u00f1os luego de haber sido internado inicialmente a mediados de junio a causa de un infarto que sufri\u00f3 mientras ingresaba al sanatorio para un estudio programado.<\/p>\n<\/div>\n<div class=\"sc-80531b6b-0 chRIGJ container-text text-embed\">\n<p>Lolita ya se hab\u00eda expresado con mucho dolor un d\u00eda despu\u00e9s del fallecimiento de su padre. En aquella oportunidad, la joven hab\u00eda publicado varias im\u00e1genes junto a \u00e9l y hab\u00eda revelado la \u00faltima promesa que le hab\u00eda hecho al periodista: &#8220;Hola pa, es muy dif\u00edcil todo lo que est\u00e1 pasando. Pas\u00f3 muy poco tiempo, pero ya te extra\u00f1amos mucho. Te prometo que la voy a cuidar mucho a Barbi, que aunque sea grande y fuerte, yo s\u00e9 que nos necesita. Para siempre&#8221;.<\/p>\n<\/div>\n<div class=\"sc-198be8ec-0 cynXbu image-embed  image-embed \"><picture class=\"sc-198be8ec-1 kOjRiQ\"><source media=\"(min-width: 975px)\" width=\"720\" height=\"480\" \/><img alt=\"El posteo de Lola Lanata recordando a su padre a un mes de su fallecimiento.\" loading=\"lazy\" width=\"720\" height=\"480\" decoding=\"async\" data-nimg=\"1\" style=\"color:transparent\" src=\"https:\/\/13.com.ar\/wp-content\/uploads\/2025\/01\/el-conmovedor-posteo-de-Lola-su-hija-menor.jpg\"\/><span class=\"epigraphe\">El posteo de Lola Lanata recordando a su padre a un mes de su fallecimiento.<\/span><span class=\"bkg\"\/><span class=\"picture-open\"><button class=\"open-image\" aria-label=\"Open Image\"\/><\/span><\/picture><\/div>\n<div class=\"sc-80531b6b-0 chRIGJ container-text text-embed\">\n<p>&#8220;Fueron unos meses muy dif\u00edciles, pero tuvimos la suerte de no dejarnos de decirnos las cosas importantes. Como cuando me confesaste que al estar conmigo sent\u00edas paz. O el d\u00eda que mam\u00e1 se quejaba de m\u00ed y vos le dijiste que &#8216;todo lo que Lola quiera hacer, est\u00e1 bien'&#8221;, escribi\u00f3 en su conmovedor mensaje de despedida.<\/p>\n<\/div>\n<div class=\"sc-80531b6b-0 chRIGJ container-text text-embed\">\n<p>A su vez, se refiri\u00f3 al legado de su padre: &#8220;Ayer pensaba en un d\u00eda, hace tres a\u00f1os, en el cual me ense\u00f1aste lo importante que es mirar el cielo, respirar y agradecer. Y eso es lo que elijo hacer hoy&#8221;.<\/p>\n<\/div>\n<p><h2>El dolor de Elba Marcovecchio a un mes de la muerte de Jorge Lanata<\/h2>\n<\/p>\n<div class=\"sc-80531b6b-0 chRIGJ container-text text-embed\">\n<p>Elba Marcovecchio record\u00f3 al periodista y cont\u00f3 c\u00f3mo est\u00e1 atravesando el duelo en di\u00e1logo con DDM (Am\u00e9rica TV, lunes a viernes a las 15). All\u00ed, la abogada se confes\u00f3 con Marina Calabr\u00f3, quien est\u00e1 al frente del ciclo en reemplazo de Mariana Fabbiani.<\/p>\n<\/div>\n<div class=\"sc-80531b6b-0 chRIGJ container-text text-embed\">\n<p>\u201cEs muy dif\u00edcil porque las fechas a todos nos pegan independientemente de las sensibilidades que cada uno pueda tener\u201d, comenz\u00f3 diciendo Elba..<\/p>\n<\/div>\n<div class=\"sc-80531b6b-0 chRIGJ container-text text-embed\">\n<p>Luego, resalt\u00f3: \u201cEn ese sentido yo soy bastante sensible con las fechas y es un mes de Jorge que para m\u00ed es una eternidad. Creo que fue el mes m\u00e1s largo de mi vida y que sea justo el d\u00eda de mi cumple, con la forma en que Jorge me organizaba los cumplea\u00f1os&#8230; No te imaginas lo lindos que eran los cumplea\u00f1os que me organizaba Jorge\u201d.<\/p>\n<\/div>\n<div class=\"sc-198be8ec-0 cynXbu image-embed  image-embed \"><picture class=\"sc-198be8ec-1 kOjRiQ\"><source media=\"(min-width: 975px)\" width=\"720\" height=\"480\" \/><img alt=\"Elba Marcovecchio. Captura TV.\" loading=\"lazy\" width=\"720\" height=\"480\" decoding=\"async\" data-nimg=\"1\" style=\"color:transparent\" src=\"https:\/\/13.com.ar\/wp-content\/uploads\/2025\/01\/1738334134_286_el-conmovedor-posteo-de-Lola-su-hija-menor.jpg\"\/><span class=\"epigraphe\">Elba Marcovecchio. Captura TV.<\/span><span class=\"bkg\"\/><span class=\"picture-open\"><button class=\"open-image\" aria-label=\"Open Image\"\/><\/span><\/picture><\/div>\n<div class=\"sc-80531b6b-0 chRIGJ container-text text-embed\">\n<p>\u201cMe hac\u00eda los cumplea\u00f1os tan lindos. Era tan l\u00fadico, tan generoso, tan amoroso&#8230; Invitaba a mis amigas, organizaba, lo disfrutaba tanto \u00e9l como yo\u201d, record\u00f3 Marcovecchio.<\/p>\n<\/div>\n<div class=\"sc-80531b6b-0 chRIGJ container-text text-embed\">\n<p>Por su parte, en su cuenta de Instagram la abogada record\u00f3 a su fallecido marido con una collage de fotos de momentos compartidos junto a \u00e9l.<\/p>\n<\/div>\n<div class=\"sc-198be8ec-0 cynXbu image-embed  image-embed \"><picture class=\"sc-198be8ec-1 kOjRiQ\"><source media=\"(min-width: 975px)\" width=\"720\" height=\"480\" \/><img alt=\"El posteo de Elba Marcovecchio en recuerdo de Jorge Lanata. Foto: Instagram.\" loading=\"lazy\" width=\"720\" height=\"480\" decoding=\"async\" data-nimg=\"1\" style=\"color:transparent\" src=\"https:\/\/13.com.ar\/wp-content\/uploads\/2025\/01\/1738272265_466_El-recuerdo-de-Elba-Marcovecchio-a-un-mes-de-la.jpg\"\/><span class=\"epigraphe\">El posteo de Elba Marcovecchio en recuerdo de Jorge Lanata. Foto: Instagram.<\/span><span class=\"bkg\"\/><span class=\"picture-open\"><button class=\"open-image\" aria-label=\"Open Image\"\/><\/span><\/picture><\/div>\n<div class=\"sc-80531b6b-0 chRIGJ container-text text-embed\">\n<p>\u201cReci\u00e9n un mes y parece una eternidad. Te extra\u00f1o tanto. \u00a1Qu\u00e9 dif\u00edcil hoy!\u201d, expres\u00f3 Elba, quien se cas\u00f3 con Lanata el 23 de abril de 2022.<\/p>\n<\/div>\n<\/div>\n<p><br \/>\n<br \/><a href=\"https:\/\/www.clarin.com\/fama\/mes-fallecimiento-jorge-lanata-conmovedor-posteo-lola-hija-menor_0_iZv2YRtQCy.html\">Fuente Clarin.com <\/a><\/p>\n","protected":false},"excerpt":{"rendered":"<p>A un mes de la muerte de Jorge Lanata, su hija menor Lola, fruto del v\u00ednculo que tuvo el periodista con Sarah Stewart Brown, decidi\u00f3 recordarlo a trav\u00e9s de una publicaci\u00f3n que realiz\u00f3 en las redes sociales. La joven utiliz\u00f3 sus historias de Instagram y all\u00ed comparti\u00f3 una foto que muestra la complicidad que ten\u00eda [&hellip;]<\/p>\n","protected":false},"author":1,"featured_media":932,"comment_status":"open","ping_status":"open","sticky":false,"template":"","format":"standard","meta":{"footnotes":""},"categories":[2],"tags":[2248,192,2249,2250,1838],"class_list":["post-931","post","type-post","status-publish","format-standard","has-post-thumbnail","hentry","category-ultimas-noticias","tag-conmovedor","tag-hija","tag-lola","tag-menor","tag-posteo"],"_links":{"self":[{"href":"https:\/\/13.com.ar\/index.php\/wp-json\/wp\/v2\/posts\/931","targetHints":{"allow":["GET"]}}],"collection":[{"href":"https:\/\/13.com.ar\/index.php\/wp-json\/wp\/v2\/posts"}],"about":[{"href":"https:\/\/13.com.ar\/index.php\/wp-json\/wp\/v2\/types\/post"}],"author":[{"embeddable":true,"href":"https:\/\/13.com.ar\/index.php\/wp-json\/wp\/v2\/users\/1"}],"replies":[{"embeddable":true,"href":"https:\/\/13.com.ar\/index.php\/wp-json\/wp\/v2\/comments?post=931"}],"version-history":[{"count":0,"href":"https:\/\/13.com.ar\/index.php\/wp-json\/wp\/v2\/posts\/931\/revisions"}],"wp:featuredmedia":[{"embeddable":true,"href":"https:\/\/13.com.ar\/index.php\/wp-json\/wp\/v2\/media\/932"}],"wp:attachment":[{"href":"https:\/\/13.com.ar\/index.php\/wp-json\/wp\/v2\/media?parent=931"}],"wp:term":[{"taxonomy":"category","embeddable":true,"href":"https:\/\/13.com.ar\/index.php\/wp-json\/wp\/v2\/categories?post=931"},{"taxonomy":"post_tag","embeddable":true,"href":"https:\/\/13.com.ar\/index.php\/wp-json\/wp\/v2\/tags?post=931"}],"curies":[{"name":"wp","href":"https:\/\/api.w.org\/{rel}","templated":true}]}}