{"id":9295,"date":"2025-03-02T06:25:30","date_gmt":"2025-03-02T09:25:30","guid":{"rendered":"https:\/\/13.com.ar\/index.php\/lidera-un-radical-k-y-esta-tercero-un-abogado-de-famosos\/"},"modified":"2025-03-02T06:25:30","modified_gmt":"2025-03-02T09:25:30","slug":"lidera-un-radical-k-y-esta-tercero-un-abogado-de-famosos","status":"publish","type":"post","link":"https:\/\/13.com.ar\/index.php\/lidera-un-radical-k-y-esta-tercero-un-abogado-de-famosos\/","title":{"rendered":"lidera un radical K y est\u00e1 tercero un abogado de famosos"},"content":{"rendered":"<p> <br \/>\n<br \/><img decoding=\"async\" src=\"https:\/\/13.com.ar\/wp-content\/uploads\/2025\/03\/lidera-un-radical-K-y-esta-tercero-un-abogado-de.jpg\" \/><\/p>\n<div id=\"cuerpo\">\n<div class=\"sc-80531b6b-0 chRIGJ container-text text-embed\">\n<p>Las <strong>internas y<\/strong> los <strong>quiebres<\/strong> en las principales fuerzas de la <strong>Ciudad<\/strong>, como el PRO y La Libertad Avanza, m\u00e1s la alianza fallida entre estos dos partidos, le puso un condimento especial a la elecci\u00f3n local del 18 de mayo. Y de a poco van asomando encuestas que miden para estos comicios. Con<strong> resultados realmente sorprendentes<\/strong>. <\/p>\n<\/div>\n<div class=\"sc-80531b6b-0 chRIGJ container-text text-embed\">\n<p>Este fin de semana, <strong>Clar\u00edn<\/strong> accedi\u00f3 al \u00faltimo estudio en CABA de <strong>Federico Gonz\u00e1lez<\/strong>, un analista que lleva cerca de 20 a\u00f1os haciendo pron\u00f3sticos electorales y en general trabaja m\u00e1s cerca del peronismo. Evalu\u00f3 a ocho potenciales candidatos porte\u00f1os. Y en el distrito que gobierna el PRO desde 2007,<strong> el mejor<\/strong> fue un<strong> radical K<\/strong>, <strong>segundo<\/strong> qued\u00f3 un <strong>libertario desterrado<\/strong> y <strong>tercero<\/strong> aparece un <strong>abogado de famosos<\/strong>.<strong> <\/strong><\/p>\n<\/div>\n<div class=\"sc-80531b6b-0 chRIGJ container-text text-embed\">\n<p><strong>Se trata del diputado nacional Leandro Santoro (Uni\u00f3n por la Patria), de Ramiro Marra (legislador, echado de La Libertad Avanza) y de Mauricio D&#8217;Alessandro, figura de la TV y qui\u00e9n anunci\u00f3 que se presentar\u00e1 con el Partido Integrar.<\/strong><\/p>\n<\/div>\n<div class=\"sc-80531b6b-0 chRIGJ container-text text-embed\">\n<p><strong>\u00bfM\u00e1s sorpresas?<\/strong> Como eventual candidata oficial del <strong>PRO<\/strong>, la vocera<strong> Laura Alonso<\/strong> queda <strong>cuarta con 5,8%<\/strong>. Apenas tres d\u00e9cimas m\u00e1s que <strong>Marcelo Peretta<\/strong>. \u00a1\u00bfQui\u00e9n?! <\/p>\n<\/div>\n<p><iframe title=\"Intenci\u00f3n de voto para legisladoresen la Ciudad\" aria-label=\"Gr\u00e1fico de barras\" id=\"datawrapper-chart-IZYZL\" src=\"https:\/\/datawrapper.dwcdn.net\/IZYZL\/1\/\" scrolling=\"no\" frameborder=\"0\" style=\"width: 0; min-width: 100% !important; border: none;\" height=\"532\" data-external=\"1\"><\/iframe><\/p>\n<div class=\"sc-80531b6b-0 chRIGJ container-text text-embed\">\n<p>Se trata del l\u00edder del gremio de farmac\u00e9uticos y bioqu\u00edmicos, que tiene su sello, Movimiento Plural, con el que <strong>dice que se va a presentar el 18-M<\/strong>. En la previa de las elecciones 2023, se mov\u00eda como &#8220;precandidato de Patricia Bullrich para jefe de Gobierno&#8221;, pero no concret\u00f3.<\/p>\n<\/div>\n<div class=\"sc-80531b6b-0 chRIGJ container-text text-embed\">\n<p><strong>Clar\u00edn <\/strong>le pregunt\u00f3 al autor de la encuesta si estaba pedida\/pagada por alg\u00fan partido o candidato en particular. Gonz\u00e1lez respondi\u00f3 que no. En l\u00ednea con los <strong>n\u00fameros llamativos de Peretta (5,5%)<\/strong>, entre las principales preocupaciones de los porte\u00f1os encuestados aparecen &#8220;el precio de los medicamentos&#8221; m\u00e1s &#8220;salud y hospitales&#8221;.<\/p>\n<\/div>\n<div class=\"sc-80531b6b-0 chRIGJ container-text text-embed\">\n<p>El sindicalista tambi\u00e9n hab\u00eda sido medido por otra consultora, <strong><em>Circuitos<\/em><\/strong>, que le adjudicaba un 2,9%. &#8220;Peretta quiere jugar por los libertarios, por afuera de Milei&#8221;, explicaron en esta encuestadora. &#8220;Si Peretta saca 5,5% me retiro de la pol\u00edtica&#8221;, dice en broma uno de los dirigentes que figura en el podio del sondeo.<\/p>\n<\/div>\n<p><h2>El candidato de Moreno y una libertaria a la baja<\/h2>\n<\/p>\n<div class=\"sc-80531b6b-0 chRIGJ container-text text-embed\">\n<p>Otro dirigente medido por <strong><em>Circuitos<\/em><\/strong> y <strong><em>Federico Gonz\u00e1lez<\/em><\/strong> es <strong>Alejandro Kim<\/strong>. Hijo de un matrimonio coreano que se instal\u00f3 en Argentina en los 70, milita en el peronismo de Guillermo Moreno. En las encuestas le adjudicaron <strong>3,6% y 4,7%,<\/strong> respectivamente.<\/p>\n<\/div>\n<div class=\"sc-80531b6b-0 chRIGJ container-text text-embed\">\n<p>En el estudio de Gonz\u00e1lez, <strong>Kim queda por encima de la oferta oficial de La Libertad Avanza<\/strong>. Se trata de <strong>Pilar Ram\u00edrez<\/strong>, conocida por el apoyo que le dio Karina Milei en la interna con Marra y porque es la voz que suele polemizar fuerte con el macrismo. <\/p>\n<\/div>\n<div class=\"sc-80531b6b-0 chRIGJ container-text text-embed\">\n<p>Aunque Ram\u00edrez tiene dos a\u00f1os m\u00e1s de mandato en la Legislatura, varias consultoras empezaron a medirla. Por ahora muestra n\u00fameros m\u00e1s bien magros: Gonz\u00e1lez le adjudica <strong>3,7%<\/strong>. <\/p>\n<\/div>\n<div class=\"sc-80531b6b-0 chRIGJ container-text text-embed\">\n<p>&#8220;<strong>El Gobierno para m\u00ed va a jugar a Adorni (Manuel, el vocero presidencial), el PRO a (Mar\u00eda Eugenia) Vidal<\/strong> y no s\u00e9 si se presenta Marra. Por eso, es todo muy prematuro&#8221;, analiza otro de los dirigentes que termin\u00f3 en la parte de arriba de la encuesta.<\/p>\n<\/div>\n<div class=\"sc-80531b6b-0 chRIGJ container-text text-embed\">\n<p>El cuadro de<strong><em> Federico Gonz\u00e1lez<\/em><\/strong> se completa con <strong>Celeste Fierro<\/strong>, exlegisladora del MST y una de las representantes de la izquierda en el distrito. Suma <strong>5,2%<\/strong>. Completan<strong> &#8220;en blanco&#8221; <\/strong>con <strong>5,6%<\/strong> y <strong>&#8220;no sabe&#8221;<\/strong> con <strong>7,2%<\/strong>.<\/p>\n<\/div>\n<\/div>\n<p><br \/>\n<br \/><a href=\"https:\/\/www.clarin.com\/politica\/nueva-encuesta-sorpresa-ciudad-lidera-radical-k-tercero-abogado-famosos_0_llqayYtynl.html\">Fuente Clarin.com <\/a><\/p>\n","protected":false},"excerpt":{"rendered":"<p>Las internas y los quiebres en las principales fuerzas de la Ciudad, como el PRO y La Libertad Avanza, m\u00e1s la alianza fallida entre estos dos partidos, le puso un condimento especial a la elecci\u00f3n local del 18 de mayo. Y de a poco van asomando encuestas que miden para estos comicios. Con resultados realmente [&hellip;]<\/p>\n","protected":false},"author":1,"featured_media":9296,"comment_status":"open","ping_status":"open","sticky":false,"template":"","format":"standard","meta":{"footnotes":""},"categories":[2],"tags":[1242,300,2390,3761,6737,10248],"class_list":["post-9295","post","type-post","status-publish","format-standard","has-post-thumbnail","hentry","category-ultimas-noticias","tag-abogado","tag-esta","tag-famosos","tag-lidera","tag-radical","tag-tercero"],"_links":{"self":[{"href":"https:\/\/13.com.ar\/index.php\/wp-json\/wp\/v2\/posts\/9295","targetHints":{"allow":["GET"]}}],"collection":[{"href":"https:\/\/13.com.ar\/index.php\/wp-json\/wp\/v2\/posts"}],"about":[{"href":"https:\/\/13.com.ar\/index.php\/wp-json\/wp\/v2\/types\/post"}],"author":[{"embeddable":true,"href":"https:\/\/13.com.ar\/index.php\/wp-json\/wp\/v2\/users\/1"}],"replies":[{"embeddable":true,"href":"https:\/\/13.com.ar\/index.php\/wp-json\/wp\/v2\/comments?post=9295"}],"version-history":[{"count":0,"href":"https:\/\/13.com.ar\/index.php\/wp-json\/wp\/v2\/posts\/9295\/revisions"}],"wp:featuredmedia":[{"embeddable":true,"href":"https:\/\/13.com.ar\/index.php\/wp-json\/wp\/v2\/media\/9296"}],"wp:attachment":[{"href":"https:\/\/13.com.ar\/index.php\/wp-json\/wp\/v2\/media?parent=9295"}],"wp:term":[{"taxonomy":"category","embeddable":true,"href":"https:\/\/13.com.ar\/index.php\/wp-json\/wp\/v2\/categories?post=9295"},{"taxonomy":"post_tag","embeddable":true,"href":"https:\/\/13.com.ar\/index.php\/wp-json\/wp\/v2\/tags?post=9295"}],"curies":[{"name":"wp","href":"https:\/\/api.w.org\/{rel}","templated":true}]}}