{"id":9293,"date":"2025-03-02T06:22:39","date_gmt":"2025-03-02T09:22:39","guid":{"rendered":"https:\/\/13.com.ar\/index.php\/los-que-mas-impacto-causaron-y-en-que-quedaron\/"},"modified":"2025-03-02T06:22:39","modified_gmt":"2025-03-02T09:22:39","slug":"los-que-mas-impacto-causaron-y-en-que-quedaron","status":"publish","type":"post","link":"https:\/\/13.com.ar\/index.php\/los-que-mas-impacto-causaron-y-en-que-quedaron\/","title":{"rendered":"los que m\u00e1s impacto causaron y en qu\u00e9 quedaron"},"content":{"rendered":"<p> <br \/>\n<\/p>\n<div id=\"cuerpo\">\n<div class=\"sc-80531b6b-0 chRIGJ container-text text-embed\">\n<p>\u201cLo que m\u00e1s me duele es que esa mam\u00e1 va a pelear, insistir, reclamar y no va a conseguir nada porque a m\u00ed me pas\u00f3 lo mismo, si le toca un buen juez quiz\u00e1 est\u00e9 en un instituto hasta los 18 a\u00f1os, pero no lo pueden condenar\u201d, dice una mam\u00e1 sobre <strong>la muerte de Kim<\/strong>, la nena de siete a\u00f1os <strong>asesinada en La Plata por dos adolescentes de 14 y 17 a\u00f1os.<\/strong><\/p>\n<\/div>\n<div class=\"sc-80531b6b-0 chRIGJ container-text text-embed\">\n<p>La muerte de la nena vuelve a poner en debate una crisis recurrente y desgarradora: <strong>\u00bfqu\u00e9 pasa con el delito joven?<\/strong><\/p>\n<\/div>\n<div class=\"sc-80531b6b-0 chRIGJ container-text text-embed\">\n<p>Entre adolescentes que se inician cada vez m\u00e1s temprano en el delito o en el consumo de sustancias y los que se convierten en <strong>mano de obra \u00fatil para organizaciones m\u00e1s complejas<\/strong> que los usan para delinquir y as\u00ed eludir a la Justicia, el conflicto <strong>no encuentra soluci\u00f3n.<\/strong><\/p>\n<\/div>\n<div class=\"sc-80531b6b-0 chRIGJ container-text text-embed\">\n<p>La desgarradora historia de Kim es una m\u00e1s de muchas en las que las familias reclamaron por justicia sin poder alcanzar una condena que -esperan- mitigue su dolor.<\/p>\n<\/div>\n<p><h2>El crimen de Brian Aguinaco<\/h2>\n<\/p>\n<div class=\"sc-80531b6b-0 chRIGJ container-text text-embed\">\n<p>Brian Aguinaco ten\u00eda 14 a\u00f1os y lo asesin\u00f3 <strong>un adolescente que ten\u00eda casi su misma edad el 24 de diciembre de 2016, en un robo en Flores<\/strong>.<\/p>\n<\/div>\n<div class=\"sc-198be8ec-0 cynXbu image-embed  image-embed \"><picture class=\"sc-198be8ec-1 kOjRiQ\"><source media=\"(min-width: 975px)\" width=\"720\" height=\"480\" \/><img alt=\"El crimen de Brian Aghinaco en 2016, en Flores. El d\u00eda del veredicto tras el juicio contra el menor que lo mat\u00f3. Foto: Rolando Andrade Strcuzzi \" loading=\"lazy\" width=\"720\" height=\"480\" decoding=\"async\" data-nimg=\"1\" style=\"color:transparent\" src=\"https:\/\/13.com.ar\/wp-content\/uploads\/2025\/03\/los-que-mas-impacto-causaron-y-en-que-quedaron.jpg\"\/><span class=\"epigraphe\">El crimen de Brian Aghinaco en 2016, en Flores. El d\u00eda del veredicto tras el juicio contra el menor que lo mat\u00f3. Foto: Rolando Andrade Strcuzzi <\/span><span class=\"bkg\"\/><span class=\"picture-open\"><button class=\"open-image\" aria-label=\"Open Image\"\/><\/span><\/picture><\/div>\n<div class=\"sc-80531b6b-0 chRIGJ container-text text-embed\">\n<p>El tirador ten\u00eda 15 a\u00f1os al momento del crimen y pertenec\u00eda a una banda llamada <strong>\u201cbanda de la salita\u201d<\/strong>, autora de varios hechos en Flores.<\/p>\n<\/div>\n<div class=\"sc-80531b6b-0 chRIGJ container-text text-embed\">\n<p>Lo detuvieron, pero por ser inimputable lo liberaron y su mam\u00e1 Adriana Gonz\u00e1lez Cruzado public\u00f3 una foto en Facebook con una carta de despedida. Estaban en el Aeropuerto Internacional de Ezeiza. <strong>Su hijo de 15 a\u00f1os se iba a Chile para escapar de la Justicia.<\/strong><\/p>\n<\/div>\n<div class=\"sc-198be8ec-0 cynXbu image-embed  image-embed \"><picture class=\"sc-198be8ec-1 kOjRiQ\"><source media=\"(min-width: 975px)\" width=\"720\" height=\"480\" \/><img alt=\"Brian Aguinaco fue asesinado en Flores por un adolescente de 15 a\u00f1os. \" loading=\"lazy\" width=\"720\" height=\"480\" decoding=\"async\" data-nimg=\"1\" style=\"color:transparent\" src=\"https:\/\/13.com.ar\/wp-content\/uploads\/2025\/02\/La-madre-del-asesino-de-Brian-Aguinaco-enfrenta-la-expulsion.jpg\"\/><span class=\"epigraphe\">Brian Aguinaco fue asesinado en Flores por un adolescente de 15 a\u00f1os. <\/span><span class=\"bkg\"\/><span class=\"picture-open\"><button class=\"open-image\" aria-label=\"Open Image\"\/><\/span><\/picture><\/div>\n<div class=\"sc-80531b6b-0 chRIGJ container-text text-embed\">\n<p>Con la ayuda de su padre, presuntamente vinculado en causas de <strong>narcotr\u00e1fico<\/strong>, lleg\u00f3 a Santiago, donde fue detenido y extraditado.<\/p>\n<\/div>\n<div class=\"sc-80531b6b-0 chRIGJ container-text text-embed\">\n<p>Finalmente, bajo custodia judicial, el 20 de enero de 2017 el adolescente fue liberado y puesto en un avi\u00f3n, siempre con custodia policial,<strong> con destino a Per\u00fa,<\/strong> de donde proven\u00eda su familia.<\/p>\n<\/div>\n<div class=\"sc-80531b6b-0 chRIGJ container-text text-embed\">\n<p>Por esa foto, en 2017, Migraciones decidi\u00f3 revocarle la residencia en Argentina como extranjera a la mam\u00e1 del joven y abandonaron el pa\u00eds.<\/p>\n<\/div>\n<div class=\"sc-80531b6b-0 chRIGJ container-text text-embed\">\n<p><strong>El 16 de julio de 2019 un tribunal conden\u00f3 a prisi\u00f3n perpetua a Luis Yun G\u00f3mez (28)<\/strong>, el adulto que particip\u00f3 del asesinato. En el mismo juicio fueron condenados otros integrantes de la \u201cbanda de la salita\u201d: Daniel \u201cEl Pela\u201d Mendieta recibi\u00f3 17 a\u00f1os de prisi\u00f3n; Erik Blas Gonz\u00e1lez, hermano del menor que dispar\u00f3 contra Brian, a 5 a\u00f1os de c\u00e1rcel; Irving Cruz Yupanqui a 3 a\u00f1os de pena; y Luis Miranda Cantoral a 2 a\u00f1os.<\/p>\n<\/div>\n<p><h2>El sue\u00f1o de ser ingeniera y la justicia a medias<\/h2>\n<\/p>\n<div class=\"sc-80531b6b-0 chRIGJ container-text text-embed\">\n<p>Lara ten\u00eda 17 a\u00f1os el d\u00eda que la mataron. Llevaba el apellido de su mam\u00e1, Mar\u00eda Laura Fern\u00e1ndez. So\u00f1aba con ser ingeniera agr\u00f3noma y modelo. El 1\u00b0 de enero de 2022 hab\u00eda salido con sus amigos para celebrar el A\u00f1o Nuevo y termin\u00f3 <strong>asesinada de un disparo en la cabeza cuando intentaron robarle el celular.<\/strong><\/p>\n<\/div>\n<div class=\"sc-80531b6b-0 chRIGJ container-text text-embed\">\n<p>Los jueces del Tribunal Oral N\u00b0 5 de Lomas de Zamora, Guillermo Puime, Isabel Acion y Mauricio Blanco decidieron condenarlos por<strong> homicidio en ocasi\u00f3n de robo agravado<\/strong>. De acuerdo al C\u00f3digo Penal, la pena m\u00e1xima para esa calificaci\u00f3n es de 25 a\u00f1os.<\/p>\n<\/div>\n<div class=\"sc-198be8ec-0 cynXbu image-embed  image-embed \"><picture class=\"sc-198be8ec-1 kOjRiQ\"><source media=\"(min-width: 975px)\" width=\"720\" height=\"480\" \/><img alt=\"Laura Fern\u00e1ndez, la mam\u00e1 de Lara, al conocerse la condena a los adultos que asesinaron a su hija.\" loading=\"lazy\" width=\"720\" height=\"480\" decoding=\"async\" data-nimg=\"1\" style=\"color:transparent\" src=\"https:\/\/13.com.ar\/wp-content\/uploads\/2025\/03\/1740907359_460_los-que-mas-impacto-causaron-y-en-que-quedaron.jpg\"\/><span class=\"epigraphe\">Laura Fern\u00e1ndez, la mam\u00e1 de Lara, al conocerse la condena a los adultos que asesinaron a su hija.<\/span><span class=\"bkg\"\/><span class=\"picture-open\"><button class=\"open-image\" aria-label=\"Open Image\"\/><\/span><\/picture><\/div>\n<div class=\"sc-80531b6b-0 chRIGJ container-text text-embed\">\n<p>Uno de los asesinos, <strong>Alan Gonz\u00e1lez, fue sentenciado a 24 a\u00f1os de prisi\u00f3n al ser considerado autor de los delitos de homicidio en ocasi\u00f3n de robo agravado por el uso de arma de fuego <\/strong>y la intervenci\u00f3n de un menor de edad en dos oportunidades. Por el crimen de Lara, el 1\u00b0 de enero de 2022, y el de Mario \u00c1ngel Domato (71), un jubilado al que asesinaron de la misma manera el 2 de febrero de 2022.<\/p>\n<\/div>\n<div class=\"sc-80531b6b-0 chRIGJ container-text text-embed\">\n<p>Leandro Strassera fue condenado a 21 a\u00f1os de pena por ser considerado coautor penalmente responsable de homicidio en ocasi\u00f3n de robo agravado por el uso de arma de fuego y la participaci\u00f3n de un menor de edad por el crimen de Lara, adem\u00e1s de un hurto agravado cometido el 11 de junio de 2020 y por el robo por el que pudo ser atrapado cuando ya estaba pr\u00f3fugo, el 10 de mayo de 2023.<\/p>\n<\/div>\n<div class=\"sc-80531b6b-0 chRIGJ container-text text-embed\">\n<p>Pero del<strong> adolescente de 15 a\u00f1os que particip\u00f3 del hecho<\/strong> solo se supieron dos cosas: que, de acuerdo a la acusaci\u00f3n de la fiscal Mariana Monti, los condenados por asesinar a Lara Fern\u00e1ndez y a Hugo Domato ten\u00edan &#8220;un plan criminal&#8221;: cada vez que sal\u00edan a robar, cada vez que decid\u00edan usar un arma, <strong>se la daban al adolescente para gatillar y as\u00ed buscaban eludir condenas graves<\/strong> y terminar, como ahora, acusados de homicidio.<\/p>\n<\/div>\n<div class=\"sc-80531b6b-0 chRIGJ container-text text-embed\">\n<p>Tambi\u00e9n que ese adolescente estaba involucrado en otra causa del Fuero de Responsabilidad Penal Juvenil por otro robo, porque <strong>cumplidos los 16 -cuando ya es imputable para la justicia-<\/strong> volvi\u00f3 a delinquir.<\/p>\n<\/div>\n<div class=\"sc-80531b6b-0 chRIGJ container-text text-embed\">\n<p>&#8220;Lo de Kim me cay\u00f3 muy mal, es una nenita hermosa, con una vida por delante. Llor\u00e9 porque me hizo revivir todo,<strong> lo que est\u00e1 viviendo esa mam\u00e1 es todo lo que pas\u00e9 yo<\/strong>. Lo que le pas\u00f3 a la mam\u00e1 de Uma o de Morena&#8221;, dijo Mar\u00eda Laura Fern\u00e1ndez en di\u00e1logo con <strong>Clar\u00edn.<\/strong><\/p>\n<\/div>\n<div class=\"sc-198be8ec-0 cynXbu image-embed  image-embed \"><picture class=\"sc-198be8ec-1 kOjRiQ\"><source media=\"(min-width: 975px)\" width=\"720\" height=\"480\" \/><img alt=\"Lara Valentina Fern\u00e1ndez (17), asesinada en Lomas de Zamora.\" loading=\"lazy\" width=\"720\" height=\"480\" decoding=\"async\" data-nimg=\"1\" style=\"color:transparent\" src=\"https:\/\/13.com.ar\/wp-content\/uploads\/2025\/03\/1740907359_751_los-que-mas-impacto-causaron-y-en-que-quedaron.jpg\"\/><span class=\"epigraphe\">Lara Valentina Fern\u00e1ndez (17), asesinada en Lomas de Zamora.<\/span><span class=\"bkg\"\/><span class=\"picture-open\"><button class=\"open-image\" aria-label=\"Open Image\"\/><\/span><\/picture><\/div>\n<div class=\"sc-80531b6b-0 chRIGJ container-text text-embed\">\n<p>Habla de Uma Aguilera, que ten\u00eda 9 a\u00f1os cuando iba en el auto con su pap\u00e1, Eduardo Aguilera, polic\u00eda vestido de civil. Sal\u00edan del garaje de su casa de la calle P\u00edo Baroja, a pocos metros del cruce con la calle Par\u00eds, en Villa Centenario. Y dos ladrones los cruzaron para robarle. El padre intent\u00f3 acelerar y los ladrones dispararon: <strong>Uma recibi\u00f3 un disparo en la cabeza y muri\u00f3 en el acto.<\/strong><\/p>\n<\/div>\n<div class=\"sc-80531b6b-0 chRIGJ container-text text-embed\">\n<p>Morena Dom\u00ednguez, ten\u00eda 11 a\u00f1os cuando fue asesinada por motochorros mientras caminaba hacia su escuela, la Almafuerte N\u00b060, en el partido de Lan\u00fas. La arrastraron para robarle el celular y la nena no resisti\u00f3 el golpe.<\/p>\n<\/div>\n<div class=\"sc-80531b6b-0 chRIGJ container-text text-embed\">\n<p>&#8220;Yo s\u00e9 que la mam\u00e1 de Kim va a pedir justicia, perpetua, pero <strong>el pibe de 14 no va a tener condena porque las leyes lo avalan.<\/strong> Puede estar preso hasta los 18 si tiene un buen juez pero despu\u00e9s sale porque no lo van a condenar nunca por lo que hizo. Es muy indignante, te levant\u00e1s con toda la bronca, con toda la impotencia&#8221;, insiste Laura en di\u00e1logo con <strong>Clar\u00edn<\/strong>.<\/p>\n<\/div>\n<div class=\"sc-80531b6b-0 chRIGJ container-text text-embed\">\n<p><strong>&#8220;\u00bfCu\u00e1ntas muertes m\u00e1s tienen que pasar?<\/strong> No s\u00e9 cu\u00e1ntas muertes necesitan. Ninguna ley es retroactiva,<strong> Lara nunca va a tener justicia. Kim nunca va a tener justicia<\/strong>. Eso es lo indignante&#8221;, cierra.<\/p>\n<\/div>\n<p><h2>Una condena en suspenso<\/h2>\n<\/p>\n<div class=\"sc-80531b6b-0 chRIGJ container-text text-embed\">\n<p>El empresario Andr\u00e9s Blaquier (62) fue asesinado por dos hombres en la Panamericana el 29 de octubre de 2022, a la altura de Pilar.<\/p>\n<\/div>\n<div class=\"sc-198be8ec-0 cynXbu image-embed  image-embed \"><picture class=\"sc-198be8ec-1 kOjRiQ\"><source media=\"(min-width: 975px)\" width=\"720\" height=\"480\" \/><img alt=\"Dos adolescentes de 17 a\u00f1os fueron declarados culpables del homicidio del empresario Andr\u00e9s Blaquier, quien fue baleado durante el robo de su moto, cuando se trasladaba con su esposa por la autopista Panamericana. Foto: T\u00e9lam\" loading=\"lazy\" width=\"720\" height=\"480\" decoding=\"async\" data-nimg=\"1\" style=\"color:transparent\" src=\"https:\/\/13.com.ar\/wp-content\/uploads\/2025\/03\/1740907359_364_los-que-mas-impacto-causaron-y-en-que-quedaron.jpg\"\/><span class=\"epigraphe\">Dos adolescentes de 17 a\u00f1os fueron declarados culpables del homicidio del empresario Andr\u00e9s Blaquier, quien fue baleado durante el robo de su moto, cuando se trasladaba con su esposa por la autopista Panamericana. Foto: T\u00e9lam<\/span><span class=\"bkg\"\/><span class=\"picture-open\"><button class=\"open-image\" aria-label=\"Open Image\"\/><\/span><\/picture><\/div>\n<div class=\"sc-80531b6b-0 chRIGJ container-text text-embed\">\n<p>Los asaltantes los cruzaron para robarles la moto, una BMW 1.200 negra en la que circulaba junto a su pareja. Los acompa\u00f1aba un matrimonio amigo que iba en otra moto. Esa pareja fue clave para el juicio porque presenci\u00f3 la secuencia completa en la que <strong>el empresario fue asesinado.<\/strong><\/p>\n<\/div>\n<div class=\"sc-80531b6b-0 chRIGJ container-text text-embed\">\n<p>Los amigos del ex director de Negocio Agropecuario de Ingenio Ledesma declararon que los dos motochorros iban en una moto Kawasaki Z400 verde y negra y que comenzaron a seguirlos hasta que Blaquier desaceler\u00f3 para tomar la salida a la altura del kil\u00f3metro 50 de la Panamericana.<\/p>\n<\/div>\n<div class=\"sc-198be8ec-0 cynXbu image-embed  image-embed \"><picture class=\"sc-198be8ec-1 kOjRiQ\"><source media=\"(min-width: 975px)\" width=\"720\" height=\"480\" \/><img alt=\"Andr\u00e9s Blaquier y su moto. Lo mataron cuando intetaron rob\u00e1rsela en la Panamericana.\" loading=\"lazy\" width=\"720\" height=\"480\" decoding=\"async\" data-nimg=\"1\" style=\"color:transparent\" src=\"https:\/\/13.com.ar\/wp-content\/uploads\/2025\/03\/1740907359_365_los-que-mas-impacto-causaron-y-en-que-quedaron.jpg\"\/><span class=\"epigraphe\">Andr\u00e9s Blaquier y su moto. Lo mataron cuando intetaron rob\u00e1rsela en la Panamericana.<\/span><span class=\"bkg\"\/><span class=\"picture-open\"><button class=\"open-image\" aria-label=\"Open Image\"\/><\/span><\/picture><\/div>\n<div class=\"sc-80531b6b-0 chRIGJ container-text text-embed\">\n<p>Alrededor de las 18.54, los ladrones se pusieron a la par de la moto del empresario, dispararon primero al piso, para luego disparar <strong>&#8220;sin mediar palabra&#8221; en el pecho de Blaquier<\/strong>, que perdi\u00f3 el control de la moto y cay\u00f3 junto a su esposa.<\/p>\n<\/div>\n<div class=\"sc-80531b6b-0 chRIGJ container-text text-embed\">\n<p>Los adolescentes <strong>ten\u00edan 16 y 17 a\u00f1os al momento del crimen,<\/strong> y si bien eran menores, eran imputables para la justicia. Un a\u00f1o despu\u00e9s del homicidio se realiz\u00f3 el juicio y la fiscal del Fuero de Responsabilidad Penal Juvenil de San Isidro, Paula Romeo, pidi\u00f3 que los jueces Alejandro Flori, Silvia Chomiez y Patricia Klentak declaren a los dos acusados como<strong> &#8220;coautores&#8221; de los delitos de &#8220;robo agravado por el uso de arma de fuego y por resultar en lesiones graves, en concurso real con homicidio agravado<\/strong> criminis causa y por haberse cometido con arma de fuego&#8221;, en perjuicio de Blaquier y su esposa Magdalena De Elordy, que sufri\u00f3 una fractura de rodilla.<\/p>\n<\/div>\n<div class=\"sc-80531b6b-0 chRIGJ container-text text-embed\">\n<p>El tribunal los conden\u00f3, efectivamente, pero <strong>todav\u00eda hay que hacer un segundo juicio<\/strong>, que se llama juicio de cesura para establecer cu\u00e1l es la pena. La condena qued\u00f3 firme, pero como tienen otros procesos donde tambi\u00e9n tienen condena, una vez que queden firmes esos otros, se hace un juicio \u00fanico de cesura para que, en base a todos los delitos, establecerles una pena \u00fanica, explicaron fuentes del caso consultadas por Clar\u00edn.<\/p>\n<\/div>\n<div class=\"sc-80531b6b-0 chRIGJ container-text text-embed\">\n<p>Existe jurisprudencia, explican, que establece que <strong>es inconstitucional dar la pena de prisi\u00f3n perpetua a menores de 18 a\u00f1os.<\/strong> Algo que deber\u00e1n sortear al momento de que se fije la condena.<\/p>\n<\/div>\n<\/div>\n<p><br \/>\n<br \/><a href=\"https:\/\/www.clarin.com\/policiales\/asesinato-kim-crimenes-cometidos-menores-impacto-causaron-quedaron_0_hgmKZLwpTz.html\">Fuente Clarin.com <\/a><\/p>\n","protected":false},"excerpt":{"rendered":"<p>\u201cLo que m\u00e1s me duele es que esa mam\u00e1 va a pelear, insistir, reclamar y no va a conseguir nada porque a m\u00ed me pas\u00f3 lo mismo, si le toca un buen juez quiz\u00e1 est\u00e9 en un instituto hasta los 18 a\u00f1os, pero no lo pueden condenar\u201d, dice una mam\u00e1 sobre la muerte de Kim, [&hellip;]<\/p>\n","protected":false},"author":1,"featured_media":9294,"comment_status":"open","ping_status":"open","sticky":false,"template":"","format":"standard","meta":{"footnotes":""},"categories":[2],"tags":[8108,1988,28,155,286,5674],"class_list":["post-9293","post","type-post","status-publish","format-standard","has-post-thumbnail","hentry","category-ultimas-noticias","tag-causaron","tag-impacto","tag-los","tag-mas","tag-que","tag-quedaron"],"_links":{"self":[{"href":"https:\/\/13.com.ar\/index.php\/wp-json\/wp\/v2\/posts\/9293","targetHints":{"allow":["GET"]}}],"collection":[{"href":"https:\/\/13.com.ar\/index.php\/wp-json\/wp\/v2\/posts"}],"about":[{"href":"https:\/\/13.com.ar\/index.php\/wp-json\/wp\/v2\/types\/post"}],"author":[{"embeddable":true,"href":"https:\/\/13.com.ar\/index.php\/wp-json\/wp\/v2\/users\/1"}],"replies":[{"embeddable":true,"href":"https:\/\/13.com.ar\/index.php\/wp-json\/wp\/v2\/comments?post=9293"}],"version-history":[{"count":0,"href":"https:\/\/13.com.ar\/index.php\/wp-json\/wp\/v2\/posts\/9293\/revisions"}],"wp:featuredmedia":[{"embeddable":true,"href":"https:\/\/13.com.ar\/index.php\/wp-json\/wp\/v2\/media\/9294"}],"wp:attachment":[{"href":"https:\/\/13.com.ar\/index.php\/wp-json\/wp\/v2\/media?parent=9293"}],"wp:term":[{"taxonomy":"category","embeddable":true,"href":"https:\/\/13.com.ar\/index.php\/wp-json\/wp\/v2\/categories?post=9293"},{"taxonomy":"post_tag","embeddable":true,"href":"https:\/\/13.com.ar\/index.php\/wp-json\/wp\/v2\/tags?post=9293"}],"curies":[{"name":"wp","href":"https:\/\/api.w.org\/{rel}","templated":true}]}}