{"id":929,"date":"2025-01-31T11:32:54","date_gmt":"2025-01-31T14:32:54","guid":{"rendered":"https:\/\/13.com.ar\/index.php\/julian-alvarez-cumplio-anos-y-rodrigo-de-paul-improviso-una-vela-y-le-saco-una-sonrisa-en-pleno-entrenamiento-de-atletico-madrid\/"},"modified":"2025-01-31T11:32:54","modified_gmt":"2025-01-31T14:32:54","slug":"julian-alvarez-cumplio-anos-y-rodrigo-de-paul-improviso-una-vela-y-le-saco-una-sonrisa-en-pleno-entrenamiento-de-atletico-madrid","status":"publish","type":"post","link":"https:\/\/13.com.ar\/index.php\/julian-alvarez-cumplio-anos-y-rodrigo-de-paul-improviso-una-vela-y-le-saco-una-sonrisa-en-pleno-entrenamiento-de-atletico-madrid\/","title":{"rendered":"Juli\u00e1n \u00c1lvarez cumpli\u00f3 a\u00f1os y Rodrigo De Paul improvis\u00f3 una vela y le sac\u00f3 una sonrisa en pleno entrenamiento de Atl\u00e9tico Madrid"},"content":{"rendered":"<p> <br \/>\n<\/p>\n<div id=\"cuerpo\">\n<div class=\"sc-80531b6b-0 chRIGJ container-text text-embed\">\n<p>Mientras Atl\u00e9tico Madrid est\u00e1 en plena competencia y da pelea en todos los frentes, los entrenamientos comandados por el <em>Cholo <\/em>Simeone son mus estrictos. Sin embargo, tambi\u00e9n hay algunos segundos para distender y tener momentos de risas. En ese sentido y de manera inesperada, <strong>Rodrigo De Paul le &#8216;festej\u00f3&#8217; el cumplea\u00f1os a Juli\u00e1n \u00c1lvarez <\/strong>durante el final de la pr\u00e1ctica y dej\u00f3 un momento muy divertido.<\/p>\n<\/div>\n<div class=\"sc-80531b6b-0 chRIGJ container-text text-embed\">\n<p>Es que el mediocampista surgido de Racing recurri\u00f3 a la improvisaci\u00f3n para cantarle el feliz cumplea\u00f1os al ex delantero de River. Con un papel que simulaba ser una vela y un encendedor, encendi\u00f3 la parte superior y comenz\u00f3 con el t\u00edpico c\u00e1ntico para celebrar el aniversario. La Ara\u00f1a, que enseguida entendi\u00f3 la intenci\u00f3n de Rodrigo, se sum\u00f3 a la broma entre risas.<\/p>\n<\/div>\n<div class=\"sc-80531b6b-0 chRIGJ container-text text-embed\">\n<p>Mientras De Paul intentaba quemar una de las puntas del papel en forma de vela sin \u00e9xito, de manera p\u00edcara y sonriente Juli\u00e1n desliz\u00f3: &#8220;No prende&#8221;. Al mismo tiempo, el resto de sus compa\u00f1eros del Atl\u00e9tico Madrid se retiraban de la cancha auxiliar en la que realizaron el entrenamiento bajo las \u00f3rdenes del cuerpo t\u00e9cnico que lidera Diego Simeone.<\/p>\n<\/div>\n<div class=\"sc-80531b6b-0 chRIGJ container-text text-embed\">\n<p>\u00c1lvarez y De Paul, ambos pilares de la Selecci\u00f3n Argentina en los \u00faltimos a\u00f1os pero principalmente en la Copa del Mundo de Qatar 2022 y la Copa Am\u00e9rica 2024, se tomaron unos segundos generar un divertido video para las redes sociales. Aunque la idea la tuvo el oriundo de Sarand\u00ed, r\u00e1pidamente el cordob\u00e9s se volvi\u00f3 c\u00f3mplice y se sum\u00f3 a la broma.<\/p>\n<\/div>\n<div class=\"sc-80531b6b-0 chRIGJ container-text text-embed\">\n<p>Adem\u00e1s, el delantero que cumple <strong>25 a\u00f1os<\/strong>, se dio el lujo de pensar los tres deseos antes de soplar el papel, que largaba mucho m\u00e1s humo blanco que fuego. &#8220;\u00a1Felicidades!&#8221;, exclam\u00f3 el volante de 30<strong> <\/strong>a\u00f1os mientras se fue corriendo y pate\u00f3 el papel hacia el arco simulando un remate. Luego se encarg\u00f3 de que quede bien apagado para no crear inconvenientes.<\/p>\n<\/div>\n<div class=\"sc-198be8ec-0 cynXbu image-embed  image-embed \"><picture class=\"sc-198be8ec-1 kOjRiQ\"><source media=\"(min-width: 975px)\" width=\"720\" height=\"480\" \/><img alt=\"Juli\u00e1n \u00c1lvarez, delantero de Atl\u00e9tico Madrid. (REUTERS\/Isabel Infantes\/File Photo)\" loading=\"lazy\" width=\"720\" height=\"480\" decoding=\"async\" data-nimg=\"1\" style=\"color:transparent\" src=\"https:\/\/13.com.ar\/wp-content\/uploads\/2025\/01\/Julian-Alvarez-cumplio-anos-y-Rodrigo-De-Paul-improviso-una.jpg\"\/><span class=\"epigraphe\">Juli\u00e1n \u00c1lvarez, delantero de Atl\u00e9tico Madrid. (REUTERS\/Isabel Infantes\/File Photo)<\/span><span class=\"bkg\"\/><span class=\"picture-open\"><button class=\"open-image\" aria-label=\"Open Image\"\/><\/span><\/picture><\/div>\n<div class=\"sc-80531b6b-0 chRIGJ container-text text-embed\">\n<p>El goleador que se fue del Manchester City por 75 millones de euros en busca de mayor protagonismo, arrastra un excelente presente en el conjunto <em>Colchonero<\/em>. El nacido en Calch\u00edn, acumula <strong>16 goles y tres asistencias en solamente 33 partidos<\/strong>, lo que le da un promedio de casi un gol cada dos partidos disputados con la camiseta rojiblanca.<\/p>\n<\/div>\n<p><h2>El otro festejo de Juli\u00e1n \u00c1lvarez<\/h2>\n<\/p>\n<div class=\"sc-80531b6b-0 chRIGJ container-text text-embed\">\n<p>El d\u00eda de su cumplea\u00f1os comenz\u00f3 en la capital espa\u00f1ola, rodeado de sus amigos m\u00e1s \u00edntimos y de sus familiares. En el festejo se pudo observar un detalle muy particular que no pas\u00f3 desapercibido: la decoraci\u00f3n de la torta. Es que el delantero, en honor a su famoso apodo y al que hace referencia en cada celebraci\u00f3n de gol, ten\u00eda ara\u00f1as por todo el pastel.<\/p>\n<\/div>\n<div class=\"sc-198be8ec-0 cynXbu image-embed  image-embed \"><picture class=\"sc-198be8ec-1 kOjRiQ\"><source media=\"(min-width: 975px)\" width=\"720\" height=\"480\" \/><img alt=\"Juli\u00e1n \u00c1lvarez en su cumplea\u00f1os.\" loading=\"lazy\" width=\"720\" height=\"480\" decoding=\"async\" data-nimg=\"1\" style=\"color:transparent\" src=\"https:\/\/13.com.ar\/wp-content\/uploads\/2025\/01\/1738333974_649_Julian-Alvarez-cumplio-anos-y-Rodrigo-De-Paul-improviso-una.jpg\"\/><span class=\"epigraphe\">Juli\u00e1n \u00c1lvarez en su cumplea\u00f1os.<\/span><span class=\"bkg\"\/><span class=\"picture-open\"><button class=\"open-image\" aria-label=\"Open Image\"\/><\/span><\/picture><\/div>\n<div class=\"sc-80531b6b-0 chRIGJ container-text text-embed\">\n<p>El jugador de la Selecci\u00f3n Argentina transita uno de sus mejores momentos deportivos y personales, con una actualidad superlativa. Es que tras un irregular arranque en el Atl\u00e9tico Madrid, desde hace algunos meses no para de convertir goles. Mientras tanto, el equipo de la Ara\u00f1a est\u00e1 segundo en LaLiga y espera en los octavos de final de la UEFA Champions League.<\/p>\n<\/div>\n<p><h2>Juli\u00e1n, apercibido pensando en Real Madrid<\/h2>\n<\/p>\n<div class=\"sc-80531b6b-0 chRIGJ container-text text-embed\">\n<p>Lo cierto es que el delantero argentino, al igual que dos de sus compa\u00f1eros, tiene cuatro amarillas y debe cuidarse en el pr\u00f3ximo encuentro ante Mallorca ya que el siguiente duelo es ante el Real Madrid. En caso de ser amonestado este s\u00e1bado, el atacante se perder\u00e1 el cl\u00e1sico de la capital espa\u00f1ola.<\/p>\n<\/div>\n<\/div>\n<p><br \/>\n<br \/><a href=\"https:\/\/www.clarin.com\/deportes\/julian-alvarez-cumplio-anos-rodrigo-paul-improviso-vela-saco-sonrisa-pleno-entrenamiento-atletico-madrid_0_lTvm79pVep.html\">Fuente Clarin.com <\/a><\/p>\n","protected":false},"excerpt":{"rendered":"<p>Mientras Atl\u00e9tico Madrid est\u00e1 en plena competencia y da pelea en todos los frentes, los entrenamientos comandados por el Cholo Simeone son mus estrictos. Sin embargo, tambi\u00e9n hay algunos segundos para distender y tener momentos de risas. En ese sentido y de manera inesperada, Rodrigo De Paul le &#8216;festej\u00f3&#8217; el cumplea\u00f1os a Juli\u00e1n \u00c1lvarez durante [&hellip;]<\/p>\n","protected":false},"author":1,"featured_media":930,"comment_status":"open","ping_status":"open","sticky":false,"template":"","format":"standard","meta":{"footnotes":""},"categories":[2],"tags":[2241,636,1372,194,1843,2243,2240,102,2242,2247,597,2245,2246,73,2244],"class_list":["post-929","post","type-post","status-publish","format-standard","has-post-thumbnail","hentry","category-ultimas-noticias","tag-alvarez","tag-anos","tag-atletico","tag-cumplio","tag-entrenamiento","tag-improviso","tag-julian","tag-madrid","tag-paul","tag-pleno","tag-rodrigo","tag-saco","tag-sonrisa","tag-una","tag-vela"],"_links":{"self":[{"href":"https:\/\/13.com.ar\/index.php\/wp-json\/wp\/v2\/posts\/929","targetHints":{"allow":["GET"]}}],"collection":[{"href":"https:\/\/13.com.ar\/index.php\/wp-json\/wp\/v2\/posts"}],"about":[{"href":"https:\/\/13.com.ar\/index.php\/wp-json\/wp\/v2\/types\/post"}],"author":[{"embeddable":true,"href":"https:\/\/13.com.ar\/index.php\/wp-json\/wp\/v2\/users\/1"}],"replies":[{"embeddable":true,"href":"https:\/\/13.com.ar\/index.php\/wp-json\/wp\/v2\/comments?post=929"}],"version-history":[{"count":0,"href":"https:\/\/13.com.ar\/index.php\/wp-json\/wp\/v2\/posts\/929\/revisions"}],"wp:featuredmedia":[{"embeddable":true,"href":"https:\/\/13.com.ar\/index.php\/wp-json\/wp\/v2\/media\/930"}],"wp:attachment":[{"href":"https:\/\/13.com.ar\/index.php\/wp-json\/wp\/v2\/media?parent=929"}],"wp:term":[{"taxonomy":"category","embeddable":true,"href":"https:\/\/13.com.ar\/index.php\/wp-json\/wp\/v2\/categories?post=929"},{"taxonomy":"post_tag","embeddable":true,"href":"https:\/\/13.com.ar\/index.php\/wp-json\/wp\/v2\/tags?post=929"}],"curies":[{"name":"wp","href":"https:\/\/api.w.org\/{rel}","templated":true}]}}