{"id":925,"date":"2025-01-31T11:26:37","date_gmt":"2025-01-31T14:26:37","guid":{"rendered":"https:\/\/13.com.ar\/index.php\/fue-en-yalta-hace-80-anos\/"},"modified":"2025-01-31T11:26:37","modified_gmt":"2025-01-31T14:26:37","slug":"fue-en-yalta-hace-80-anos","status":"publish","type":"post","link":"https:\/\/13.com.ar\/index.php\/fue-en-yalta-hace-80-anos\/","title":{"rendered":"Fue en Yalta, hace 80 a\u00f1os"},"content":{"rendered":"<p> <br \/>\n<br \/><img decoding=\"async\" src=\"https:\/\/13.com.ar\/wp-content\/uploads\/2025\/01\/Fue-en-Yalta-hace-80-anos.jpg\" \/><\/p>\n<div>\n<p>Deportaciones masivas, retiro de acuerdos y organismos internacionales, redise\u00f1o de cartograf\u00edas y denominaciones territoriales, sanciones econ\u00f3micas unilaterales, propuestas de paz -o de guerra- que implican desplazamientos forzados de poblaciones. As\u00ed comenz\u00f3 la segunda presidencia de Donald Trump, prometiendo <strong>una nueva \u201cera dorada\u201d para los EE.UU<\/strong>. y<strong> dr\u00e1sticos cambios en su relaci\u00f3n con el mundo<\/strong>.<\/p>\n<\/div>\n<div>\n<p>Hace diez a\u00f1os, Vladimir Putin anex\u00f3 la pen\u00ednsula de Crimea a la Federaci\u00f3n Rusa, lo que provoc\u00f3 una crisis<strong> en las relaciones entre Rusia y Occidente<\/strong>. Antes de invadir Ucrania, que reivindicaba como parte de la \u201cGran Rusia\u201d, ocho a\u00f1os m\u00e1s tarde, reforz\u00f3 su acuerdo estrat\u00e9gico con China, definido por Beijing y Mosc\u00fa como \u201cuna amistad sin l\u00edmites\u201d. <\/p>\n<\/div>\n<div>\n<p>Trump -con su intenci\u00f3n de recuperar el canal de Panam\u00e1, rebautizar el golfo de M\u00e9xico y comprar Groenlandia, entre otros anuncios y medidas, coloca a los EE.UU. en esa misma <strong>orientaci\u00f3n de salida del sistema internacional establecido tras la segunda guerra mundial<\/strong>, basado en la integridad territorial de los estados y el multilateralismo. Y la rubrica con otras decisiones como el retiro de los Acuerdos de Par\u00eds sobre cambio clim\u00e1tico y de la Organizaci\u00f3n Mundial de la Salud (OMS).<\/p>\n<\/div>\n<div>\n<p>Fue justamente en Crimea, en la ciudad de Yalta, donde hace ochenta a\u00f1os, los l\u00edderes de las principales potencias aliadas de la Segunda Guerra Mundial definieron la finalizaci\u00f3n de la contienda <strong>y el reparto del mundo<\/strong>. Entre el 4 y el 11 de febrero del &#8217;45, Franklin Delano Roosevelt, Winston Churchill y Y\u00f3sif Stalin establecieron las bases <strong>del orden internacional de posguerra que imper\u00f3 hasta nuestros d\u00edas<\/strong> y hoy boquea. <\/p>\n<\/div>\n<div>\n<p>En esa cumbre, que ten\u00eda que decidir el futuro de Europa, surgieron numerosas discrepancias que, al final, desembocar\u00edan <strong>en la Guerra Fr\u00eda entre el bloque occidental y el bloque del Este<\/strong>, liderado por la Uni\u00f3n Sovi\u00e9tica.<\/p>\n<\/div>\n<div>\n<p>Los acuerdos de Yalta estipularon, en lo fundamental, la declaraci\u00f3n de la Europa liberada, es decir, que ya no necesitaban seguir en estado de guerra, permitiendo elecciones democr\u00e1ticas; el desarme, desmilitarizaci\u00f3n y partici\u00f3n de Alemania, como un &#8220;requisito para la futura paz y seguridad&#8221; y la convocatoria a<strong> una conferencia a realizarse en abril en San Francisco, EE.UU, para organizar las Naciones Unidas<\/strong>. Se concibi\u00f3 adem\u00e1s que estas tendr\u00edan un Consejo de Seguridad, integrado por las cinco potencias vencedoras de la guerra. La cuesti\u00f3n de los cr\u00edmenes de guerra qued\u00f3 postergada. Tambi\u00e9n las decisiones sobre otras fronteras europeas.<\/p>\n<\/div>\n<div>\n<p>Se arrib\u00f3 a Yalta despu\u00e9s de que el mundo atravesara su mayor cat\u00e1strofe en muertes y destrucci\u00f3n en pocos a\u00f1os. Y todav\u00eda se combat\u00eda en Europa y Asia, y faltaba Hiroshima y Nagasaki. Ochenta a\u00f1os despu\u00e9s<strong> se vuelve a hablar de una tercera guerra mundial y hay otros &#8220;tres grandes\u201d <\/strong>-Trump, Xi Jinping y Putin- y acaso algunos m\u00e1s, <strong>alegando pretensiones de potestad sobre sus \u201c\u00e1reas de influencia\u201d<\/strong>. \u00bfTendr\u00e1n estos l\u00edderes la capacidad para prevenir situaciones que parecen empujar a repetir aquella tragedia?<\/p>\n<\/div>\n<div>\n<p>\u00bfLlegar\u00e1 la pr\u00f3xima Yalta antes o despu\u00e9s de otra cat\u00e1strofe mundial como aquella de hace ochenta a\u00f1os?<\/p>\n<\/div>\n<p><br \/>\n<br \/><a href=\"https:\/\/www.clarin.com\/opinion\/yalta-hace-80-anos_0_dZiGF88tln.html\">Fuente Clarin.com <\/a><\/p>\n","protected":false},"excerpt":{"rendered":"<p>Deportaciones masivas, retiro de acuerdos y organismos internacionales, redise\u00f1o de cartograf\u00edas y denominaciones territoriales, sanciones econ\u00f3micas unilaterales, propuestas de paz -o de guerra- que implican desplazamientos forzados de poblaciones. As\u00ed comenz\u00f3 la segunda presidencia de Donald Trump, prometiendo una nueva \u201cera dorada\u201d para los EE.UU. y dr\u00e1sticos cambios en su relaci\u00f3n con el mundo. Hace [&hellip;]<\/p>\n","protected":false},"author":1,"featured_media":926,"comment_status":"open","ping_status":"open","sticky":false,"template":"","format":"standard","meta":{"footnotes":""},"categories":[2],"tags":[636,105,1192,2238],"class_list":["post-925","post","type-post","status-publish","format-standard","has-post-thumbnail","hentry","category-ultimas-noticias","tag-anos","tag-fue","tag-hace","tag-yalta"],"_links":{"self":[{"href":"https:\/\/13.com.ar\/index.php\/wp-json\/wp\/v2\/posts\/925","targetHints":{"allow":["GET"]}}],"collection":[{"href":"https:\/\/13.com.ar\/index.php\/wp-json\/wp\/v2\/posts"}],"about":[{"href":"https:\/\/13.com.ar\/index.php\/wp-json\/wp\/v2\/types\/post"}],"author":[{"embeddable":true,"href":"https:\/\/13.com.ar\/index.php\/wp-json\/wp\/v2\/users\/1"}],"replies":[{"embeddable":true,"href":"https:\/\/13.com.ar\/index.php\/wp-json\/wp\/v2\/comments?post=925"}],"version-history":[{"count":0,"href":"https:\/\/13.com.ar\/index.php\/wp-json\/wp\/v2\/posts\/925\/revisions"}],"wp:featuredmedia":[{"embeddable":true,"href":"https:\/\/13.com.ar\/index.php\/wp-json\/wp\/v2\/media\/926"}],"wp:attachment":[{"href":"https:\/\/13.com.ar\/index.php\/wp-json\/wp\/v2\/media?parent=925"}],"wp:term":[{"taxonomy":"category","embeddable":true,"href":"https:\/\/13.com.ar\/index.php\/wp-json\/wp\/v2\/categories?post=925"},{"taxonomy":"post_tag","embeddable":true,"href":"https:\/\/13.com.ar\/index.php\/wp-json\/wp\/v2\/tags?post=925"}],"curies":[{"name":"wp","href":"https:\/\/api.w.org\/{rel}","templated":true}]}}