{"id":923,"date":"2025-01-31T11:05:14","date_gmt":"2025-01-31T14:05:14","guid":{"rendered":"https:\/\/13.com.ar\/index.php\/como-es-el-centro-de-distribucion-del-bagayeo-del-que-viven-6-000-familias\/"},"modified":"2025-01-31T11:05:14","modified_gmt":"2025-01-31T14:05:14","slug":"como-es-el-centro-de-distribucion-del-bagayeo-del-que-viven-6-000-familias","status":"publish","type":"post","link":"https:\/\/13.com.ar\/index.php\/como-es-el-centro-de-distribucion-del-bagayeo-del-que-viven-6-000-familias\/","title":{"rendered":"c\u00f3mo es el &#8220;centro de distribuci\u00f3n&#8221; del bagayeo del que viven 6.000 familias"},"content":{"rendered":"<p> <br \/>\n<\/p>\n<div id=\"cuerpo\">\n<div class=\"sc-80531b6b-0 chRIGJ container-text text-embed\">\n<p>En San Ram\u00f3n de la Nueva Or\u00e1n, la central de transferencia recibe desde temprano a quienes llegan <strong>desde Aguas Blancas<\/strong>, localidad que limita con Bolivia por el r\u00edo Bermejo. En este play\u00f3n los bagayeros acopian la mercader\u00eda que ingresan de forma ilegal desde el pa\u00eds vecino. Una escena que <strong>se repite d\u00eda tras d\u00eda<\/strong>: veh\u00edculos de diferentes tama\u00f1os y colores entran, descargan sus bultos y comienzan a ordenarlos para poder enviar cada cosa a su destino final en micros que esperan estacionados. <\/p>\n<\/div>\n<div class=\"sc-80531b6b-0 chRIGJ container-text text-embed\">\n<p>Mar\u00eda Elena recibe al equipo de <strong>Clar\u00edn<\/strong>. Tiene 54 a\u00f1os y desde los 17 se dedica al bagayeo. Casi 40 a\u00f1os de oficio la convirtieron en<strong> la principal referente de los bagayeros<\/strong>. Como ella misma dice, las vio todas: las luchas contra la Gendarmer\u00eda, contra los \u201ccoqueros\u201d, contra la pol\u00edtica. Por eso remarca que ahora<strong> lo que m\u00e1s le importa es apaciguar<\/strong>, mediar. Y eso es lo que intenta desde su lugar como dirigente de los trabajadores de la frontera. Sus bagayeros.<\/p>\n<\/div>\n<div class=\"sc-80531b6b-0 chRIGJ container-text text-embed\">\n<p>\u201cCualquier cosa que pase, todos vienen y me preguntan a m\u00ed, yo les respondo todo. Tengo alguna reuni\u00f3n, tambi\u00e9n me llaman el concejal o el comandante. <strong>Cuando hay problemas me llaman ellos para ver c\u00f3mo podemos solucionarlos<\/strong>. Siempre en di\u00e1logo para tratar de apaciguar todo, que quede todo normal, para que no haya problemas\u201d, resume sobre su rol.<\/p>\n<\/div>\n<div class=\"sc-80531b6b-0 chRIGJ container-text text-embed\">\n<p>Elena dice que la decisi\u00f3n de alambrar los 200 metros de frontera en Aguas Blancas, desde la terminal de micros hasta la Aduana, es una medida que no cree que les afecte a los suyos. Lo que le molesta es otra cosa: <strong>es que se los ponga a todos \u201cen la misma bolsa\u201d<\/strong>.<\/p>\n<\/div>\n<div class=\"sc-80531b6b-0 chRIGJ container-text text-embed\">\n<p>\u201cEl coquero, el narco, todos tienen su manera de trabajar y <strong>nosotros tenemos la nuestra<\/strong>. Porque cuando los coqueros se mandan una o se la mandan los narcos, nos meten a todos nosotros en la misma bolsa. Y no es as\u00ed, nosotros trabajamos bien y queremos ser revisados. Pero en cambio el narco y el coquero no. En definitiva, a nosotros no nos afecta y<strong> menos al narco y al coquero<\/strong>. El coquero va a correr por cualquier lado, el narco va a correr por cualquier lado\u201d, comenta.<\/p>\n<\/div>\n<div class=\"sc-80531b6b-0 chRIGJ container-text text-embed\">\n<p>Los micros empiezan a cargar los productos que se apilan en un lateral del play\u00f3n. Los bagayeros hacen su trabajo, pero eligen no hablar del tema que desde hace d\u00edas  los puso en el ojo de la tormenta. No quieren, y los pocos que lanzan un comentario lo hacen para dejar en claro que \u201clos bagayeros est\u00e1n unidos\u201d y que<strong> \u201cla econom\u00eda de Or\u00e1n se sostiene por el bagayeo\u201d<\/strong>.<\/p>\n<\/div>\n<div class=\"sc-198be8ec-0 cynXbu image-embed  image-embed \"><picture class=\"sc-198be8ec-1 kOjRiQ\"><source media=\"(min-width: 975px)\" width=\"720\" height=\"480\" \/><img alt=\"Bagayeros en el play\u00f3n de transferencia en Or\u00e1n. Foto Maxi Failla \/ Enviado especial\" loading=\"lazy\" width=\"720\" height=\"480\" decoding=\"async\" data-nimg=\"1\" style=\"color:transparent\" src=\"https:\/\/13.com.ar\/wp-content\/uploads\/2025\/01\/como-es-el-centro-de-distribucion-del-bagayeo-del-que.jpg\"\/><span class=\"epigraphe\">Bagayeros en el play\u00f3n de transferencia en Or\u00e1n. Foto Maxi Failla \/ Enviado especial<\/span><span class=\"bkg\"\/><span class=\"picture-open\"><button class=\"open-image\" aria-label=\"Open Image\"\/><\/span><\/picture><\/div>\n<div class=\"sc-80531b6b-0 chRIGJ container-text text-embed\">\n<p>\u201cAc\u00e1 se distribuye todo lo que hay. Y los productos electr\u00f3nicos tambi\u00e9n, de ac\u00e1 se van a distintos lados. Pero por ahora el electr\u00f3nico ya par\u00f3 porque volvi\u00f3 a aumentar el d\u00f3lar y se volvi\u00f3 a elevar el precio. Ahora lo que est\u00e1 bien, digamos, <strong>es la ropa<\/strong>\u201d, explica Elena. All\u00ed, del lado boliviano, los bagayeros en su mayor\u00eda compran con peso argentino y otros directamente en d\u00f3lar.<\/p>\n<\/div>\n<div class=\"sc-80531b6b-0 chRIGJ container-text text-embed\">\n<p>Dice que el predio ya qued\u00f3 chico porque hoy en d\u00eda <strong>\u201chay m\u00e1s de 6.000 familias que viven del bagayeo\u201d<\/strong>.<\/p>\n<\/div>\n<div class=\"sc-80531b6b-0 chRIGJ container-text text-embed\">\n<p>\u201cEstos micros salen a Buenos Aires, a C\u00f3rdoba, a Santiago, a todos lados. <strong>Es un trabajo heredado<\/strong>. Yo tengo gente que viene desde Tartagal, se queda un fin de semana y se van. Viene gente de Embarcaci\u00f3n, de Colonia, de Pichanal, todos ellos vienen a trabajar para ac\u00e1. <strong>Todos los que quedan sin trabajo, todos se quedan ac\u00e1<\/strong>\u201d, dice Elena.<\/p>\n<\/div>\n<div class=\"sc-80531b6b-0 chRIGJ container-text text-embed\">\n<p>Despu\u00e9s de las fiestas era habitual que mermara el flujo de gente para comerciar con Bolivia, pero ahora <strong>\u201ces imposible, porque es muy barato\u201d<\/strong>. La referente se\u00f1ala el ejemplo m\u00e1s claro: ahora un micro llega y el mismo d\u00eda carga y sale.<strong> Antes pod\u00edan tardar tres o cuatro d\u00edas<\/strong> para cargar y hacer la entrega. Un bagayero que es r\u00e1pido, \u201ccanchero\u201d, <strong>puede hacer dos o tres viajes en un mismo d\u00eda<\/strong>.<\/p>\n<\/div>\n<div class=\"sc-80531b6b-0 chRIGJ container-text text-embed\">\n<p>\u201cVos vas a ver que los m\u00e1s chicos que empiezan aqu\u00ed, empiezan con compras chicas. Esta es una fuente de trabajo que se arm\u00f3. <strong>Es ilegal, pero es una fuente de trabajo grand\u00edsima<\/strong>. Que ninguna empresa tiene ahora. Yo no podr\u00eda dejar el bagayeo, es mi vida\u201d, se enorgullece la mujer.<\/p>\n<\/div>\n<div class=\"sc-80531b6b-0 chRIGJ container-text text-embed\">\n<p>Ella era una adolescente cuando se inici\u00f3, en ese tiempo se trasladaba harina, grasa, todo para el otro lado, y se hac\u00eda buena diferencia: \u201cYo hac\u00eda un peso all\u00e1 e iba juntando lo que ganaba. Invert\u00ed, compr\u00e9 mercader\u00eda para m\u00ed, empec\u00e9 a traer y a revender. Y no par\u00e9 m\u00e1s. Despu\u00e9s trabaj\u00e9 en el ingenio, pero la temporada son 3 meses, y yo ten\u00eda que seguir trabajando\u201d.<\/p>\n<\/div>\n<div class=\"sc-198be8ec-0 cynXbu image-embed  image-embed \"><picture class=\"sc-198be8ec-1 kOjRiQ\"><source media=\"(min-width: 975px)\" width=\"720\" height=\"480\" \/><img alt=\"Un micro cargado de bultos. Foto Maxi Failla \/ Enviado especial\" loading=\"lazy\" width=\"720\" height=\"480\" decoding=\"async\" data-nimg=\"1\" style=\"color:transparent\" src=\"https:\/\/13.com.ar\/wp-content\/uploads\/2025\/01\/1738332314_135_como-es-el-centro-de-distribucion-del-bagayeo-del-que.jpg\"\/><span class=\"epigraphe\">Un micro cargado de bultos. Foto Maxi Failla \/ Enviado especial<\/span><span class=\"bkg\"\/><span class=\"picture-open\"><button class=\"open-image\" aria-label=\"Open Image\"\/><\/span><\/picture><\/div>\n<div class=\"sc-80531b6b-0 chRIGJ container-text text-embed\">\n<p>Mientras habla, unos chicos mueven unos bultos en lonas. En una negra, Elena dice que <strong>caben ocho docenas de zapatillas<\/strong>. Las cargas que acarrean en la espalda los bagayeros promedian los<strong> 60 kilos por lona<\/strong>.<\/p>\n<\/div>\n<div class=\"sc-80531b6b-0 chRIGJ container-text text-embed\">\n<p>Hace unos a\u00f1os, Elena ten\u00eda otra tarea, cerca de la finca Carina, esa que recibe gran proporci\u00f3n de bagayeros que se tiran en gomones desde el otro lado del r\u00edo. \u201cEstaba un poco antes de Carina. Estaba encargada de la finca El Negro. Ah\u00ed yo tambi\u00e9n hac\u00eda mi negocio, <strong>pasaba a la gente por ah\u00ed, con la mercader\u00eda<\/strong>. O sea, que por ah\u00ed, si Carina se afectaba yo pod\u00eda hablar con el due\u00f1o de El Negro y abrir para pasar por ah\u00ed\u201d, recuerda.<\/p>\n<\/div>\n<div class=\"sc-198be8ec-0 cynXbu image-embed  image-embed \"><picture class=\"sc-198be8ec-1 kOjRiQ\"><source media=\"(min-width: 975px)\" width=\"720\" height=\"480\" \/><img alt=\"Pasadores trabajan en el puesto 28 de la ruta 50, en Salta. Foto Maxi Failla \/ Enviado especial\" loading=\"lazy\" width=\"720\" height=\"480\" decoding=\"async\" data-nimg=\"1\" style=\"color:transparent\" src=\"https:\/\/13.com.ar\/wp-content\/uploads\/2025\/01\/1738332314_94_como-es-el-centro-de-distribucion-del-bagayeo-del-que.jpg\"\/><span class=\"epigraphe\">Pasadores trabajan en el puesto 28 de la ruta 50, en Salta. Foto Maxi Failla \/ Enviado especial<\/span><span class=\"bkg\"\/><span class=\"picture-open\"><button class=\"open-image\" aria-label=\"Open Image\"\/><\/span><\/picture><\/div>\n<div class=\"sc-80531b6b-0 chRIGJ container-text text-embed\">\n<p>Para ella, hay un factor que determina buena parte del comercio y del \u00e9xito del d\u00eda, y ese <strong>es el r\u00edo<\/strong>; si hay crecida, o si est\u00e1 bajo: \u201cA m\u00ed ya me toc\u00f3 ver, cuando estaba encargada en la finca, c\u00f3mo ven\u00eda un bote con unos 20 pasajeros y les toc\u00f3 una zona de palizadas (conjunto de ramas y troncos arrastrados por la corriente de un r\u00edo). <strong>El bote se pinch\u00f3 y salieron volando todos<\/strong>\u201d.<\/p>\n<\/div>\n<div class=\"sc-80531b6b-0 chRIGJ container-text text-embed\">\n<p>Los primeros micros salen cargados a sus destinos. En la tarde seguir\u00e1n llegando, cargando y partiendo. Elena se\u00f1ala los alrededores del play\u00f3n, en donde se levantan algunas casas humildes que parecen en proceso. <\/p>\n<\/div>\n<div class=\"sc-198be8ec-0 cynXbu image-embed  image-embed \"><picture class=\"sc-198be8ec-1 kOjRiQ\"><source media=\"(min-width: 975px)\" width=\"720\" height=\"480\" \/><img alt=\"Los bagayeros pueden cargar 60 kilos por lona. Foto Maxi Failla \/ Enviado especial\" loading=\"lazy\" width=\"720\" height=\"480\" decoding=\"async\" data-nimg=\"1\" style=\"color:transparent\" src=\"https:\/\/13.com.ar\/wp-content\/uploads\/2025\/01\/1738332314_303_como-es-el-centro-de-distribucion-del-bagayeo-del-que.jpg\"\/><span class=\"epigraphe\">Los bagayeros pueden cargar 60 kilos por lona. Foto Maxi Failla \/ Enviado especial<\/span><span class=\"bkg\"\/><span class=\"picture-open\"><button class=\"open-image\" aria-label=\"Open Image\"\/><\/span><\/picture><\/div>\n<div class=\"sc-80531b6b-0 chRIGJ container-text text-embed\">\n<p>\u201cSi Or\u00e1n est\u00e1 como est\u00e1 es porque <strong>el bagayero lo ha levantado<\/strong>. Porque si no hubiese trabajo ac\u00e1, ahora no ser\u00eda tan grande. Antes, esto de ac\u00e1 alrededor, era de madera o de ca\u00f1a, eran rancher\u00edos. Ahora mir\u00e1, porque el bagayero trabaja bien, no tan bien, pero gana. Un bagayero puede tener un hijo abogado, puede darle algo digno a su hijo para comer. Y de a poquito van haciendo sus casas.<strong> Me siento orgullosa, porque veo que mi gente progresa<\/strong>\u201d, remarca.<\/p>\n<\/div>\n<div class=\"sc-80531b6b-0 chRIGJ container-text text-embed\">\n<p>Cuenta que en la frontera tambi\u00e9n est\u00e1 <strong>el narco que busca al bagayero<\/strong> para ofrecerle una comisi\u00f3n para el transporte de la droga. Pero que los bagayeros mayoritariamente rechazan las propuestas porque \u201ces muy poco lo que pagan por el trabajo, y ellos ganan mucho m\u00e1s\u201d. No faltan, tampoco, los <strong>\u201cperejiles\u201d <\/strong>que caen por alg\u00fan enga\u00f1o y transportan la droga sin saberlo.<\/p>\n<\/div>\n<div class=\"sc-80531b6b-0 chRIGJ container-text text-embed\">\n<p>Despu\u00e9s del \u00faltimo enfrentamiento que se vivi\u00f3 en el Puesto 28, en diciembre de 2024, en donde hubo un muerto en un cruce con Gendarmer\u00eda, Elena dice que busca sostener la paz y calmar las aguas entre unos y otros. Seg\u00fan relata, el muerto era un bagayero que ese d\u00eda trasladaba hojas de coca. Eso, para ella, hizo que todos <strong>los bagayeros terminaran apuntados <\/strong>por la ministra de Seguridad Patricia Bullrich, en el ojo de la tormenta.<\/p>\n<\/div>\n<div class=\"sc-198be8ec-0 cynXbu image-embed  image-embed \"><picture class=\"sc-198be8ec-1 kOjRiQ\"><source media=\"(min-width: 975px)\" width=\"720\" height=\"480\" \/><img alt=\"Bagayeros en Or\u00e1n. Foto Maxi Failla \/ Enviado especial\" loading=\"lazy\" width=\"720\" height=\"480\" decoding=\"async\" data-nimg=\"1\" style=\"color:transparent\" src=\"https:\/\/13.com.ar\/wp-content\/uploads\/2025\/01\/1738332314_384_como-es-el-centro-de-distribucion-del-bagayeo-del-que.jpg\"\/><span class=\"epigraphe\">Bagayeros en Or\u00e1n. Foto Maxi Failla \/ Enviado especial<\/span><span class=\"bkg\"\/><span class=\"picture-open\"><button class=\"open-image\" aria-label=\"Open Image\"\/><\/span><\/picture><\/div>\n<div class=\"sc-80531b6b-0 chRIGJ container-text text-embed\">\n<p>\u201cEllos dicen que nosotros, los bagayeros, somos narcos. \u00bfVos no ves gendarmes que caen? Hay algunos que son pol\u00edticos. Nosotros no los queremos meter a todos en la misma bolsa, como ellos quieren hacer con nosotros. <strong>Los bagayeros somos una cosa, los narcos son otra, y los pol\u00edticos son otra<\/strong>\u201d, concluye.<\/p>\n<\/div>\n<\/div>\n<p><br \/>\n<br \/><a href=\"https:\/\/www.clarin.com\/sociedad\/clarin-salta-centro-distribucion-bagayeo-viven-6000-familias_0_B8numQia6M.html\">Fuente Clarin.com <\/a><\/p>\n","protected":false},"excerpt":{"rendered":"<p>En San Ram\u00f3n de la Nueva Or\u00e1n, la central de transferencia recibe desde temprano a quienes llegan desde Aguas Blancas, localidad que limita con Bolivia por el r\u00edo Bermejo. En este play\u00f3n los bagayeros acopian la mercader\u00eda que ingresan de forma ilegal desde el pa\u00eds vecino. Una escena que se repite d\u00eda tras d\u00eda: veh\u00edculos [&hellip;]<\/p>\n","protected":false},"author":1,"featured_media":924,"comment_status":"open","ping_status":"open","sticky":false,"template":"","format":"standard","meta":{"footnotes":""},"categories":[2],"tags":[2235,1601,66,100,2234,2237,2236],"class_list":["post-923","post","type-post","status-publish","format-standard","has-post-thumbnail","hentry","category-ultimas-noticias","tag-bagayeo","tag-centro","tag-como","tag-del","tag-distribucion","tag-familias","tag-viven"],"_links":{"self":[{"href":"https:\/\/13.com.ar\/index.php\/wp-json\/wp\/v2\/posts\/923","targetHints":{"allow":["GET"]}}],"collection":[{"href":"https:\/\/13.com.ar\/index.php\/wp-json\/wp\/v2\/posts"}],"about":[{"href":"https:\/\/13.com.ar\/index.php\/wp-json\/wp\/v2\/types\/post"}],"author":[{"embeddable":true,"href":"https:\/\/13.com.ar\/index.php\/wp-json\/wp\/v2\/users\/1"}],"replies":[{"embeddable":true,"href":"https:\/\/13.com.ar\/index.php\/wp-json\/wp\/v2\/comments?post=923"}],"version-history":[{"count":0,"href":"https:\/\/13.com.ar\/index.php\/wp-json\/wp\/v2\/posts\/923\/revisions"}],"wp:featuredmedia":[{"embeddable":true,"href":"https:\/\/13.com.ar\/index.php\/wp-json\/wp\/v2\/media\/924"}],"wp:attachment":[{"href":"https:\/\/13.com.ar\/index.php\/wp-json\/wp\/v2\/media?parent=923"}],"wp:term":[{"taxonomy":"category","embeddable":true,"href":"https:\/\/13.com.ar\/index.php\/wp-json\/wp\/v2\/categories?post=923"},{"taxonomy":"post_tag","embeddable":true,"href":"https:\/\/13.com.ar\/index.php\/wp-json\/wp\/v2\/tags?post=923"}],"curies":[{"name":"wp","href":"https:\/\/api.w.org\/{rel}","templated":true}]}}