{"id":919,"date":"2025-01-31T10:44:14","date_gmt":"2025-01-31T13:44:14","guid":{"rendered":"https:\/\/13.com.ar\/index.php\/las-razones-de-por-que-ya-no-se-escucha-ni-en-verano\/"},"modified":"2025-01-31T10:44:14","modified_gmt":"2025-01-31T13:44:14","slug":"las-razones-de-por-que-ya-no-se-escucha-ni-en-verano","status":"publish","type":"post","link":"https:\/\/13.com.ar\/index.php\/las-razones-de-por-que-ya-no-se-escucha-ni-en-verano\/","title":{"rendered":"las razones de por qu\u00e9 ya no se escucha ni en verano"},"content":{"rendered":"<p> <br \/>\n<\/p>\n<div id=\"cuerpo\">\n<div class=\"sc-80531b6b-0 chRIGJ container-text text-embed\">\n<p>Es cierto que la gente en el siglo XXI est\u00e1 expuesta, en un solo mes, a la misma cantidad de m\u00fasica o sonido que cualquier persona en toda su vida en el siglo XVII. Pero tanta es la ausencia que ya estar\u00edan compar\u00e1ndolo con la lambada. \u00bfQu\u00e9 pas\u00f3 con el reggae, el ritmo jamaiquino por excelencia? Con la lambada nos preguntamos si era un g\u00e9nero o una canci\u00f3n. La curiosidad, ahora que Bob Marley estar\u00eda cumpliendo 80 a\u00f1os, es: <strong>\u00bfpor qu\u00e9 ya no se hace reggae? \u00bfPor qu\u00e9 la marihuana no hace m\u00e1s reggae?<\/strong><\/p>\n<\/div>\n<div class=\"sc-80531b6b-0 chRIGJ container-text text-embed\">\n<p>Seguramente haya mejores cosas que hacer antes de intentar averiguar qu\u00e9 droga consum\u00eda el artista cuando grab\u00f3 tal o cual \u00e1lbum. Ac\u00e1 no se le cantaba al picaporte de una puerta, pero m\u00e1s o menos: el <em>reggae nacional<\/em> se vuelve popular en la Argentina con Los Pericos y <strong>El ritual de la banana<\/strong>. Fue lo m\u00e1s cerca que estuvimos de \u00c1frica.<\/p>\n<\/div>\n<div class=\"sc-80531b6b-0 chRIGJ container-text text-embed\">\n<p>Despu\u00e9s aparecieron un mont\u00f3n de muchachos con <em>rastas<\/em> y <strong>se puso de moda no ser virtuoso<\/strong>.Todos con la misma camisa de fuerza. Todos unidos y trillados en un sonido que ni siquiera causaba molestia o incomodidad.<\/p>\n<\/div>\n<div class=\"sc-80531b6b-0 chRIGJ container-text text-embed\">\n<p>En su momento estuvo cient\u00edficamente comprobado que los hombres que bailaban lambada eran sexualmente m\u00e1s vigorosos. Tiempos en que el<em> perreo<\/em> importaba m\u00e1s que el perro.<\/p>\n<\/div>\n<p><h2>Welcome to Jamaica Reggae<\/h2>\n<\/p>\n<div class=\"sc-198be8ec-0 cynXbu image-embed  image-embed \"><picture class=\"sc-198be8ec-1 kOjRiQ\"><source media=\"(min-width: 975px)\" width=\"720\" height=\"480\" \/><img alt=\"Bob Marley, Mick Jagger y Peter Tosh. Los Rolling Stones viajaron a Jamaica para embeberse de reggae.  \" loading=\"lazy\" width=\"720\" height=\"480\" decoding=\"async\" data-nimg=\"1\" style=\"color:transparent\" src=\"https:\/\/13.com.ar\/wp-content\/uploads\/2025\/01\/las-razones-de-por-que-ya-no-se-escucha-ni.jpg\"\/><span class=\"epigraphe\">Bob Marley, Mick Jagger y Peter Tosh. Los Rolling Stones viajaron a Jamaica para embeberse de reggae.  <\/span><span class=\"bkg\"\/><span class=\"picture-open\"><button class=\"open-image\" aria-label=\"Open Image\"\/><\/span><\/picture><\/div>\n<div class=\"sc-80531b6b-0 chRIGJ container-text text-embed\">\n<p>Sentado en sus tropicales cachas, el raggae tambi\u00e9n era compatible con un <em>lifestyle. <\/em>En Buenos Aires, una ciudad que le da la espalda al r\u00edo, supimos del reggae a fines de la d\u00e9cada del &#8217;80. Nada de espiritualidad ni<em> rastafarismo<\/em> ni &#8220;resistencia&#8221; ni &#8220;revoluci\u00f3n&#8221;, esas palabras que aparecen en todos los temas de<strong> Peter Tosh<\/strong>.<\/p>\n<\/div>\n<div class=\"sc-80531b6b-0 chRIGJ container-text text-embed\">\n<p>La moda arranca en la Argentina con<em> <\/em>Chalaman, de Los Abuelos de la Nada. Despu\u00e9s viene <strong>Sumo<\/strong> y despu\u00e9s Los Pericos. El Bahiano nos corrige: &#8220;Los puristas dir\u00e1n que empieza con<em> Alphonso S\u2019Entrega<\/em>, el grupo de Daniel Morano y Sergio Nasif. Que ah\u00ed hab\u00eda bosquejos de sonidos que claramente no eran cumbia. Reci\u00e9n despu\u00e9s aparece Chalaman&#8221;. De paso, Bahiano, \u00bfqu\u00e9 dice el tema? \u00bf\u201cRostro feo\u201d o \u201cRastafa\u201d?<\/p>\n<\/div>\n<div class=\"sc-80531b6b-0 chRIGJ container-text text-embed\">\n<p>El reggae se hizo conocido en la d\u00e9cada del &#8217;70. <strong>Bob Marley<\/strong> era una estrella entre los j\u00f3venes blancos de Inglaterra que cre\u00edan q ser negro, pobre y tener hambre o estar enfermo, era algo rom\u00e1ntico. <\/p>\n<\/div>\n<div class=\"sc-80531b6b-0 chRIGJ container-text text-embed\">\n<p>\u201cCuando aparecieron Los Pericos, la marihuana no estaba tan charlada como ahora\u201d, nos aclara el Bahiano, ex cantante de la banda.<\/p>\n<\/div>\n<div class=\"sc-80531b6b-0 chRIGJ container-text text-embed\">\n<p>Los Pericos hicieron el disco m\u00e1s vendido de 1987. El Bahiano cantaba<em> Welcome to Jamaica Reggae<\/em>. \u00bfAlguien sabe qu\u00e9 es el &#8220;rastafarismo&#8221;? \u00bfEs como ser morm\u00f3n?<\/p>\n<\/div>\n<div class=\"sc-198be8ec-0 cynXbu image-embed  image-embed \"><picture class=\"sc-198be8ec-1 kOjRiQ\"><source media=\"(min-width: 975px)\" width=\"720\" height=\"480\" \/><img alt=\"Los Pericos, en 1989. Con &quot;El ritual de la banana&quot; hicieron del reggae un g\u00e9nero popular en la Argentina.\" loading=\"lazy\" width=\"720\" height=\"480\" decoding=\"async\" data-nimg=\"1\" style=\"color:transparent\" src=\"https:\/\/13.com.ar\/wp-content\/uploads\/2025\/01\/1738331054_112_las-razones-de-por-que-ya-no-se-escucha-ni.jpg\"\/><span class=\"epigraphe\">Los Pericos, en 1989. Con &#8220;El ritual de la banana&#8221; hicieron del reggae un g\u00e9nero popular en la Argentina.<\/span><span class=\"bkg\"\/><span class=\"picture-open\"><button class=\"open-image\" aria-label=\"Open Image\"\/><\/span><\/picture><\/div>\n<div class=\"sc-80531b6b-0 chRIGJ container-text text-embed\">\n<p>Puede que el reggae, haya sido el gel lubricante para introducirnos al verdadero ritmo enajenante:<strong> el reggaet\u00f3n<\/strong>. Crecimos sabiendo que el reggae tenia por obligaci\u00f3n meteorol\u00f3gica una canci\u00f3n de verano. No da reggae en invierno. No deber\u00eda haber recitales de reggae en agosto.<\/p>\n<\/div>\n<p><h2>La canci\u00f3n es la misma<\/h2>\n<\/p>\n<div class=\"sc-80531b6b-0 chRIGJ container-text text-embed\">\n<p>Tristemente pas\u00f3 de moda. Igual dur\u00f3 m\u00e1s que el<em> Gangnam Style<\/em>. Quedan los alfajores. <strong>El reggae se trasform\u00f3 en una golosina<\/strong>. <em>Marley, Rasta<\/em>, marcas que funcionen como f\u00e1bulas \u201cbajoneras\u201d en su p\u00edcara relaci\u00f3n con la marihuana. En 2021, sin la hojita de cannabis en su envoltorio, pero con la f\u00f3rmula intacta, el famoso alfajor Marley,<em> made in Uruguay<\/em>, desembarc\u00f3 en la Argentina.<\/p>\n<\/div>\n<div class=\"sc-80531b6b-0 chRIGJ container-text text-embed\">\n<p>Probamos uno negro para saber si el reggae sobreviv\u00eda en la cobertura o en el coraz\u00f3n de dulce de leche. Y s\u00ed, gracias a Bob ah\u00ed est\u00e1 la melod\u00eda pegajosa que emana del mordisc\u00f3n. Sorprende, alegra, te hace cantar: <em>Fumate una chala que est\u00e1 todo bien, voio voioio voio&#8230;<\/em><\/p>\n<\/div>\n<div class=\"sc-80531b6b-0 chRIGJ container-text text-embed\">\n<p>\u00bfDe qu\u00e9 hablar\u00e1n las letras de reggae cuando se legalice la marihuana? Adem\u00e1s, todos estos a\u00f1os usando siempre el mismo <em>tempo<\/em> en la mayor\u00eda de sus temas. Ya los denunciaba Led Zeppelin: <strong>la canci\u00f3n es la misma<\/strong>. <\/p>\n<\/div>\n<div class=\"sc-198be8ec-0 cynXbu image-embed  image-embed \"><picture class=\"sc-198be8ec-1 kOjRiQ\"><source media=\"(min-width: 975px)\" width=\"720\" height=\"480\" \/><img alt=\"Luca Prodan, al frente de Sumo, tambi\u00e9n fueron grandes impulsores del reggae.\" loading=\"lazy\" width=\"720\" height=\"480\" decoding=\"async\" data-nimg=\"1\" style=\"color:transparent\" src=\"https:\/\/13.com.ar\/wp-content\/uploads\/2025\/01\/1738331054_141_las-razones-de-por-que-ya-no-se-escucha-ni.jpg\"\/><span class=\"epigraphe\">Luca Prodan, al frente de Sumo, tambi\u00e9n fueron grandes impulsores del reggae.<\/span><span class=\"bkg\"\/><span class=\"picture-open\"><button class=\"open-image\" aria-label=\"Open Image\"\/><\/span><\/picture><\/div>\n<div class=\"sc-80531b6b-0 chRIGJ container-text text-embed\">\n<p>Versos que se ponen medio religiosos o son como jingles de la moral. Sabemos qu\u00e9 <strong>Nonpalidece<\/strong> har\u00e1 su primer Movistar Arena en abril. \u00bfSe sabe qu\u00e9 fue de la vida de <strong>Dread Mar I<\/strong>? Dicen que se compr\u00f3 un edificio, pero desde 2013 las redes andan preguntando por \u00e9l. <\/p>\n<\/div>\n<div class=\"sc-80531b6b-0 chRIGJ container-text text-embed\">\n<p>\u00bfY las bandas de reggae en los festivales? Lo \u00faltimo que uno recuerda fueron Los Cafres en el 2020, con el atardecer de fondo y el ag\u00fcita del arroyo. Ahora el <em>Cosqu\u00edn Rock<\/em> es todo trap.<\/p>\n<\/div>\n<div class=\"sc-80531b6b-0 chRIGJ container-text text-embed\">\n<p>En los clubes cann\u00e1bicos de Uruguay ya nadie escucha reggae. Es como si la <strong>repetitiva m\u00fasica de origen jamaiquino<\/strong> hubiera cumplido su funci\u00f3n. Como haya sido, <strong>se pas\u00f3 del pedestal espiritual del reggae al sexismo picante del reggaet\u00f3n<\/strong><em>. <\/em><\/p>\n<\/div>\n<div class=\"sc-80531b6b-0 chRIGJ container-text text-embed\">\n<p>\u00bfQu\u00e9 ser\u00eda el reggae hoy? M\u00fasica para gente grande que cuenta an\u00e9cdotas del <em>Loco<\/em> Houseman y siempre tiene una buena excusa para estar en ojotas.<\/p>\n<\/div>\n<div class=\"sc-80531b6b-0 chRIGJ container-text text-embed\">\n<p>La primera canci\u00f3n considerada fundacional del g\u00e9nero se llama<em> Do The Reggay<\/em>, de Toots &amp; The Maytals, en 1968. Es como la Gioconda. No sabe si re\u00edr o llorar.<\/p>\n<\/div>\n<\/div>\n<p><br \/>\n<br \/><a href=\"https:\/\/www.clarin.com\/espectaculos\/murio-reggae-razones-escucha-verano_0_7yLbEQ4wnl.html\">Fuente Clarin.com <\/a><\/p>\n","protected":false},"excerpt":{"rendered":"<p>Es cierto que la gente en el siglo XXI est\u00e1 expuesta, en un solo mes, a la misma cantidad de m\u00fasica o sonido que cualquier persona en toda su vida en el siglo XVII. Pero tanta es la ausencia que ya estar\u00edan compar\u00e1ndolo con la lambada. \u00bfQu\u00e9 pas\u00f3 con el reggae, el ritmo jamaiquino por [&hellip;]<\/p>\n","protected":false},"author":1,"featured_media":920,"comment_status":"open","ping_status":"open","sticky":false,"template":"","format":"standard","meta":{"footnotes":""},"categories":[2],"tags":[2229,48,142,286,2228,65],"class_list":["post-919","post","type-post","status-publish","format-standard","has-post-thumbnail","hentry","category-ultimas-noticias","tag-escucha","tag-las","tag-por","tag-que","tag-razones","tag-verano"],"_links":{"self":[{"href":"https:\/\/13.com.ar\/index.php\/wp-json\/wp\/v2\/posts\/919","targetHints":{"allow":["GET"]}}],"collection":[{"href":"https:\/\/13.com.ar\/index.php\/wp-json\/wp\/v2\/posts"}],"about":[{"href":"https:\/\/13.com.ar\/index.php\/wp-json\/wp\/v2\/types\/post"}],"author":[{"embeddable":true,"href":"https:\/\/13.com.ar\/index.php\/wp-json\/wp\/v2\/users\/1"}],"replies":[{"embeddable":true,"href":"https:\/\/13.com.ar\/index.php\/wp-json\/wp\/v2\/comments?post=919"}],"version-history":[{"count":0,"href":"https:\/\/13.com.ar\/index.php\/wp-json\/wp\/v2\/posts\/919\/revisions"}],"wp:featuredmedia":[{"embeddable":true,"href":"https:\/\/13.com.ar\/index.php\/wp-json\/wp\/v2\/media\/920"}],"wp:attachment":[{"href":"https:\/\/13.com.ar\/index.php\/wp-json\/wp\/v2\/media?parent=919"}],"wp:term":[{"taxonomy":"category","embeddable":true,"href":"https:\/\/13.com.ar\/index.php\/wp-json\/wp\/v2\/categories?post=919"},{"taxonomy":"post_tag","embeddable":true,"href":"https:\/\/13.com.ar\/index.php\/wp-json\/wp\/v2\/tags?post=919"}],"curies":[{"name":"wp","href":"https:\/\/api.w.org\/{rel}","templated":true}]}}