{"id":9160,"date":"2025-03-01T15:07:29","date_gmt":"2025-03-01T18:07:29","guid":{"rendered":"https:\/\/13.com.ar\/index.php\/emilia-mernes-entro-a-la-casa-de-gran-hermano-brasil-y-deslumbro-con-un-impresionante-show\/"},"modified":"2025-03-01T15:07:29","modified_gmt":"2025-03-01T18:07:29","slug":"emilia-mernes-entro-a-la-casa-de-gran-hermano-brasil-y-deslumbro-con-un-impresionante-show","status":"publish","type":"post","link":"https:\/\/13.com.ar\/index.php\/emilia-mernes-entro-a-la-casa-de-gran-hermano-brasil-y-deslumbro-con-un-impresionante-show\/","title":{"rendered":"Emilia Mernes entr\u00f3 a la casa de Gran Hermano Brasil y deslumbr\u00f3 con un impresionante show"},"content":{"rendered":"<p> <br \/>\n<\/p>\n<div id=\"cuerpo\">\n<div class=\"sc-80531b6b-0 chRIGJ container-text text-embed\">\n<p>El 2025 trajo grandes cambios para<strong> Emilia Mernes<\/strong> (28). Tras lograr convertirse en una de las artistas argentinas con mayor reconocimiento a nivel internacional, la cantante revel\u00f3 que tiene planes de mudanza a Estados Unidos y<strong> sorprendi\u00f3 al ingresar a la casa de Gran Hermano en Brasil<\/strong> para presentar <em>Bunda<\/em>, su m\u00e1s reciente canci\u00f3n en colaboraci\u00f3n con la brasile\u00f1a<strong> Lu\u00edsa Sonza.<\/strong><\/p>\n<\/div>\n<div class=\"sc-80531b6b-0 chRIGJ container-text text-embed\">\n<p>Al aterrizar en el pa\u00eds vecino para cumplir con su agenda laboral y promocionar su m\u00fasica, la cantante se present\u00f3 en el Carnaval de R\u00edo de Janeiro ante m\u00e1s de 120 mil personas. <\/p>\n<\/div>\n<div class=\"sc-80531b6b-0 chRIGJ container-text text-embed\">\n<p>Adem\u00e1s, Mernes brind\u00f3 un espectacular show en vivo en el reality cuya edici\u00f3n argentina tiene como conductor a Santiago del Moro, el cual se destac\u00f3 por su impresionante despliegue esc\u00e9nico, coreogr\u00e1fico y los m\u00faltiples bailarines que las acompa\u00f1aron durante la performance.<\/p>\n<\/div>\n<div class=\"sc-80531b6b-0 chRIGJ container-text text-embed\">\n<p>Sin alejarse de su sello personal, Emilia impact\u00f3 con su look en el programa, el cual compuso con una mini falda rosada y un top blanco de manga larga, escote en V y detalles en negro. <\/p>\n<\/div>\n<div class=\"sc-80531b6b-0 chRIGJ container-text text-embed\">\n<p>Por su parte, Sonza apost\u00f3 por un body de manga larga en tonos verdes y marrones, combinado con una falda asim\u00e9trica de corte asim\u00e9trico y un llamativo pico en el frente.<\/p>\n<\/div>\n<div class=\"sc-198be8ec-0 cynXbu image-embed  image-embed \"><picture class=\"sc-198be8ec-1 kOjRiQ\"><source media=\"(min-width: 975px)\" width=\"720\" height=\"480\" \/><img alt=\"Emilia Mernes entr\u00f3 a la casa de Gran Hermano Brasil e impact\u00f3 al cantar junto a Lu\u00edsa Bonza. | Foto: Globoplay\" loading=\"lazy\" width=\"720\" height=\"480\" decoding=\"async\" data-nimg=\"1\" style=\"color:transparent\" src=\"https:\/\/13.com.ar\/wp-content\/uploads\/2025\/03\/Emilia-Mernes-entro-a-la-casa-de-Gran-Hermano-Brasil.jpg\"\/><span class=\"epigraphe\">Emilia Mernes entr\u00f3 a la casa de Gran Hermano Brasil e impact\u00f3 al cantar junto a Lu\u00edsa Bonza. | Foto: Globoplay<\/span><span class=\"bkg\"\/><span class=\"picture-open\"><button class=\"open-image\" aria-label=\"Open Image\"\/><\/span><\/picture><\/div>\n<div class=\"sc-80531b6b-0 chRIGJ container-text text-embed\">\n<p>&#8220;Lista para @Big Brother Brasil y cantar Bunda con @Lu\u00edsa Sonza AAAAAA&#8221;, escribi\u00f3 la cantante argentina en un video que comparti\u00f3 en su cuenta oficial de TikTok <em>(@emiliamernes)<\/em>, donde suma 9 millones de seguidores. En la publicaci\u00f3n, la artista se mostr\u00f3 bailando al ritmo de la canci\u00f3n que lanz\u00f3 el 20 de febrero con el outfit elegido para la especial ocasi\u00f3n antes de su presentaci\u00f3n en el reality.<\/p>\n<\/div>\n<div class=\"sc-198be8ec-0 cynXbu image-embed  image-embed \"><picture class=\"sc-198be8ec-1 kOjRiQ\"><source media=\"(min-width: 975px)\" width=\"720\" height=\"480\" \/><img alt=\"Emilia Mernes mostr\u00f3 el look que seleccion\u00f3 para presentarse en Gran Hermano Brasil a trav\u00e9s de Tik Tok.\" loading=\"lazy\" width=\"720\" height=\"480\" decoding=\"async\" data-nimg=\"1\" style=\"color:transparent\" src=\"https:\/\/13.com.ar\/wp-content\/uploads\/2025\/03\/1740852449_789_Emilia-Mernes-entro-a-la-casa-de-Gran-Hermano-Brasil.jpg\"\/><span class=\"epigraphe\">Emilia Mernes mostr\u00f3 el look que seleccion\u00f3 para presentarse en Gran Hermano Brasil a trav\u00e9s de Tik Tok.<\/span><span class=\"bkg\"\/><span class=\"picture-open\"><button class=\"open-image\" aria-label=\"Open Image\"\/><\/span><\/picture><\/div>\n<div class=\"sc-80531b6b-0 chRIGJ container-text text-embed\">\n<p>Su presentaci\u00f3n en Gran Hermano Brasil no pas\u00f3 desapercibida en Argentina y r\u00e1pidamente se volvi\u00f3 viral en X (antes Twitter). <\/p>\n<\/div>\n<div class=\"sc-80531b6b-0 chRIGJ container-text text-embed\">\n<p>De hecho, los usuarios no tardaron en manifestar su deseo de que Emilia brinde un show similar dentro de la versi\u00f3n local del reality, frente a los participantes. \u201cSi en Brasil lo hicieron, \u00bfpor qu\u00e9 ac\u00e1 no?\u201d, plantearon algunos de los internautas en la red social. <\/p>\n<\/div>\n<p><h2>Emilia Mernes se muda a Miami, Estados Unidos: el motivo de su dr\u00e1stica decisi\u00f3n <\/h2>\n<\/p>\n<div class=\"sc-80531b6b-0 chRIGJ container-text text-embed\">\n<p>Con un profundo arraigo a su tierra natal, la artista entrerriana nacida en Nogoy\u00e1 tom\u00f3 una decisi\u00f3n clave para su carrera: trasladarse a Miami, Estados Unidos. En di\u00e1logo con la revista<em> Billboard<\/em>, la artista habl\u00f3 sobre su deseo de asentarse all\u00ed y aprovechar las oportunidades que ofrece la capital de la m\u00fasica latina.<\/p>\n<\/div>\n<div class=\"sc-80531b6b-0 chRIGJ container-text text-embed\">\n<p>Aunque Mernes expres\u00f3 su gratitud hacia nuestro pa\u00eds, el cual supo abrirle innumerables puertas que dieron origen al \u00e9xito que hoy la define, considera que establecerse temporalmente en la ciudad estadounidense le permitir\u00e1 ampliar sus horizontes profesionales.<\/p>\n<\/div>\n<div class=\"sc-198be8ec-0 cynXbu image-embed  image-embed \"><picture class=\"sc-198be8ec-1 kOjRiQ\"><source media=\"(min-width: 975px)\" width=\"720\" height=\"480\" \/><img alt=\"Emilia Mernes revel\u00f3 que se muda a Miami. Foto: Captura YouTube\" loading=\"lazy\" width=\"720\" height=\"480\" decoding=\"async\" data-nimg=\"1\" style=\"color:transparent\" src=\"https:\/\/13.com.ar\/wp-content\/uploads\/2025\/02\/Emilia-Mernes-revelo-que-se-muda-a-Miami-los-motivos.jpg\"\/><span class=\"epigraphe\">Emilia Mernes revel\u00f3 que se muda a Miami. Foto: Captura YouTube<\/span><span class=\"bkg\"\/><span class=\"picture-open\"><button class=\"open-image\" aria-label=\"Open Image\"\/><\/span><\/picture><\/div>\n<div class=\"sc-80531b6b-0 chRIGJ container-text text-embed\">\n<p>\u201cEn Argentina obviamente hay productores con los que yo sigo trabajando y con los que soy muy amiga. Argentina me ha dado cosas incre\u00edbles, me las da hasta el d\u00eda de hoy, tengo todo all\u00e1, es todo para m\u00ed. Pero<strong> tom\u00e9 la decisi\u00f3n de venirme un tiempito a Miami para trabajar, para probar nuevas oportunidades, que se abran otras puertas<\/strong>&#8220;, explic\u00f3 en la entrevista. <\/p>\n<\/div>\n<div class=\"sc-80531b6b-0 chRIGJ container-text text-embed\">\n<p>No obstante, dej\u00f3 en claro que la decisi\u00f3n de mudarse a Miami no es definitiva ya que planea seguir visitando el pa\u00eds: <strong>&#8220;Siempre voy a estar volviendo a mi casa de todas formas, no puedo soltar eso&#8221;.<\/strong><\/p>\n<\/div>\n<div class=\"sc-c2c2a3c6-0 ecgiEX border-video video-embed horizontal border-video video-embed horizontal\">\n<div class=\"sc-c2c2a3c6-1 kQhBlc videoText videoText\">\n<h2>Video<\/h2>\n<p>Emilia Mernes, sobre su vida en Miami, Duki y un consejo a sus fans<\/p>\n<\/div>\n<\/div>\n<div class=\"sc-80531b6b-0 chRIGJ container-text text-embed\">\n<p>&#8220;Pero a nivel laboral, creo que lo que pasa en la industria ac\u00e1 en Miami es muy grande<strong>. Te cruz\u00e1s todo el tiempo con artistas y productores nuevos<\/strong>&#8220;, plante\u00f3 sobre por qu\u00e9 tom\u00f3 su decisi\u00f3n.<\/p>\n<\/div>\n<div class=\"sc-80531b6b-0 chRIGJ container-text text-embed\">\n<p>Lo cierto es que, hace ya unos a\u00f1os, Miami se consolid\u00f3 como un n\u00facleo vital para la m\u00fasica urbana en espa\u00f1ol, congregando a productores, artistas y ejecutivos de la industria. Figuras de renombre como <strong>Bad Bunny, Karol G <\/strong>y<strong> Rauw Alejandro<\/strong> eligieron esta ciudad como base de operaciones y ahora Emilia decidi\u00f3 sumarse a esa lista.<\/p>\n<\/div>\n<\/div>\n<p><br \/>\n<br \/><a href=\"https:\/\/www.clarin.com\/fama\/emilia-mernes-entro-casa-gran-hermano-brasil-deslumbro-impresionante-show_0_tj04gluFem.html\">Fuente Clarin.com <\/a><\/p>\n","protected":false},"excerpt":{"rendered":"<p>El 2025 trajo grandes cambios para Emilia Mernes (28). Tras lograr convertirse en una de las artistas argentinas con mayor reconocimiento a nivel internacional, la cantante revel\u00f3 que tiene planes de mudanza a Estados Unidos y sorprendi\u00f3 al ingresar a la casa de Gran Hermano en Brasil para presentar Bunda, su m\u00e1s reciente canci\u00f3n en [&hellip;]<\/p>\n","protected":false},"author":1,"featured_media":9161,"comment_status":"open","ping_status":"open","sticky":false,"template":"","format":"standard","meta":{"footnotes":""},"categories":[2],"tags":[85,108,18,392,1172,1366,925,926,4193,8227,1225],"class_list":["post-9160","post","type-post","status-publish","format-standard","has-post-thumbnail","hentry","category-ultimas-noticias","tag-brasil","tag-casa","tag-con","tag-deslumbro","tag-emilia","tag-entro","tag-gran","tag-hermano","tag-impresionante","tag-mernes","tag-show"],"_links":{"self":[{"href":"https:\/\/13.com.ar\/index.php\/wp-json\/wp\/v2\/posts\/9160","targetHints":{"allow":["GET"]}}],"collection":[{"href":"https:\/\/13.com.ar\/index.php\/wp-json\/wp\/v2\/posts"}],"about":[{"href":"https:\/\/13.com.ar\/index.php\/wp-json\/wp\/v2\/types\/post"}],"author":[{"embeddable":true,"href":"https:\/\/13.com.ar\/index.php\/wp-json\/wp\/v2\/users\/1"}],"replies":[{"embeddable":true,"href":"https:\/\/13.com.ar\/index.php\/wp-json\/wp\/v2\/comments?post=9160"}],"version-history":[{"count":0,"href":"https:\/\/13.com.ar\/index.php\/wp-json\/wp\/v2\/posts\/9160\/revisions"}],"wp:featuredmedia":[{"embeddable":true,"href":"https:\/\/13.com.ar\/index.php\/wp-json\/wp\/v2\/media\/9161"}],"wp:attachment":[{"href":"https:\/\/13.com.ar\/index.php\/wp-json\/wp\/v2\/media?parent=9160"}],"wp:term":[{"taxonomy":"category","embeddable":true,"href":"https:\/\/13.com.ar\/index.php\/wp-json\/wp\/v2\/categories?post=9160"},{"taxonomy":"post_tag","embeddable":true,"href":"https:\/\/13.com.ar\/index.php\/wp-json\/wp\/v2\/tags?post=9160"}],"curies":[{"name":"wp","href":"https:\/\/api.w.org\/{rel}","templated":true}]}}