{"id":9136,"date":"2025-03-01T12:09:53","date_gmt":"2025-03-01T15:09:53","guid":{"rendered":"https:\/\/13.com.ar\/index.php\/uno-por-uno-todos-los-anuncios-de-jorge-macri\/"},"modified":"2025-03-01T12:09:53","modified_gmt":"2025-03-01T15:09:53","slug":"uno-por-uno-todos-los-anuncios-de-jorge-macri","status":"publish","type":"post","link":"https:\/\/13.com.ar\/index.php\/uno-por-uno-todos-los-anuncios-de-jorge-macri\/","title":{"rendered":"uno por uno, todos los anuncios de Jorge Macri"},"content":{"rendered":"<p> <br \/>\n<br \/><img decoding=\"async\" src=\"https:\/\/13.com.ar\/wp-content\/uploads\/2025\/03\/uno-por-uno-todos-los-anuncios-de-Jorge-Macri.jpg\" \/><\/p>\n<div>\n<p>El jefe de Gobierno de la Ciudad de Buenos Aires, Jorge Macri, dej\u00f3 inaugurado este s\u00e1bado el per\u00edodo de sesiones ordinarias de la Legislatura porte\u00f1a con un discurso en el que enumer\u00f3 varios de los logros obtenidos en su primer a\u00f1o de gesti\u00f3n y adelant\u00f3 cu\u00e1les son los principales proyectos que encara en este 2025.<\/p>\n<\/div>\n<div>\n<p>Dentro de las iniciativas, Macri destac\u00f3 que su Gobierno buscar\u00e1 &#8220;terminar con la mafia de los trapitos, que extorsionan y se creen due\u00f1os de la calle&#8221;, para lo cual enviar\u00e1 un proyecto de modificaci\u00f3n del C\u00f3digo Contravencional que eleva las penas y multas y prev\u00e9 d\u00edas de arresto.<\/p>\n<\/div>\n<div>\n<p>En tanto, en medio de la pol\u00e9mica con el Gobierno nacional por las fugas de presos de las comisar\u00edas porte\u00f1as, Macri anunci\u00f3 que presentar\u00e1 un proyecto a la Legislatura porte\u00f1a para crear un Servicio Penitenciario de la Ciudad para el alojamiento exclusivo de los detenidos a disposici\u00f3n de la Justicia local.<\/p>\n<\/div>\n<div>\n<p>A continuaci\u00f3n, una lista de los principales anuncios que hizo el jefe de Gobierno de la Ciudad en su discurso:<\/p>\n<\/div>\n<p><br \/>\n<br \/><a href=\"https:\/\/www.clarin.com\/politica\/combate-trapitos-creacion-servicio-penitenciario-porteno-anuncios-jorge-macri_0_pMh2Z58eBy.html\">Fuente Clarin.com <\/a><\/p>\n","protected":false},"excerpt":{"rendered":"<p>El jefe de Gobierno de la Ciudad de Buenos Aires, Jorge Macri, dej\u00f3 inaugurado este s\u00e1bado el per\u00edodo de sesiones ordinarias de la Legislatura porte\u00f1a con un discurso en el que enumer\u00f3 varios de los logros obtenidos en su primer a\u00f1o de gesti\u00f3n y adelant\u00f3 cu\u00e1les son los principales proyectos que encara en este 2025. [&hellip;]<\/p>\n","protected":false},"author":1,"featured_media":9137,"comment_status":"open","ping_status":"open","sticky":false,"template":"","format":"standard","meta":{"footnotes":""},"categories":[2],"tags":[3302,876,28,1109,142,923,1013],"class_list":["post-9136","post","type-post","status-publish","format-standard","has-post-thumbnail","hentry","category-ultimas-noticias","tag-anuncios","tag-jorge","tag-los","tag-macri","tag-por","tag-todos","tag-uno"],"_links":{"self":[{"href":"https:\/\/13.com.ar\/index.php\/wp-json\/wp\/v2\/posts\/9136","targetHints":{"allow":["GET"]}}],"collection":[{"href":"https:\/\/13.com.ar\/index.php\/wp-json\/wp\/v2\/posts"}],"about":[{"href":"https:\/\/13.com.ar\/index.php\/wp-json\/wp\/v2\/types\/post"}],"author":[{"embeddable":true,"href":"https:\/\/13.com.ar\/index.php\/wp-json\/wp\/v2\/users\/1"}],"replies":[{"embeddable":true,"href":"https:\/\/13.com.ar\/index.php\/wp-json\/wp\/v2\/comments?post=9136"}],"version-history":[{"count":0,"href":"https:\/\/13.com.ar\/index.php\/wp-json\/wp\/v2\/posts\/9136\/revisions"}],"wp:featuredmedia":[{"embeddable":true,"href":"https:\/\/13.com.ar\/index.php\/wp-json\/wp\/v2\/media\/9137"}],"wp:attachment":[{"href":"https:\/\/13.com.ar\/index.php\/wp-json\/wp\/v2\/media?parent=9136"}],"wp:term":[{"taxonomy":"category","embeddable":true,"href":"https:\/\/13.com.ar\/index.php\/wp-json\/wp\/v2\/categories?post=9136"},{"taxonomy":"post_tag","embeddable":true,"href":"https:\/\/13.com.ar\/index.php\/wp-json\/wp\/v2\/tags?post=9136"}],"curies":[{"name":"wp","href":"https:\/\/api.w.org\/{rel}","templated":true}]}}