{"id":9132,"date":"2025-03-01T11:49:45","date_gmt":"2025-03-01T14:49:45","guid":{"rendered":"https:\/\/13.com.ar\/index.php\/el-momento-de-franco-llegara-pero-no-asi\/"},"modified":"2025-03-01T11:49:45","modified_gmt":"2025-03-01T14:49:45","slug":"el-momento-de-franco-llegara-pero-no-asi","status":"publish","type":"post","link":"https:\/\/13.com.ar\/index.php\/el-momento-de-franco-llegara-pero-no-asi\/","title":{"rendered":"El momento de Franco llegar\u00e1, pero no as\u00ed"},"content":{"rendered":"<p> <br \/>\n<br \/><img decoding=\"async\" src=\"https:\/\/13.com.ar\/wp-content\/uploads\/2025\/03\/El-momento-de-Franco-llegara-pero-no-asi.jpg\" \/><\/p>\n<div>\n<p>En su \u00faltima acepci\u00f3n, el diccionario de la Real Academia Espa\u00f1ola (RAE) dice que reserva es un <em>&#8220;jugador que no figura en la alineaci\u00f3n titular de su equipo, y que aguarda para actuar a que el entrenador sustituya a otro jugador&#8221;<\/em>. Aunque trasladado al automovilismo, ese es el rol con el que <strong>Franco Colapinto<\/strong> lleg\u00f3 al equipo <strong>Alpine <\/strong>de <strong>F\u00f3rmula 1<\/strong>. Sin embargo, fan\u00e1ticos irracionales criticaron a la escuder\u00eda francesa en sus posteos de las redes sociales de los tests de pretemporada de Bahr\u00e9in por no haber incluido al argentino de 21 a\u00f1os, pese a que se trata de una cita de la que solo pueden participar los 20 titulares de la temporada 2025.<\/p>\n<\/div>\n<div>\n<p>Fundamentalmente en X, el tema fue debatido por cuentas que aportan informaci\u00f3n de la F1 y, fundamentalmente, de quien debut\u00f3 el a\u00f1o pasado en Williams. &#8220;Llamado a la solidaridad -tuite\u00f3 @Formula1Fangio-. Dejen de comentar sin sentido en la cuenta de Alpine. No ayudan a Colapinto, solo hacen el rid\u00edculo y generan rechazo. Apoyar no es acosar ni ser pesados. Apoyen al equipo, no sean termos y entiendan los tiempos de la F1&#8221;.<\/p>\n<\/div>\n<div>\n<p>Lo que pocos esperaban era que uno de los representantes del pilarense, el brit\u00e1nico Jamie Campbell-Walter, saliera a apoyar ese comentario y reafirmara con firmeza que <strong>&#8220;le est\u00e1n haciendo da\u00f1o&#8221;<\/strong> a Colapinto. &#8220;\u00a1Bien dicho! Los que odian y creen que ayudan a Franco. Le est\u00e1n haciendo m\u00e1s da\u00f1o que bien. Insultos al equipo, a Jack y a veces a otros seguidores de Alpine. Franco y todos los que le apoyamos somos fans de todo el equipo, Pierre y Jack. Comp\u00f3rtense con pasi\u00f3n pero sin insultos ni arrogancia&#8221;, les pidi\u00f3. Y avis\u00f3: &#8220;<strong>El momento de Franco llegar\u00e1, pero no as\u00ed, conseguir\u00e1n lo contrario<\/strong>&#8220;.<\/p>\n<\/div>\n<div>\n<p>El mensaje sum\u00f3 en unas pocas horas ocho mil me gusta y <strong>mil retuits, entre ellos el del mism\u00edsimo Franco Colapinto<\/strong>, cuyo \u00faltimo mensaje en X hab\u00eda sido el 19 de febrero. Luego, apareci\u00f3 para tener algunas interacciones divertidas con sus fan\u00e1ticos, como la del mi\u00e9rcoles pasado cuando un corte de energ\u00eda el\u00e9ctrica en el circuito de Sahkir interrumpi\u00f3 el primero de los tres d\u00edas de tests de pretemporada. &#8220;La pava para el mate ni se me calent\u00f3 el agua lpm&#8221;, respondi\u00f3 en X cuando un usuario brome\u00f3 con que el joven de 21 a\u00f1os hab\u00eda provocado el apag\u00f3n enchufando una tostadora en el box de Alpine.<\/p>\n<\/div>\n<div>\n<p>Ausente en Bahr\u00e9in, donde s\u00ed se pudo ver a otro de los pilotos reserva del equipo franc\u00e9s, el estonio Paul Aron, <strong>se espera que Colapinto reaparezca p\u00fablicamente el 14 de marzo en Melbourne<\/strong>, donde la F1 disputar\u00e1 el Gran Premio de Australia, la primera de las 24 fechas de esta temporada. A la espera de la confirmaci\u00f3n de Alpine, lo que s\u00ed se conoci\u00f3 en las \u00faltimas horas es que el bonaerense no formar\u00e1 parte de los tests Pirelli que se desarrollar\u00e1n este 2 y 3 de marzo tambi\u00e9n en el trazado de Medio Oriente. All\u00ed, los franceses utilizar\u00e1n al mencionado Aron y el japon\u00e9s Ryo Hirakawa.<\/p>\n<\/div>\n<p><br \/>\n<br \/><a href=\"https:\/\/www.clarin.com\/deportes\/dura-advertencia-representante-colapinto-fanaticos-critican-alpine-momento-franco-llegara_0_ME7HCj8IiS.html\">Fuente Clarin.com <\/a><\/p>\n","protected":false},"excerpt":{"rendered":"<p>En su \u00faltima acepci\u00f3n, el diccionario de la Real Academia Espa\u00f1ola (RAE) dice que reserva es un &#8220;jugador que no figura en la alineaci\u00f3n titular de su equipo, y que aguarda para actuar a que el entrenador sustituya a otro jugador&#8221;. Aunque trasladado al automovilismo, ese es el rol con el que Franco Colapinto lleg\u00f3 [&hellip;]<\/p>\n","protected":false},"author":1,"featured_media":9133,"comment_status":"open","ping_status":"open","sticky":false,"template":"","format":"standard","meta":{"footnotes":""},"categories":[2],"tags":[789,3011,2926,1454,265],"class_list":["post-9132","post","type-post","status-publish","format-standard","has-post-thumbnail","hentry","category-ultimas-noticias","tag-asi","tag-franco","tag-llegara","tag-momento","tag-pero"],"_links":{"self":[{"href":"https:\/\/13.com.ar\/index.php\/wp-json\/wp\/v2\/posts\/9132","targetHints":{"allow":["GET"]}}],"collection":[{"href":"https:\/\/13.com.ar\/index.php\/wp-json\/wp\/v2\/posts"}],"about":[{"href":"https:\/\/13.com.ar\/index.php\/wp-json\/wp\/v2\/types\/post"}],"author":[{"embeddable":true,"href":"https:\/\/13.com.ar\/index.php\/wp-json\/wp\/v2\/users\/1"}],"replies":[{"embeddable":true,"href":"https:\/\/13.com.ar\/index.php\/wp-json\/wp\/v2\/comments?post=9132"}],"version-history":[{"count":0,"href":"https:\/\/13.com.ar\/index.php\/wp-json\/wp\/v2\/posts\/9132\/revisions"}],"wp:featuredmedia":[{"embeddable":true,"href":"https:\/\/13.com.ar\/index.php\/wp-json\/wp\/v2\/media\/9133"}],"wp:attachment":[{"href":"https:\/\/13.com.ar\/index.php\/wp-json\/wp\/v2\/media?parent=9132"}],"wp:term":[{"taxonomy":"category","embeddable":true,"href":"https:\/\/13.com.ar\/index.php\/wp-json\/wp\/v2\/categories?post=9132"},{"taxonomy":"post_tag","embeddable":true,"href":"https:\/\/13.com.ar\/index.php\/wp-json\/wp\/v2\/tags?post=9132"}],"curies":[{"name":"wp","href":"https:\/\/api.w.org\/{rel}","templated":true}]}}