{"id":9130,"date":"2025-03-01T11:46:30","date_gmt":"2025-03-01T14:46:30","guid":{"rendered":"https:\/\/13.com.ar\/index.php\/el-romantico-gesto-de-wanda-nara-con-l-gante-tras-defenderla-de-mauro-icardi-con-el-tiempo-aprendi\/"},"modified":"2025-03-01T11:46:30","modified_gmt":"2025-03-01T14:46:30","slug":"el-romantico-gesto-de-wanda-nara-con-l-gante-tras-defenderla-de-mauro-icardi-con-el-tiempo-aprendi","status":"publish","type":"post","link":"https:\/\/13.com.ar\/index.php\/el-romantico-gesto-de-wanda-nara-con-l-gante-tras-defenderla-de-mauro-icardi-con-el-tiempo-aprendi\/","title":{"rendered":"El rom\u00e1ntico gesto de Wanda Nara con L-Gante tras defenderla de Mauro Icardi: &#8220;Con el tiempo aprend\u00ed&#8221;"},"content":{"rendered":"<p> <br \/>\n<\/p>\n<div id=\"cuerpo\">\n<div class=\"sc-80531b6b-0 chRIGJ container-text text-embed\">\n<p><strong>Mauro Icardi <\/strong>y <strong>Wanda Nara<\/strong> siguen sin encontrar la paz. Tras la denuncia de la empresaria hacia el delantero del Galatasaray por supuestos maltratos a uno de sus hijos en com\u00fan con Maxi L\u00f3pez, <strong>L-Gante <\/strong>se meti\u00f3 en la nueva disputa que los enfrenta al exponer una serie de chats que intercambi\u00f3 con el futbolista para defenderla. Por su parte, <strong>la empresaria no pas\u00f3 por alto el gesto y le dedic\u00f3 un emotivo mensaje en redes.<\/strong><\/p>\n<\/div>\n<div class=\"sc-80531b6b-0 chRIGJ container-text text-embed\">\n<p>Despu\u00e9s de su viaje a Turqu\u00eda, donde fue galardonada con el premio a la Mujer del A\u00f1o en los Europa Awards, la mayor de las hermanas Nara volvi\u00f3 a hacer las valijas para regresar al pa\u00eds y al aterrizar, no dud\u00f3 en visitar al cantante de cumbia 420 en la cl\u00ednica donde el m\u00fasico se someti\u00f3 a una cirug\u00eda tras el accidente en cuatriciclo que sufri\u00f3 en Pinamar.<\/p>\n<\/div>\n<div class=\"sc-80531b6b-0 chRIGJ container-text text-embed\">\n<p>A pesar de los rumores sobre una posible crisis, <strong>Eli\u00e1n Valenzuela apareci\u00f3 junto a la empresaria desde el centro m\u00e9dico donde fue intervenido<\/strong> y pocas horas despu\u00e9s, <strong>comparti\u00f3 capturas del tenso ida, y vuelta que mantuvo con el futbolista<\/strong> meses antes de que Wanda Nara confirmara su relaci\u00f3n, y de que Mauro hiciera p\u00fablica su romance con Eugenia &#8220;la China&#8221; Su\u00e1rez.<\/p>\n<\/div>\n<div class=\"sc-80531b6b-0 chRIGJ container-text text-embed\">\n<p>En la conversaci\u00f3n con Icardi, el joven artista de 24 a\u00f1os defendi\u00f3 a la empresaria despu\u00e9s de que el jugador del Galatasaray le asegurara que ella lo estaba utilizando para provocarle celos luego de terminar su matrimonio de 10 a\u00f1os y tambi\u00e9n le insinuara que volver\u00edan a estar juntos.<\/p>\n<\/div>\n<div class=\"sc-198be8ec-0 cynXbu image-embed  image-embed \"><picture class=\"sc-198be8ec-1 kOjRiQ\"><source media=\"(min-width: 975px)\" width=\"720\" height=\"480\" \/><img alt=\"L-Gante se mostr\u00f3 con Wanda Nara tras ser operado de la clav\u00edcula y termin\u00f3 con los rumores de crisis. | Foto: Instagram\" loading=\"lazy\" width=\"720\" height=\"480\" decoding=\"async\" data-nimg=\"1\" style=\"color:transparent\" src=\"https:\/\/13.com.ar\/wp-content\/uploads\/2025\/02\/la-romantica-foto-del-reencuentro.jpg\"\/><span class=\"epigraphe\">L-Gante se mostr\u00f3 con Wanda Nara tras ser operado de la clav\u00edcula y termin\u00f3 con los rumores de crisis. | Foto: Instagram<\/span><span class=\"bkg\"\/><span class=\"picture-open\"><button class=\"open-image\" aria-label=\"Open Image\"\/><\/span><\/picture><\/div>\n<div class=\"sc-80531b6b-0 chRIGJ container-text text-embed\">\n<p>Al publicar los chats a trav\u00e9s de su cuenta oficial en Instagram <em>(@lgante_keloke)<\/em>, Eli\u00e1n Valenzuela dispar\u00f3 contra Mauro: <strong>&#8220;Pedazo de loro, me cansaste&#8221;. <\/strong><\/p>\n<\/div>\n<div class=\"sc-80531b6b-0 chRIGJ container-text text-embed\">\n<p><strong>&#8220;Respet\u00e1 a la mam\u00e1 de tus hijas y dej\u00e1 de hacerle la guerra. \u00bfQu\u00e9 quer\u00e9s? \u00bfQu\u00e9 tus hijas odien a su mam\u00e1? <\/strong>And\u00e1 al psic\u00f3logo que lo \u00fanico que haces bien es pegarle a la pelota. Alguien te lo ten\u00eda que decir. Te falta calle, pa&#8221;, lanz\u00f3 el cantante de cumbia 420, indignado. <\/p>\n<\/div>\n<div class=\"sc-198be8ec-0 cynXbu image-embed  image-embed \"><picture class=\"sc-198be8ec-1 kOjRiQ\"><source media=\"(min-width: 975px)\" width=\"720\" height=\"480\" \/><img alt=\"L-Gante se cans\u00f3 de Mauro Icardi y expuso los escandalosos mensajes que le envi\u00f3 el futbolista sobre Wanda Nara. | Foto: Instagram\" loading=\"lazy\" width=\"720\" height=\"480\" decoding=\"async\" data-nimg=\"1\" style=\"color:transparent\" src=\"https:\/\/13.com.ar\/wp-content\/uploads\/2025\/03\/El-romantico-gesto-de-Wanda-Nara-con-L-Gante-tras-defenderla.jpg\"\/><span class=\"epigraphe\">L-Gante se cans\u00f3 de Mauro Icardi y expuso los escandalosos mensajes que le envi\u00f3 el futbolista sobre Wanda Nara. | Foto: Instagram<\/span><span class=\"bkg\"\/><span class=\"picture-open\"><button class=\"open-image\" aria-label=\"Open Image\"\/><\/span><\/picture><\/div>\n<div class=\"sc-80531b6b-0 chRIGJ container-text text-embed\">\n<p>Adem\u00e1s, en otra historia que finalmente borr\u00f3 de la red social, L-Gante tambi\u00e9n le dedic\u00f3 un mensaje contundente al futbolista que acompa\u00f1\u00f3 con una foto en la que aparece recostado haciendo un gesto de OK con la mano: <strong>\u201cUna sacada de careta, aunque prometo no intervenir ni una vez m\u00e1s. Para que sepan qui\u00e9nes son los malos y qui\u00e9nes los buenos\u201d. <\/strong><\/p>\n<\/div>\n<div class=\"sc-198be8ec-0 cynXbu image-embed  image-embed \"><picture class=\"sc-198be8ec-1 kOjRiQ\"><source media=\"(min-width: 975px)\" width=\"720\" height=\"480\" \/><img alt=\"L-Gante le envi\u00f3 un contundente mensaje a Mauro Icardi tras exponer los pol\u00e9micos mensajes que le enviaba sobre Wanda Nara. | Foto: Instagram\" loading=\"lazy\" width=\"720\" height=\"480\" decoding=\"async\" data-nimg=\"1\" style=\"color:transparent\" src=\"https:\/\/13.com.ar\/wp-content\/uploads\/2025\/03\/1740840390_948_El-romantico-gesto-de-Wanda-Nara-con-L-Gante-tras-defenderla.jpg\"\/><span class=\"epigraphe\">L-Gante le envi\u00f3 un contundente mensaje a Mauro Icardi tras exponer los pol\u00e9micos mensajes que le enviaba sobre Wanda Nara. | Foto: Instagram<\/span><span class=\"bkg\"\/><span class=\"picture-open\"><button class=\"open-image\" aria-label=\"Open Image\"\/><\/span><\/picture><\/div>\n<div class=\"sc-80531b6b-0 chRIGJ container-text text-embed\">\n<p>En respuesta al gesto de su novio, Wanda comparti\u00f3 una foto tomada con el referente de RKT, en la que se les ve acaramelados mientras \u00e9l la abraza por detr\u00e1s y sum\u00f3 una reflexi\u00f3n sobre su v\u00ednculo sentimental que los une y los aprendizajes que adquiri\u00f3 tras finalizar su matrimonio de diez a\u00f1os con Mauro Icardi.<\/p>\n<\/div>\n<div class=\"sc-80531b6b-0 chRIGJ container-text text-embed\">\n<p><strong>\u201cCon el tiempo aprend\u00ed que en mi vida quiero a quien me defiende a mis espaldas\u201d<\/strong>, escribi\u00f3 la empresaria junto a un emoji de coraz\u00f3n vendado. <\/p>\n<\/div>\n<div class=\"sc-198be8ec-0 cynXbu image-embed  image-embed \"><picture class=\"sc-198be8ec-1 kOjRiQ\"><source media=\"(min-width: 975px)\" width=\"720\" height=\"480\" \/><img alt=\"Wanda Nara se mostr\u00f3 junto a L-Gante y le dedic\u00f3 un rom\u00e1ntico mensaje por defenderla de mauro Icardi. | Foto: Instagram\" loading=\"lazy\" width=\"720\" height=\"480\" decoding=\"async\" data-nimg=\"1\" style=\"color:transparent\" src=\"https:\/\/13.com.ar\/wp-content\/uploads\/2025\/03\/1740840390_246_El-romantico-gesto-de-Wanda-Nara-con-L-Gante-tras-defenderla.jpg\"\/><span class=\"epigraphe\">Wanda Nara se mostr\u00f3 junto a L-Gante y le dedic\u00f3 un rom\u00e1ntico mensaje por defenderla de mauro Icardi. | Foto: Instagram<\/span><span class=\"bkg\"\/><span class=\"picture-open\"><button class=\"open-image\" aria-label=\"Open Image\"\/><\/span><\/picture><\/div>\n<p><h2>Tras su llegada a Argentina, Wanda Nara habl\u00f3 sobre la nueva denuncia contra Mauro Icardi<\/h2>\n<\/p>\n<div class=\"sc-80531b6b-0 chRIGJ container-text text-embed\">\n<p>Luego que la empresaria decidiera demandar al delantero de Galatasaray junto a Maxi L\u00f3pez de denunciar a Mauro Icardi luego de que la instituci\u00f3n educativa de sus tres hijos adolescentes les informara sobre presuntos episodios de violencia sufridos por uno de ellos a manos del futbolista tanto en el exterior como en Santa B\u00e1rbara, <strong>Wanda se refiri\u00f3 a la medida que tom\u00f3 por la filtraci\u00f3n del informe escolar. <\/strong><\/p>\n<\/div>\n<div class=\"sc-80531b6b-0 chRIGJ container-text text-embed\">\n<p>&#8220;<strong>No s\u00e9 c\u00f3mo se filtr\u00f3 esa informaci\u00f3n de la escuela, present\u00e9 una denuncia por eso porque me parece grav\u00edsimo, todo tiene un l\u00edmite y mi l\u00edmite son mis hijos<\/strong>&#8220;, manifest\u00f3 la medi\u00e1tica desde el Aeropuerto Internacional de Ezeiza al ser abordada por la prensa que esperaba su arribo al pa\u00eds.<\/p>\n<\/div>\n<div class=\"sc-198be8ec-0 cynXbu image-embed  image-embed \"><picture class=\"sc-198be8ec-1 kOjRiQ\"><source media=\"(min-width: 975px)\" width=\"720\" height=\"480\" \/><img alt=\"Wanda Nara. Foto: M\u00f3vilpress\" loading=\"lazy\" width=\"720\" height=\"480\" decoding=\"async\" data-nimg=\"1\" style=\"color:transparent\" src=\"https:\/\/13.com.ar\/wp-content\/uploads\/2025\/02\/1740784712_86_la-romantica-foto-del-reencuentro.jpg\"\/><span class=\"epigraphe\">Wanda Nara. Foto: M\u00f3vilpress<\/span><span class=\"bkg\"\/><span class=\"picture-open\"><button class=\"open-image\" aria-label=\"Open Image\"\/><\/span><\/picture><\/div>\n<div class=\"sc-80531b6b-0 chRIGJ container-text text-embed\">\n<p>Adem\u00e1s, Nara hizo referencia al descargo que Mauro realiz\u00f3 en redes sociales respecto a la demanda. Esto debe a que, el deportista cuestion\u00f3 la denuncia en su contra e incluso<strong> <\/strong>expuso un mensaje que<strong> la empresaria le envi\u00f3 el 20 de febrero para que visitara a Benedicto<\/strong>, uno de los hijos de Maxi L\u00f3pez, sugiriendo que ella intentaba preservar su relaci\u00f3n con los adolescentes pese a la separaci\u00f3n.<\/p>\n<\/div>\n<div class=\"sc-198be8ec-0 cynXbu image-embed  image-embed \"><picture class=\"sc-198be8ec-1 kOjRiQ\"><source media=\"(min-width: 975px)\" width=\"720\" height=\"480\" \/><img alt=\"Mauro Icardi comparti\u00f3 un nuevo chat en el que expone a Wanda Nara tras ser denunciado por presunta violencia infantil. | Foto: Instagram\" loading=\"lazy\" width=\"720\" height=\"480\" decoding=\"async\" data-nimg=\"1\" style=\"color:transparent\" src=\"https:\/\/13.com.ar\/wp-content\/uploads\/2025\/02\/1740706904_115_Mauro-Icardi-respondio-sobre-la-denuncia-por-presunto-maltrato-a.jpg\"\/><span class=\"epigraphe\">Mauro Icardi comparti\u00f3 un nuevo chat en el que expone a Wanda Nara tras ser denunciado por presunta violencia infantil. | Foto: Instagram<\/span><span class=\"bkg\"\/><span class=\"picture-open\"><button class=\"open-image\" aria-label=\"Open Image\"\/><\/span><\/picture><\/div>\n<div class=\"sc-80531b6b-0 chRIGJ container-text text-embed\">\n<p>Al respecto, Wanda aclar\u00f3: &#8220;<strong>Yo hasta el 19 de febrero que fue el cumplea\u00f1os de Benedicto, lo invit\u00e9 a Mauro y le mandaba fotos, despu\u00e9s las cosas cambiaron, hubo una denuncia muy grave y fue dos d\u00edas despu\u00e9s&#8221;.<\/strong><\/p>\n<\/div>\n<\/div>\n<p><br \/>\n<br \/><a href=\"https:\/\/www.clarin.com\/fama\/romantico-gesto-wanda-nara-l-gante-defenderla-mauro-icardi-tiempo-aprendi_0_Eomk1aqUyu.html\">Fuente Clarin.com <\/a><\/p>\n","protected":false},"excerpt":{"rendered":"<p>Mauro Icardi y Wanda Nara siguen sin encontrar la paz. Tras la denuncia de la empresaria hacia el delantero del Galatasaray por supuestos maltratos a uno de sus hijos en com\u00fan con Maxi L\u00f3pez, L-Gante se meti\u00f3 en la nueva disputa que los enfrenta al exponer una serie de chats que intercambi\u00f3 con el futbolista [&hellip;]<\/p>\n","protected":false},"author":1,"featured_media":9131,"comment_status":"open","ping_status":"open","sticky":false,"template":"","format":"standard","meta":{"footnotes":""},"categories":[2],"tags":[10142,18,10141,462,133,322,132,315,6922,561,312,314],"class_list":["post-9130","post","type-post","status-publish","format-standard","has-post-thumbnail","hentry","category-ultimas-noticias","tag-aprendi","tag-con","tag-defenderla","tag-gesto","tag-icardi","tag-lgante","tag-mauro","tag-nara","tag-romantico","tag-tiempo","tag-tras","tag-wanda"],"_links":{"self":[{"href":"https:\/\/13.com.ar\/index.php\/wp-json\/wp\/v2\/posts\/9130","targetHints":{"allow":["GET"]}}],"collection":[{"href":"https:\/\/13.com.ar\/index.php\/wp-json\/wp\/v2\/posts"}],"about":[{"href":"https:\/\/13.com.ar\/index.php\/wp-json\/wp\/v2\/types\/post"}],"author":[{"embeddable":true,"href":"https:\/\/13.com.ar\/index.php\/wp-json\/wp\/v2\/users\/1"}],"replies":[{"embeddable":true,"href":"https:\/\/13.com.ar\/index.php\/wp-json\/wp\/v2\/comments?post=9130"}],"version-history":[{"count":0,"href":"https:\/\/13.com.ar\/index.php\/wp-json\/wp\/v2\/posts\/9130\/revisions"}],"wp:featuredmedia":[{"embeddable":true,"href":"https:\/\/13.com.ar\/index.php\/wp-json\/wp\/v2\/media\/9131"}],"wp:attachment":[{"href":"https:\/\/13.com.ar\/index.php\/wp-json\/wp\/v2\/media?parent=9130"}],"wp:term":[{"taxonomy":"category","embeddable":true,"href":"https:\/\/13.com.ar\/index.php\/wp-json\/wp\/v2\/categories?post=9130"},{"taxonomy":"post_tag","embeddable":true,"href":"https:\/\/13.com.ar\/index.php\/wp-json\/wp\/v2\/tags?post=9130"}],"curies":[{"name":"wp","href":"https:\/\/api.w.org\/{rel}","templated":true}]}}