{"id":9123,"date":"2025-03-01T10:55:33","date_gmt":"2025-03-01T13:55:33","guid":{"rendered":"https:\/\/13.com.ar\/index.php\/guino-a-milei-y-criticas-a-los-gobernadores-que-dicen-que-la-ciudad-no-produce-nada\/"},"modified":"2025-03-01T10:55:33","modified_gmt":"2025-03-01T13:55:33","slug":"guino-a-milei-y-criticas-a-los-gobernadores-que-dicen-que-la-ciudad-no-produce-nada","status":"publish","type":"post","link":"https:\/\/13.com.ar\/index.php\/guino-a-milei-y-criticas-a-los-gobernadores-que-dicen-que-la-ciudad-no-produce-nada\/","title":{"rendered":"gui\u00f1o a Milei y cr\u00edticas a los gobernadores que dicen que la Ciudad &#8220;no produce nada&#8221;"},"content":{"rendered":"<p> <br \/>\n<br \/><img decoding=\"async\" src=\"https:\/\/13.com.ar\/wp-content\/uploads\/2025\/03\/guino-a-Milei-y-criticas-a-los-gobernadores-que-dicen.jpg\" \/><\/p>\n<div id=\"cuerpo\">\n<div class=\"sc-80531b6b-0 chRIGJ container-text text-embed\">\n<p>El jefe de Gobierno porte\u00f1o, <strong>Jorge Macri<\/strong>, inaugura las sesiones ordinarias de la Legislatura porte\u00f1a con un<strong> gui\u00f1o al presidente Javier Milei por &#8220;el buen trabajo que ha hecho&#8221; para &#8220;ordenar la macroeconom\u00eda&#8221; y<\/strong> apunt\u00f3 contra los gobernadores que dicen que la Ciudad &#8220;no produce nada&#8221;.<\/p>\n<\/div>\n<div class=\"sc-80531b6b-0 chRIGJ container-text text-embed\">\n<p>&#8220;El buen trabajo que ha hecho el gobierno del presidente Javier Milei para ordenar la macroeconom\u00eda, y que <strong>millones de argentinos siguen acompa\u00f1ando con esperanza, <\/strong>presenta un escenario donde el crecimiento se vislumbra con m\u00e1s claridad&#8221;, subray\u00f3 Macri en sus primeros minutos de discurso.<\/p>\n<\/div>\n<div class=\"sc-80531b6b-0 chRIGJ container-text text-embed\">\n<p>En ese contexto, el titular del Ejecutivo porte\u00f1o destac\u00f3: &#8220;Somos parte de un pa\u00eds cuyo destino es tambi\u00e9n el nuestro. No perdamos de vista que<strong> la Ciudad aporta el 20% al PBI nacional<\/strong>. Y aprovecho porque en varias reuniones privadas con algunos <strong>gobernadores se llenan la boca diciendo que en la Ciudad no se produce nada&#8221;.<\/strong> <\/p>\n<\/div>\n<div class=\"sc-80531b6b-0 chRIGJ container-text text-embed\">\n<p>&#8220;Uno de cada cinco pesos de este pa\u00eds se producen ac\u00e1, en esta Ciudad, que no es s\u00f3lo servicios sino que es industria, es producci\u00f3n, es creatividad, es exportaci\u00f3n. Por eso mismo, si a la Ciudad le va bien, sin dudas tambi\u00e9n le va a ir bien al pa\u00eds&#8221;, argument\u00f3.<\/p>\n<\/div>\n<div class=\"sc-80531b6b-0 chRIGJ container-text text-embed\">\n<p>En otro pasaje de su discurso, Macri afirm\u00f3 que en la Ciudad hicieron &#8220;un culto del equilibrio fiscal&#8221;, por lo cual no necesitan que les &#8220;ense\u00f1en c\u00f3mo hacerlo&#8221;, en una alusi\u00f3n al pedido recurrente del presidente Milei. <\/p>\n<\/div>\n<div class=\"sc-80531b6b-0 chRIGJ container-text text-embed\">\n<p>&#8220;Tenemos en claro algo: <strong>se puede ser tan eficiente como eficaz cuando, en vez de querer eliminar el Estado, se gestiona con austeridad, <\/strong>prudencia y responsabilidad, cuidando los recursos y sin gastar m\u00e1s de lo que entra&#8221;, subray\u00f3.<\/p>\n<\/div>\n<p><h2>Cruces por la inseguridad en la Provincia<\/h2>\n<\/p>\n<div class=\"sc-80531b6b-0 chRIGJ container-text text-embed\">\n<p>El discurso se Macri se da en medio de la pol\u00e9mica entre el gobierno nacional y la Provincia de Buenos Aires por la crisis de inseguridad que se apoder\u00f3, sobre todo, del conurbano bonaerense. Macri ayer sostuvo que en PBA hab\u00eda una &#8220;inseguridad descontrolada&#8221;, pero tom\u00f3 distancia del pedido de renuncia e intervenci\u00f3n que lanz\u00f3 Milei y le reclam\u00f3 al mandatario bonaerense &#8220;que se haga cargo&#8221;.<\/p>\n<\/div>\n<div class=\"sc-80531b6b-0 chRIGJ container-text text-embed\">\n<p>&#8220;Coincido con el Presidente en que la provincia es una cat\u00e1strofe y lo venimos diciendo hace tiempo, lo sufrimos con nuestros polic\u00edas, con nuestros intendentes que gestionan ah\u00ed, nos cuentan lo que pasa, el esfuerzo que tienen que estar haciendo ellos, que Kicillof no se ocupa&#8221;, se\u00f1al\u00f3.<\/p>\n<\/div>\n<div class=\"sc-80531b6b-0 chRIGJ container-text text-embed\">\n<p>Despu\u00e9s de insistir que coincide con &#8220;el diagn\u00f3stico&#8221; del jefe del Estado, se diferenci\u00f3 en relaci\u00f3n con el pedido de renuncia e intervenci\u00f3n que solt\u00f3 Milei. &#8220;La soluci\u00f3n, lo que quiero, es que Kicillof se haga cargo, no quiero relevarlo de ninguna de sus responsabilidades, se present\u00f3, se supon\u00eda que iba a arreglar este problema, que se haga cargo y lo arregle. Lo dije siempre, la situaci\u00f3n de inseguridad est\u00e1 descontrolada en la Provincia&#8221;.<\/p>\n<\/div>\n<\/div>\n<p><br \/>\n<br \/><a href=\"https:\/\/www.clarin.com\/politica\/jorge-macri-inaugura-sesiones-ordinarias-legislatura-portena-guino-milei-criticas-gobernadores-dicen-ciudad-produce_0_P3G2BT44Q2.html\">Fuente Clarin.com <\/a><\/p>\n","protected":false},"excerpt":{"rendered":"<p>El jefe de Gobierno porte\u00f1o, Jorge Macri, inaugura las sesiones ordinarias de la Legislatura porte\u00f1a con un gui\u00f1o al presidente Javier Milei por &#8220;el buen trabajo que ha hecho&#8221; para &#8220;ordenar la macroeconom\u00eda&#8221; y apunt\u00f3 contra los gobernadores que dicen que la Ciudad &#8220;no produce nada&#8221;. &#8220;El buen trabajo que ha hecho el gobierno del [&hellip;]<\/p>\n","protected":false},"author":1,"featured_media":9124,"comment_status":"open","ping_status":"open","sticky":false,"template":"","format":"standard","meta":{"footnotes":""},"categories":[2],"tags":[984,2761,3814,2769,465,28,77,2520,10131],"class_list":["post-9123","post","type-post","status-publish","format-standard","has-post-thumbnail","hentry","category-ultimas-noticias","tag-ciudad","tag-criticas","tag-dicen","tag-gobernadores","tag-guino","tag-los","tag-milei","tag-nada","tag-produce"],"_links":{"self":[{"href":"https:\/\/13.com.ar\/index.php\/wp-json\/wp\/v2\/posts\/9123","targetHints":{"allow":["GET"]}}],"collection":[{"href":"https:\/\/13.com.ar\/index.php\/wp-json\/wp\/v2\/posts"}],"about":[{"href":"https:\/\/13.com.ar\/index.php\/wp-json\/wp\/v2\/types\/post"}],"author":[{"embeddable":true,"href":"https:\/\/13.com.ar\/index.php\/wp-json\/wp\/v2\/users\/1"}],"replies":[{"embeddable":true,"href":"https:\/\/13.com.ar\/index.php\/wp-json\/wp\/v2\/comments?post=9123"}],"version-history":[{"count":0,"href":"https:\/\/13.com.ar\/index.php\/wp-json\/wp\/v2\/posts\/9123\/revisions"}],"wp:featuredmedia":[{"embeddable":true,"href":"https:\/\/13.com.ar\/index.php\/wp-json\/wp\/v2\/media\/9124"}],"wp:attachment":[{"href":"https:\/\/13.com.ar\/index.php\/wp-json\/wp\/v2\/media?parent=9123"}],"wp:term":[{"taxonomy":"category","embeddable":true,"href":"https:\/\/13.com.ar\/index.php\/wp-json\/wp\/v2\/categories?post=9123"},{"taxonomy":"post_tag","embeddable":true,"href":"https:\/\/13.com.ar\/index.php\/wp-json\/wp\/v2\/tags?post=9123"}],"curies":[{"name":"wp","href":"https:\/\/api.w.org\/{rel}","templated":true}]}}