{"id":9115,"date":"2025-03-01T09:52:46","date_gmt":"2025-03-01T12:52:46","guid":{"rendered":"https:\/\/13.com.ar\/index.php\/evitan-comprometerse-al-fin-de-la-guerra\/"},"modified":"2025-03-01T09:52:46","modified_gmt":"2025-03-01T12:52:46","slug":"evitan-comprometerse-al-fin-de-la-guerra","status":"publish","type":"post","link":"https:\/\/13.com.ar\/index.php\/evitan-comprometerse-al-fin-de-la-guerra\/","title":{"rendered":"Evitan comprometerse al fin de la guerra"},"content":{"rendered":"<p> <br \/>\n<br \/><img decoding=\"async\" src=\"https:\/\/13.com.ar\/wp-content\/uploads\/2025\/03\/Evitan-comprometerse-al-fin-de-la-guerra.jpg\" \/><\/p>\n<div>\n<p>Uno de los portavoces de la organizaci\u00f3n terrorista Hamas, Hazem Qasem, confirm\u00f3 este s\u00e1bado en una entrevista con el canal de televisi\u00f3n Al Araby que el grupo islamista rechaza la propuesta de Israel de extender la primera fase del acuerdo del alto el fuego en la Franja de Gaza porque considera que, con esa medida, &#8220;evita comprometerse a poner fin a la guerra&#8221;.<\/p>\n<\/div>\n<div>\n<p>&#13;<br \/>\n&#8220;Prolongar la primera fase del acuerdo en el formato que Israel quiere es inaceptable para la organizaci\u00f3n&#8221;, dijo Qasem durante la entrevista.<\/p>\n<\/div>\n<div>\n<p>&#13;<br \/>\nLa primera fase del acuerdo de tregua, que entr\u00f3 en vigor el pasado 19 de enero, termina este s\u00e1bado despu\u00e9s de 42 d\u00edas durante los cuales Israel y Ham\u00e1s han intercambiado 33 rehenes (ocho de ellos muertos) por cerca de 1.800 presos palestinos.<\/p>\n<\/div>\n<div>\n<p>&#13;<br \/>\nSeg\u00fan el texto, ma\u00f1ana domingo deber\u00eda arrancar la segunda fase en la que Ham\u00e1s liberar\u00eda al resto de rehenes que todav\u00eda retiene e Israel excarcelar\u00eda a presos palestinos adem\u00e1s de retirar todas sus tropas de la Franja, incluido del corredor de Filadelfia, para dar paso al fin de la guerra.<\/p>\n<\/div>\n<div>\n<p>&#13;<br \/>\n&#8220;Israel busca devolver a los rehenes mientras conserva la opci\u00f3n de reanudar los combates en Gaza&#8221;, agreg\u00f3 el portavoz Qasem sobre la propuesta lanzada ayer en El Cairo por la delegaci\u00f3n israel\u00ed, y que despu\u00e9s difundieron fuentes egipcias a medios, de extender 42 d\u00edas m\u00e1s la primera fase y mantener simplemente los intercambios de rehenes por presos.<\/p>\n<\/div>\n<div>\n<p>&#13;<br \/>\nMedios israel\u00edes informaron ayer de que la delegaci\u00f3n israel\u00ed regres\u00f3 a Israel esta pasada noche y que la intenci\u00f3n era reanudar este s\u00e1bado las negociaciones sobre la fase dos de forma remota si bien Qassem asegur\u00f3 que &#8220;actualmente no hay conversaciones&#8221;.<\/p>\n<\/div>\n<div>\n<p>&#13;<br \/>\n&#8220;La ocupaci\u00f3n es responsable del fracaso en el inicio de las negociaciones sobre la segunda fase&#8221;, critic\u00f3.<\/p>\n<\/div>\n<div>\n<p>&#13;<br \/>\nEl primer ministro israel\u00ed, Benjam\u00edn Netanyahu, mantuvo esta pasada reuniones con diversos ministros y altos cargos de defensa para abordar el acuerdo de tregua, pese a que habitualmente no suele mantener encuentros de trabajo durante el sabath jud\u00edo (periodo de descanso).<\/p>\n<\/div>\n<div>\n<p>&#13;<br \/>\nDe momento, no han trascendido m\u00e1s detalles de esa reuni\u00f3n ni Israel se ha pronunciado sobre su postura respecto al futuro del acuerdo de alto el fuego en Gaza.<\/p>\n<\/div>\n<div>\n<p>Bassem Naieem, un alto cargo de Ham\u00e1s, insisti\u00f3 a EFE que &#8220;siguen comprometidos en implementar el acuerdo tal y como fue firmado por ambas partes&#8221; supervisado por los mediadores. <\/p>\n<\/div>\n<p><br \/>\n<br \/><a href=\"https:\/\/www.clarin.com\/mundo\/terroristas-hamas-rechazan-extender-alto-fuego-liberar-rehenes-culpan-israel-evitan-comprometerse-fin-guerra_0_psUcIsAszf.html\">Fuente Clarin.com <\/a><\/p>\n","protected":false},"excerpt":{"rendered":"<p>Uno de los portavoces de la organizaci\u00f3n terrorista Hamas, Hazem Qasem, confirm\u00f3 este s\u00e1bado en una entrevista con el canal de televisi\u00f3n Al Araby que el grupo islamista rechaza la propuesta de Israel de extender la primera fase del acuerdo del alto el fuego en la Franja de Gaza porque considera que, con esa medida, [&hellip;]<\/p>\n","protected":false},"author":1,"featured_media":9116,"comment_status":"open","ping_status":"open","sticky":false,"template":"","format":"standard","meta":{"footnotes":""},"categories":[2],"tags":[10126,10125,981,1864],"class_list":["post-9115","post","type-post","status-publish","format-standard","has-post-thumbnail","hentry","category-ultimas-noticias","tag-comprometerse","tag-evitan","tag-fin","tag-guerra"],"_links":{"self":[{"href":"https:\/\/13.com.ar\/index.php\/wp-json\/wp\/v2\/posts\/9115","targetHints":{"allow":["GET"]}}],"collection":[{"href":"https:\/\/13.com.ar\/index.php\/wp-json\/wp\/v2\/posts"}],"about":[{"href":"https:\/\/13.com.ar\/index.php\/wp-json\/wp\/v2\/types\/post"}],"author":[{"embeddable":true,"href":"https:\/\/13.com.ar\/index.php\/wp-json\/wp\/v2\/users\/1"}],"replies":[{"embeddable":true,"href":"https:\/\/13.com.ar\/index.php\/wp-json\/wp\/v2\/comments?post=9115"}],"version-history":[{"count":0,"href":"https:\/\/13.com.ar\/index.php\/wp-json\/wp\/v2\/posts\/9115\/revisions"}],"wp:featuredmedia":[{"embeddable":true,"href":"https:\/\/13.com.ar\/index.php\/wp-json\/wp\/v2\/media\/9116"}],"wp:attachment":[{"href":"https:\/\/13.com.ar\/index.php\/wp-json\/wp\/v2\/media?parent=9115"}],"wp:term":[{"taxonomy":"category","embeddable":true,"href":"https:\/\/13.com.ar\/index.php\/wp-json\/wp\/v2\/categories?post=9115"},{"taxonomy":"post_tag","embeddable":true,"href":"https:\/\/13.com.ar\/index.php\/wp-json\/wp\/v2\/tags?post=9115"}],"curies":[{"name":"wp","href":"https:\/\/api.w.org\/{rel}","templated":true}]}}