{"id":9101,"date":"2025-03-01T08:31:35","date_gmt":"2025-03-01T11:31:35","guid":{"rendered":"https:\/\/13.com.ar\/index.php\/en-un-congreso-repleto-de-faltazos-el-presidente-habla-en-cadena-nacional-para-abrir-la-sesiones-ordinarias\/"},"modified":"2025-03-01T08:31:35","modified_gmt":"2025-03-01T11:31:35","slug":"en-un-congreso-repleto-de-faltazos-el-presidente-habla-en-cadena-nacional-para-abrir-la-sesiones-ordinarias","status":"publish","type":"post","link":"https:\/\/13.com.ar\/index.php\/en-un-congreso-repleto-de-faltazos-el-presidente-habla-en-cadena-nacional-para-abrir-la-sesiones-ordinarias\/","title":{"rendered":"en un Congreso repleto de faltazos, el Presidente habla en cadena nacional para abrir la sesiones ordinarias"},"content":{"rendered":"<p> <br \/>\n<br \/><img decoding=\"async\" src=\"https:\/\/13.com.ar\/wp-content\/uploads\/2025\/03\/en-un-Congreso-repleto-de-faltazos-el-Presidente-habla-en.jpg\" \/><\/p>\n<p><h2>Jorge Macri tom\u00f3 distancia del pedido de renuncia de Milei y le reclama a Kicillof &#8220;que se haga cargo de la cat\u00e1strofe&#8221; en la Provincia<\/h2>\n<\/p>\n<div>\n<p>El jefe de Gobierno porte\u00f1o, Jorge Macri, advirti\u00f3 por la &#8220;inseguridad descontrolada&#8221; en la provincia de Buenos Aires y dijo que la situaci\u00f3n es una &#8220;cat\u00e1strofe&#8221;, pero tom\u00f3 distancia del pedido de renuncia e intervenci\u00f3n que lanz\u00f3 Milei y le reclam\u00f3 al mandatario bonaerense &#8220;que se haga cargo&#8221;.<\/p>\n<\/div>\n<div>\n<p>&#8220;Coincido con el Presidente en que la provincia es una cat\u00e1strofe y lo venimos diciendo hace tiempo, lo sufrimos con nuestros polic\u00edas, con nuestros intendentes que gestionan ah\u00ed, nos cuentan lo que pasa, el esfuerzo que tienen que estar haciendo ellos, que Kicillof no se ocupa&#8221;, se\u00f1al\u00f3 Macri en declaraciones a<em> CNN radio<\/em>.<\/p>\n<\/div>\n<div>\n<p>Despu\u00e9s de insistir que coincide con &#8220;el diagn\u00f3stico&#8221; del jefe del Estado, se diferenci\u00f3 en relaci\u00f3n con el pedido de renuncia e intervenci\u00f3n que solt\u00f3 Milei. &#8220;La soluci\u00f3n, lo que quiero, es <strong>que Kicillof se haga cargo, no quiero relevarlo de ninguna de sus responsabilidades<\/strong>, se present\u00f3, se supon\u00eda que iba a arreglar este problema, que se haga cargo y lo arregle. Lo dije siempre, la situaci\u00f3n de inseguridad est\u00e1 descontrolada en la Provincia&#8221;.<\/p>\n<\/div>\n<p><br \/>\n<br \/><a href=\"https:\/\/www.clarin.com\/politica\/javier-milei-medidas-vivo-congreso-repleto-faltazos-presidente-habla-cadena-nacional-abrir-sesiones-ordinarias_0_kr6c5TT6MR.html\">Fuente Clarin.com <\/a><\/p>\n","protected":false},"excerpt":{"rendered":"<p>Jorge Macri tom\u00f3 distancia del pedido de renuncia de Milei y le reclama a Kicillof &#8220;que se haga cargo de la cat\u00e1strofe&#8221; en la Provincia El jefe de Gobierno porte\u00f1o, Jorge Macri, advirti\u00f3 por la &#8220;inseguridad descontrolada&#8221; en la provincia de Buenos Aires y dijo que la situaci\u00f3n es una &#8220;cat\u00e1strofe&#8221;, pero tom\u00f3 distancia del [&hellip;]<\/p>\n","protected":false},"author":1,"featured_media":9102,"comment_status":"open","ping_status":"open","sticky":false,"template":"","format":"standard","meta":{"footnotes":""},"categories":[2],"tags":[5800,969,2010,10119,4563,2349,9184,16,135,10118,5754],"class_list":["post-9101","post","type-post","status-publish","format-standard","has-post-thumbnail","hentry","category-ultimas-noticias","tag-abrir","tag-cadena","tag-congreso","tag-faltazos","tag-habla","tag-nacional","tag-ordinarias","tag-para","tag-presidente","tag-repleto","tag-sesiones"],"_links":{"self":[{"href":"https:\/\/13.com.ar\/index.php\/wp-json\/wp\/v2\/posts\/9101","targetHints":{"allow":["GET"]}}],"collection":[{"href":"https:\/\/13.com.ar\/index.php\/wp-json\/wp\/v2\/posts"}],"about":[{"href":"https:\/\/13.com.ar\/index.php\/wp-json\/wp\/v2\/types\/post"}],"author":[{"embeddable":true,"href":"https:\/\/13.com.ar\/index.php\/wp-json\/wp\/v2\/users\/1"}],"replies":[{"embeddable":true,"href":"https:\/\/13.com.ar\/index.php\/wp-json\/wp\/v2\/comments?post=9101"}],"version-history":[{"count":0,"href":"https:\/\/13.com.ar\/index.php\/wp-json\/wp\/v2\/posts\/9101\/revisions"}],"wp:featuredmedia":[{"embeddable":true,"href":"https:\/\/13.com.ar\/index.php\/wp-json\/wp\/v2\/media\/9102"}],"wp:attachment":[{"href":"https:\/\/13.com.ar\/index.php\/wp-json\/wp\/v2\/media?parent=9101"}],"wp:term":[{"taxonomy":"category","embeddable":true,"href":"https:\/\/13.com.ar\/index.php\/wp-json\/wp\/v2\/categories?post=9101"},{"taxonomy":"post_tag","embeddable":true,"href":"https:\/\/13.com.ar\/index.php\/wp-json\/wp\/v2\/tags?post=9101"}],"curies":[{"name":"wp","href":"https:\/\/api.w.org\/{rel}","templated":true}]}}