{"id":9099,"date":"2025-03-01T08:28:29","date_gmt":"2025-03-01T11:28:29","guid":{"rendered":"https:\/\/13.com.ar\/index.php\/esto-nunca-habia-sucedido-con-un-presidente-estadounidense\/"},"modified":"2025-03-01T08:28:29","modified_gmt":"2025-03-01T11:28:29","slug":"esto-nunca-habia-sucedido-con-un-presidente-estadounidense","status":"publish","type":"post","link":"https:\/\/13.com.ar\/index.php\/esto-nunca-habia-sucedido-con-un-presidente-estadounidense\/","title":{"rendered":"Esto nunca hab\u00eda sucedido con un presidente estadounidense"},"content":{"rendered":"<p> <br \/>\n<br \/><img decoding=\"async\" src=\"https:\/\/13.com.ar\/wp-content\/uploads\/2025\/03\/Esto-nunca-habia-sucedido-con-un-presidente-estadounidense.jpg\" \/><\/p>\n<div id=\"cuerpo\">\n<div class=\"sc-80531b6b-0 chRIGJ container-text text-embed\">\n<p>Lo que ocurri\u00f3 en la Oficina Oval el viernes \u2014la emboscada obviamente planeada por el presidente <strong>Donald Trump<\/strong> y el vicepresidente <strong>JD Vance<\/strong> contra el presidente ucraniano <strong>Volodymyr Zelensky<\/strong>\u2014 fue algo que nunca hab\u00eda sucedido en los casi <strong>250 a\u00f1os de historia<\/strong> de este pa\u00eds: <\/p>\n<\/div>\n<div class=\"sc-80531b6b-0 chRIGJ container-text text-embed\">\n<p>en una gran guerra en Europa, nuestro presidente claramente se puso del lado del agresor, el dictador y el invasor contra el dem\u00f3crata, el luchador por la libertad y el invadido.<\/p>\n<\/div>\n<div class=\"sc-80531b6b-0 chRIGJ container-text text-embed\">\n<p>Imaginen que cuando el primer ministro israel\u00ed, <strong>Benjamin Netanyahu<\/strong>, lleg\u00f3 a la Casa Blanca en febrero, Trump y Vance le dijeron que la guerra con Hamas hab\u00eda durado demasiado, se hab\u00edan perdido demasiadas vidas y le estaba costando demasiado dinero a Estados Unidos, por lo que era hora de que Bibi y el pueblo israel\u00ed hicieran un trato con el agresor de Hamas.<\/p>\n<\/div>\n<div class=\"sc-80531b6b-0 chRIGJ container-text text-embed\">\n<p>Porque Rusia le hizo a Ucrania el 24 de febrero de 2022 lo que Ham\u00e1s le hizo a Israel el 7 de octubre de 2023: <\/p>\n<\/div>\n<div class=\"sc-80531b6b-0 chRIGJ container-text text-embed\">\n<p>una invasi\u00f3n sorpresa, asesinatos y la consiguiente violencia sexual para causar destrucci\u00f3n en otra naci\u00f3n y su sociedad. <\/p>\n<\/div>\n<div class=\"sc-80531b6b-0 chRIGJ container-text text-embed\">\n<p>Trump se puso del lado de Bibi al 110% contra Ham\u00e1s, y ahora se pone del lado de Putin al 110% contra Zelensky y Ucrania.<\/p>\n<\/div>\n<div class=\"sc-80531b6b-0 chRIGJ container-text text-embed\">\n<p>Es dif\u00edcil expresar lo que esto supone en la pol\u00edtica exterior estadounidense.<\/p>\n<\/div>\n<div class=\"sc-80531b6b-0 chRIGJ container-text text-embed\">\n<p>Estuvimos del lado de la libertad y de quienes luchan por ella en todo el mundo. <\/p>\n<\/div>\n<div class=\"sc-80531b6b-0 chRIGJ container-text text-embed\">\n<p>Hay momentos en que las fuerzas aislacionistas de nuestra poblaci\u00f3n nos han frenado y hemos tenido que ser persuadidos. <\/p>\n<\/div>\n<div class=\"sc-80531b6b-0 chRIGJ container-text text-embed\">\n<p>Ha habido momentos en que, en apoyo de la causa m\u00e1s amplia de la libertad, contra enemigos peligrosos como la Alemania nazi y la Uni\u00f3n Sovi\u00e9tica, hemos tenido que <strong>alinearnos temporalmente con dictadores<\/strong>.<\/p>\n<\/div>\n<div class=\"sc-80531b6b-0 chRIGJ container-text text-embed\">\n<p>Pero no recuerdo una sola vez en que un presidente de Estados Unidos haya declarado que el l\u00edder democr\u00e1ticamente elegido de un pa\u00eds que preserva la libertad era un \u201cdictador\u201d que inici\u00f3 la guerra con su vecino, cuando en realidad fue el cruel dictador vecino el que inici\u00f3 la guerra.<\/p>\n<\/div>\n<div class=\"sc-80531b6b-0 chRIGJ container-text text-embed\">\n<p>Si escuchamos a Trump, todo lo que hemos hecho por Ucrania es puro altruismo. <\/p>\n<\/div>\n<div class=\"sc-80531b6b-0 chRIGJ container-text text-embed\">\n<p>No tenemos ning\u00fan inter\u00e9s real en su destino ni en el triunfo de la libertad all\u00ed. <\/p>\n<\/div>\n<div class=\"sc-80531b6b-0 chRIGJ container-text text-embed\">\n<p>No tenemos ning\u00fan inter\u00e9s real en el hecho de que Ucrania est\u00e9 protegiendo a la Uni\u00f3n Europea, una gigantesca alianza proestadounidense de mercados libres y personas libres.<\/p>\n<\/div>\n<div class=\"sc-80531b6b-0 chRIGJ container-text text-embed\">\n<p>A Trump no le importa en absoluto lo que suceda con la UE o con Ucrania. <\/p>\n<\/div>\n<div class=\"sc-80531b6b-0 chRIGJ container-text text-embed\">\n<p>Lo \u00fanico que importa es que Zelenskyy diga \u201c<strong>gracias\u201d m\u00e1s alto<\/strong> por nuestro altruismo y que, en medio de su guerra por la supervivencia, nos ceda una generaci\u00f3n de la<strong> riqueza mineral <\/strong>de Ucrania.<\/p>\n<\/div>\n<div class=\"sc-80531b6b-0 chRIGJ container-text text-embed\">\n<p>Se trata de una perversi\u00f3n total de la pol\u00edtica exterior estadounidense practicada por todos los presidentes desde la Primera Guerra Mundial. <\/p>\n<\/div>\n<div class=\"sc-80531b6b-0 chRIGJ container-text text-embed\">\n<p>Compatriotas estadounidenses, nos encontramos en aguas completamente desconocidas, liderados por un presidente que&#8230; bueno, no puedo creer que sea un agente ruso, pero seguro que interpreta a uno en la televisi\u00f3n.<\/p>\n<\/div>\n<div class=\"sc-80531b6b-0 chRIGJ container-text text-embed\">\n<p><strong>c.2025 The New York Times Company<\/strong><\/p>\n<\/div>\n<\/div>\n<p><br \/>\n<br \/><a href=\"https:\/\/www.clarin.com\/new-york-times-international-weekly\/sucedido-presidente-estadounidense_0_r2ESFpyvSZ.html\">Fuente Clarin.com <\/a><\/p>\n","protected":false},"excerpt":{"rendered":"<p>Lo que ocurri\u00f3 en la Oficina Oval el viernes \u2014la emboscada obviamente planeada por el presidente Donald Trump y el vicepresidente JD Vance contra el presidente ucraniano Volodymyr Zelensky\u2014 fue algo que nunca hab\u00eda sucedido en los casi 250 a\u00f1os de historia de este pa\u00eds: en una gran guerra en Europa, nuestro presidente claramente se [&hellip;]<\/p>\n","protected":false},"author":1,"featured_media":9100,"comment_status":"open","ping_status":"open","sticky":false,"template":"","format":"standard","meta":{"footnotes":""},"categories":[2],"tags":[18,3100,1386,822,87,135,10117],"class_list":["post-9099","post","type-post","status-publish","format-standard","has-post-thumbnail","hentry","category-ultimas-noticias","tag-con","tag-estadounidense","tag-esto","tag-habia","tag-nunca","tag-presidente","tag-sucedido"],"_links":{"self":[{"href":"https:\/\/13.com.ar\/index.php\/wp-json\/wp\/v2\/posts\/9099","targetHints":{"allow":["GET"]}}],"collection":[{"href":"https:\/\/13.com.ar\/index.php\/wp-json\/wp\/v2\/posts"}],"about":[{"href":"https:\/\/13.com.ar\/index.php\/wp-json\/wp\/v2\/types\/post"}],"author":[{"embeddable":true,"href":"https:\/\/13.com.ar\/index.php\/wp-json\/wp\/v2\/users\/1"}],"replies":[{"embeddable":true,"href":"https:\/\/13.com.ar\/index.php\/wp-json\/wp\/v2\/comments?post=9099"}],"version-history":[{"count":0,"href":"https:\/\/13.com.ar\/index.php\/wp-json\/wp\/v2\/posts\/9099\/revisions"}],"wp:featuredmedia":[{"embeddable":true,"href":"https:\/\/13.com.ar\/index.php\/wp-json\/wp\/v2\/media\/9100"}],"wp:attachment":[{"href":"https:\/\/13.com.ar\/index.php\/wp-json\/wp\/v2\/media?parent=9099"}],"wp:term":[{"taxonomy":"category","embeddable":true,"href":"https:\/\/13.com.ar\/index.php\/wp-json\/wp\/v2\/categories?post=9099"},{"taxonomy":"post_tag","embeddable":true,"href":"https:\/\/13.com.ar\/index.php\/wp-json\/wp\/v2\/tags?post=9099"}],"curies":[{"name":"wp","href":"https:\/\/api.w.org\/{rel}","templated":true}]}}