{"id":9097,"date":"2025-03-01T08:22:33","date_gmt":"2025-03-01T11:22:33","guid":{"rendered":"https:\/\/13.com.ar\/index.php\/una-nota-manuscrita-inedita-confirma-la-relacion-epistolar-entre-unamuno-y-h-g\/"},"modified":"2025-03-01T08:22:33","modified_gmt":"2025-03-01T11:22:33","slug":"una-nota-manuscrita-inedita-confirma-la-relacion-epistolar-entre-unamuno-y-h-g","status":"publish","type":"post","link":"https:\/\/13.com.ar\/index.php\/una-nota-manuscrita-inedita-confirma-la-relacion-epistolar-entre-unamuno-y-h-g\/","title":{"rendered":"Una nota manuscrita in\u00e9dita confirma la relaci\u00f3n epistolar entre Unamuno y H.G."},"content":{"rendered":"<p> <br \/>\n<\/p>\n<div id=\"cuerpo\">\n<div class=\"sc-80531b6b-0 chRIGJ container-text text-embed\">\n<p>La <strong>Unidad de Cultura Cient\u00edfica de la Universidad de Salamanca<\/strong> ha hallado, mientras preparaba una exposici\u00f3n para 2026, una nota manuscrita que, seg\u00fan los investigadores, confirma la relaci\u00f3n epistolar entre <strong>el escritor espa\u00f1ol Miguel de Unamuno y el novelista brit\u00e1nico H.G. Wells.<\/strong><\/p>\n<\/div>\n<div class=\"sc-198be8ec-0 cynXbu image-embed  image-embed \"><picture class=\"sc-198be8ec-1 kOjRiQ\"><source media=\"(min-width: 975px)\" width=\"720\" height=\"480\" \/><img alt=\"El escritor espa\u00f1ol Miguel de Unamuno y el novelista brit\u00e1nico H.G. Wells. Archivo Clar\u00edn.\" loading=\"lazy\" width=\"720\" height=\"480\" decoding=\"async\" data-nimg=\"1\" style=\"color:transparent\" src=\"https:\/\/13.com.ar\/wp-content\/uploads\/2025\/03\/Una-nota-manuscrita-inedita-confirma-la-relacion-epistolar-entre-Unamuno.jpg\"\/><span class=\"epigraphe\">El escritor espa\u00f1ol Miguel de Unamuno y el novelista brit\u00e1nico H.G. Wells. Archivo Clar\u00edn.<\/span><span class=\"bkg\"\/><span class=\"picture-open\"><button class=\"open-image\" aria-label=\"Open Image\"\/><\/span><\/picture><\/div>\n<div class=\"sc-80531b6b-0 chRIGJ container-text text-embed\">\n<p>La nota, presentada ante los medios en la <strong>Casa-Museo Unamuno de Salamanca<\/strong>, consta de <strong>dos cuartillas de papel blanco<\/strong>, est\u00e1 escrita a mano en ingl\u00e9s y contiene una invitaci\u00f3n personal de Wells al fil\u00f3sofo espa\u00f1ol para<strong> cenar en su residencia de Londres el viernes 28 de febrero de 1936<\/strong> y despu\u00e9s asistir juntos a la proyecci\u00f3n de la pel\u00edcula <em>Things to Come<\/em>, que estaba basada en una de sus obras y cuyo guion era suyo.<\/p>\n<\/div>\n<div class=\"sc-80531b6b-0 chRIGJ container-text text-embed\">\n<p>&#8220;Sugerimos que entre ambos escritores probablemente<strong> existi\u00f3 una comunicaci\u00f3n m\u00e1s o menos fluida y sostenida en el tiempo<\/strong>, que desgraciadamente no nos ha llegado completa&#8221;, indic\u00f3 la investigadora Marta Garc\u00eda.<\/p>\n<\/div>\n<div class=\"sc-80531b6b-0 chRIGJ container-text text-embed\">\n<p>El equipo de la Casa-Museo Unamuno verific\u00f3 que, adem\u00e1s del intercambio de correspondencia entre ambos intelectuales,<strong> se enviaron libros,<\/strong> como confirma una misiva de la secretaria personal del novelista brit\u00e1nico.<\/p>\n<\/div>\n<div class=\"sc-80531b6b-0 chRIGJ container-text text-embed\">\n<p>&#8220;Este hallazgo nos muestra <strong>la perspectiva m\u00e1s humana de Unamuno<\/strong> y la consideraci\u00f3n que despertaba en las figuras culturales de m\u00e1s alto nivel europeo. Es un descubrimiento que lo mantiene m\u00e1s vivo y lo muestra m\u00e1s actual&#8221;, destac\u00f3 Garc\u00eda sobre el rector perpetuo de la Universidad de Salamanca, la m\u00e1s antigua de Espa\u00f1a y una de las m\u00e1s prestigiosas.<\/p>\n<\/div>\n<p><h2>\u00bfFue Unamuno a la cita con Wells?<\/h2>\n<\/p>\n<div class=\"sc-80531b6b-0 chRIGJ container-text text-embed\">\n<p>Wells invit\u00f3 a Unamuno a cenar en su casa aquel viernes 28 de febrero de 1936 aprovechando que <strong>el escritor espa\u00f1ol estaba en Londres<\/strong> para recibir el t\u00edtulo de Doctor Honoris Causa por la Universidad de Oxford.<\/p>\n<\/div>\n<div class=\"sc-80531b6b-0 chRIGJ container-text text-embed\">\n<p>En esa convocatoria incluy\u00f3 despu\u00e9s<strong> la propuesta de ver la pel\u00edcula<\/strong> junto a la baronesa Budberg, escritora rusa, y a William Ralph Inge, te\u00f3logo y fil\u00f3sofo brit\u00e1nico, en el Teatro Leicester Square.<\/p>\n<\/div>\n<div class=\"sc-80531b6b-0 chRIGJ container-text text-embed\">\n<p>&#8220;Era inusual que una persona de esa relevancia le enviara una nota manuscrita a alguien. Eso era porque <strong>ya hab\u00eda una relaci\u00f3n previa <\/strong>y cre\u00eda que iba a acudir, y m\u00e1s en compa\u00f1\u00eda de personas tan destacadas&#8221;, apunt\u00f3 el director del Servicio de Producci\u00f3n e Innovaci\u00f3n Digital de la USAL, Ra\u00fal Rivas.<\/p>\n<\/div>\n<div class=\"sc-80531b6b-0 chRIGJ container-text text-embed\">\n<p>Los investigadores no han hallado registros directos que confirmen la asistencia de Unamuno al encuentro, pero aseguran que <strong>&#8220;s\u00ed existen indicios de que acudi\u00f3&#8221;<\/strong>, como un poema escrito por el intelectual espa\u00f1ol al despedirse de Londres que contiene referencias relacionadas con el tema de la pel\u00edcula, o un art\u00edculo del diario <em>El Sol<\/em> en el que <strong>se menciona la invitaci\u00f3n al cine dando a entender que el escritor s\u00ed fue.<\/strong><\/p>\n<\/div>\n<p><h2>Unamuno y la comunidad intelectual internacional<\/h2>\n<\/p>\n<div class=\"sc-80531b6b-0 chRIGJ container-text text-embed\">\n<p>En 1924, Wells escribi\u00f3 un art\u00edculo en la prensa londinense en el que <strong>mostraba su apoyo a Unamuno tras su destierro,<\/strong> con el t\u00edtulo &#8216;El caso Unamuno&#8217;; y en el que se refer\u00eda al intelectual espa\u00f1ol como &#8220;gran escritor y profesor, exrector de la Universidad de Salamanca y hombre de indiscutible preeminencia&#8221;.<\/p>\n<\/div>\n<div class=\"sc-80531b6b-0 chRIGJ container-text text-embed\">\n<p>Unamuno, <strong>considerado uno de los escritores m\u00e1s importantes de la llamada Generaci\u00f3n del 98<\/strong>, fue desterrado en 1924 a la isla canaria de Fuerteventura (Atl\u00e1ntico), tras publicar unos escritos en contra del entonces rey Alfonso XIII y del Directorio Militar de Primo de Rivera.<\/p>\n<\/div>\n<div class=\"sc-198be8ec-0 cynXbu image-embed  image-embed \"><picture class=\"sc-198be8ec-1 kOjRiQ\"><source media=\"(min-width: 975px)\" width=\"720\" height=\"480\" \/><img alt=\"La Unidad de Cultura Cient\u00edfica de la Universidad de Salamanca exhibe la nota in\u00e9dita. Foto: Twitter.\" loading=\"lazy\" width=\"720\" height=\"480\" decoding=\"async\" data-nimg=\"1\" style=\"color:transparent\" src=\"https:\/\/13.com.ar\/wp-content\/uploads\/2025\/03\/1740828153_292_Una-nota-manuscrita-inedita-confirma-la-relacion-epistolar-entre-Unamuno.jpg\"\/><span class=\"epigraphe\">La Unidad de Cultura Cient\u00edfica de la Universidad de Salamanca exhibe la nota in\u00e9dita. Foto: Twitter.<\/span><span class=\"bkg\"\/><span class=\"picture-open\"><button class=\"open-image\" aria-label=\"Open Image\"\/><\/span><\/picture><\/div>\n<div class=\"sc-80531b6b-0 chRIGJ container-text text-embed\">\n<p>Los investigadores destacan que todos estos &#8220;indicios&#8221; de la relaci\u00f3n entre Unamuno y Wells<strong> ampl\u00edan el conocimiento sobre la vasta red de contactos del espa\u00f1ol con intelectuales de todo el mundo<\/strong> y reafirman su inter\u00e9s por el avance cient\u00edfico y tecnol\u00f3gico, as\u00ed como su implicaci\u00f3n en los grandes debates del siglo XX.<\/p>\n<\/div>\n<div class=\"sc-80531b6b-0 chRIGJ container-text text-embed\">\n<p>La nota manuscrita y el resto de &#8220;tesoros&#8221; que est\u00e1n recabando los equipos podr\u00e1n observarse de cerca en la exposici\u00f3n prevista para 2026 sobre la relaci\u00f3n entre Unamuno y la Ciencia.<\/p>\n<\/div>\n<\/div>\n<p><br \/>\n<br \/><a href=\"https:\/\/www.clarin.com\/cultura\/nota-manuscrita-inedita-confirma-relacion-epistolar-unamuno-hg_0_2V3AXWokw9.html\">Fuente Clarin.com <\/a><\/p>\n","protected":false},"excerpt":{"rendered":"<p>La Unidad de Cultura Cient\u00edfica de la Universidad de Salamanca ha hallado, mientras preparaba una exposici\u00f3n para 2026, una nota manuscrita que, seg\u00fan los investigadores, confirma la relaci\u00f3n epistolar entre el escritor espa\u00f1ol Miguel de Unamuno y el novelista brit\u00e1nico H.G. Wells. El escritor espa\u00f1ol Miguel de Unamuno y el novelista brit\u00e1nico H.G. Wells. Archivo [&hellip;]<\/p>\n","protected":false},"author":1,"featured_media":9098,"comment_status":"open","ping_status":"open","sticky":false,"template":"","format":"standard","meta":{"footnotes":""},"categories":[2],"tags":[4520,351,10114,10116,10113,10112,7725,365,73,10115],"class_list":["post-9097","post","type-post","status-publish","format-standard","has-post-thumbnail","hentry","category-ultimas-noticias","tag-confirma","tag-entre","tag-epistolar","tag-h-g","tag-inedita","tag-manuscrita","tag-nota","tag-relacion","tag-una","tag-unamuno"],"_links":{"self":[{"href":"https:\/\/13.com.ar\/index.php\/wp-json\/wp\/v2\/posts\/9097","targetHints":{"allow":["GET"]}}],"collection":[{"href":"https:\/\/13.com.ar\/index.php\/wp-json\/wp\/v2\/posts"}],"about":[{"href":"https:\/\/13.com.ar\/index.php\/wp-json\/wp\/v2\/types\/post"}],"author":[{"embeddable":true,"href":"https:\/\/13.com.ar\/index.php\/wp-json\/wp\/v2\/users\/1"}],"replies":[{"embeddable":true,"href":"https:\/\/13.com.ar\/index.php\/wp-json\/wp\/v2\/comments?post=9097"}],"version-history":[{"count":0,"href":"https:\/\/13.com.ar\/index.php\/wp-json\/wp\/v2\/posts\/9097\/revisions"}],"wp:featuredmedia":[{"embeddable":true,"href":"https:\/\/13.com.ar\/index.php\/wp-json\/wp\/v2\/media\/9098"}],"wp:attachment":[{"href":"https:\/\/13.com.ar\/index.php\/wp-json\/wp\/v2\/media?parent=9097"}],"wp:term":[{"taxonomy":"category","embeddable":true,"href":"https:\/\/13.com.ar\/index.php\/wp-json\/wp\/v2\/categories?post=9097"},{"taxonomy":"post_tag","embeddable":true,"href":"https:\/\/13.com.ar\/index.php\/wp-json\/wp\/v2\/tags?post=9097"}],"curies":[{"name":"wp","href":"https:\/\/api.w.org\/{rel}","templated":true}]}}