{"id":9095,"date":"2025-03-01T08:19:41","date_gmt":"2025-03-01T11:19:41","guid":{"rendered":"https:\/\/13.com.ar\/index.php\/donde-disfrutar-de-este-evento-gratuito\/"},"modified":"2025-03-01T08:19:41","modified_gmt":"2025-03-01T11:19:41","slug":"donde-disfrutar-de-este-evento-gratuito","status":"publish","type":"post","link":"https:\/\/13.com.ar\/index.php\/donde-disfrutar-de-este-evento-gratuito\/","title":{"rendered":"d\u00f3nde disfrutar de este evento gratuito"},"content":{"rendered":"<p> <br \/>\n<br \/><img decoding=\"async\" src=\"https:\/\/13.com.ar\/wp-content\/uploads\/2025\/03\/donde-disfrutar-de-este-evento-gratuito.jpg\" \/><\/p>\n<div>\n<p>La<strong> cultura vasca<\/strong> tiene una historia profunda en <strong>Argentina<\/strong>, y cada a\u00f1o se celebra con una gran fiesta donde la <strong>gastronom\u00eda, la m\u00fasica y las tradiciones <\/strong>toman protagonismo. Este evento es una oportunidad \u00fanica para sumergirse en la identidad de Euskadi sin salir del pa\u00eds, en un ambiente festivo y al aire libre.<\/p>\n<\/div>\n<div>\n<p>Este a\u00f1o, la Fiesta Vasca se realizar\u00e1 el pr\u00f3ximo <strong>s\u00e1bado 15 de marzo <\/strong>en el Espacio Recreativo Centro Basko Euzko Etxea, ubicado en el barrio Los Porte\u00f1os de City Bell. Con entrada libre y gratuita, promete ser un plan ideal para disfrutar con amigos, en pareja o en familia, ese fin de semana.<\/p>\n<\/div>\n<div>\n<p>El evento contar\u00e1 con un completo corredor gastron\u00f3mico donde se podr\u00e1n degustar especialidades vascas como<strong> tortillas, cazuelas, paella y postres t\u00edpicos, acompa\u00f1ados de sidra<\/strong>. Tambi\u00e9n habr\u00e1 opciones para los m\u00e1s chicos con un men\u00fa infantil pensado especialmente para ellos.<\/p>\n<\/div>\n<div>\n<p>Adem\u00e1s de la comida, quienes asistan podr\u00e1n recorrer diversas exhibiciones culturales que muestran la identidad y las costumbres del Pa\u00eds Vasco a trav\u00e9s de objetos, muestras y narraciones hist\u00f3ricas.<\/p>\n<\/div>\n<div>\n<p>La jornada estar\u00e1 acompa\u00f1ada por espect\u00e1culos en vivo con <strong>danzas y m\u00fasica tradicional<\/strong>, una forma vibrante de conocer la riqueza cultural de esta comunidad. Los asistentes podr\u00e1n disfrutar de presentaciones art\u00edsticas en un escenario pensado para la ocasi\u00f3n.<\/p>\n<\/div>\n<div>\n<p>El Centro Basko Euzko Etxea es la instituci\u00f3n encargada de organizar este evento y tiene como objetivo principal mantener vivas las costumbres y tradiciones del Pa\u00eds Vasco. Adem\u00e1s de fomentar la cultura vasca, promueve la literatura y el v\u00ednculo con otras asociaciones dentro y fuera del pa\u00eds. <\/p>\n<\/div>\n<p><br \/>\n<br \/><a href=\"https:\/\/www.clarin.com\/informacion-general\/fiesta-vasca-shows-comidas-tradicionales-exhibiciones-disfrutar-evento-gratuito_0_sogTNpbin8.html\">Fuente Clarin.com <\/a><\/p>\n","protected":false},"excerpt":{"rendered":"<p>La cultura vasca tiene una historia profunda en Argentina, y cada a\u00f1o se celebra con una gran fiesta donde la gastronom\u00eda, la m\u00fasica y las tradiciones toman protagonismo. Este evento es una oportunidad \u00fanica para sumergirse en la identidad de Euskadi sin salir del pa\u00eds, en un ambiente festivo y al aire libre. Este a\u00f1o, [&hellip;]<\/p>\n","protected":false},"author":1,"featured_media":9096,"comment_status":"open","ping_status":"open","sticky":false,"template":"","format":"standard","meta":{"footnotes":""},"categories":[2],"tags":[2493,743,139,751,4097],"class_list":["post-9095","post","type-post","status-publish","format-standard","has-post-thumbnail","hentry","category-ultimas-noticias","tag-disfrutar","tag-donde","tag-este","tag-evento","tag-gratuito"],"_links":{"self":[{"href":"https:\/\/13.com.ar\/index.php\/wp-json\/wp\/v2\/posts\/9095","targetHints":{"allow":["GET"]}}],"collection":[{"href":"https:\/\/13.com.ar\/index.php\/wp-json\/wp\/v2\/posts"}],"about":[{"href":"https:\/\/13.com.ar\/index.php\/wp-json\/wp\/v2\/types\/post"}],"author":[{"embeddable":true,"href":"https:\/\/13.com.ar\/index.php\/wp-json\/wp\/v2\/users\/1"}],"replies":[{"embeddable":true,"href":"https:\/\/13.com.ar\/index.php\/wp-json\/wp\/v2\/comments?post=9095"}],"version-history":[{"count":0,"href":"https:\/\/13.com.ar\/index.php\/wp-json\/wp\/v2\/posts\/9095\/revisions"}],"wp:featuredmedia":[{"embeddable":true,"href":"https:\/\/13.com.ar\/index.php\/wp-json\/wp\/v2\/media\/9096"}],"wp:attachment":[{"href":"https:\/\/13.com.ar\/index.php\/wp-json\/wp\/v2\/media?parent=9095"}],"wp:term":[{"taxonomy":"category","embeddable":true,"href":"https:\/\/13.com.ar\/index.php\/wp-json\/wp\/v2\/categories?post=9095"},{"taxonomy":"post_tag","embeddable":true,"href":"https:\/\/13.com.ar\/index.php\/wp-json\/wp\/v2\/tags?post=9095"}],"curies":[{"name":"wp","href":"https:\/\/api.w.org\/{rel}","templated":true}]}}