{"id":9093,"date":"2025-03-01T08:16:30","date_gmt":"2025-03-01T11:16:30","guid":{"rendered":"https:\/\/13.com.ar\/index.php\/repercusiones-tras-la-liberacion-de-exportaciones-de-vacunos-en-pie-luego-de-50-anos\/"},"modified":"2025-03-01T08:16:30","modified_gmt":"2025-03-01T11:16:30","slug":"repercusiones-tras-la-liberacion-de-exportaciones-de-vacunos-en-pie-luego-de-50-anos","status":"publish","type":"post","link":"https:\/\/13.com.ar\/index.php\/repercusiones-tras-la-liberacion-de-exportaciones-de-vacunos-en-pie-luego-de-50-anos\/","title":{"rendered":"Repercusiones tras la liberaci\u00f3n de exportaciones de vacunos en pie, luego de 50 a\u00f1os"},"content":{"rendered":"<p> <br \/>\n<br \/><img decoding=\"async\" src=\"https:\/\/13.com.ar\/wp-content\/uploads\/2025\/03\/Repercusiones-tras-la-liberacion-de-exportaciones-de-vacunos-en-pie.jpg\" \/><\/p>\n<div id=\"cuerpo\">\n<div class=\"sc-80531b6b-0 chRIGJ container-text text-embed\">\n<p>El gobierno nacional derog\u00f3 una norma que prohibi\u00f3 <strong>exportar vacunos en pie para faena<\/strong> durante m\u00e1s de 50 a\u00f1os y la medida gener\u00f3 <strong>repercusiones en la cadena de la carne<\/strong>, en general positivas.<\/p>\n<\/div>\n<div class=\"sc-80531b6b-0 chRIGJ container-text text-embed\">\n<p>Se oficializ\u00f3 a trav\u00e9s del <strong>decreto 133\/2025<\/strong>, en el cual se plantea el objetivo de \u201casegurar la vigencia efectiva de un sistema econ\u00f3mico basado en decisiones libres en todo el territorio nacional, adoptadas en un \u00e1mbito de libre concurrencia\u201d.<\/p>\n<\/div>\n<div class=\"sc-80531b6b-0 chRIGJ container-text text-embed\">\n<p>La medida fue comunicada por la Secretar\u00eda de Agricultura, Ganader\u00eda y Pesca, tras el decreto firmado este mi\u00e9rcoles por el presidente Javier Milei y el ministro de Econom\u00eda, Luis Caputo, que dej\u00f3 sin efecto el <strong>decreto 322\/1973<\/strong>, planteado como \u201ctemporal\u201d en un momento de desabastecimiento.<\/p>\n<\/div>\n<div class=\"sc-80531b6b-0 chRIGJ container-text text-embed\">\n<p>El ministro de Desregulaci\u00f3n y Transformaci\u00f3n del Estado, Federico Sturzenegger poste\u00f3 en X que el decreto 133\/25 <strong>\u201cabre un sinf\u00edn de nuevos mercados para el sector ganadero de nuestro pa\u00eds\u201d<\/strong>. Y puntualiz\u00f3 que \u201cla mayor\u00eda de los pa\u00edses ganaderos lo permiten (92 pa\u00edses exportan ganado en pie). El monstruo del mercado mundial es Australia con barcos que cargan 30.000 cabezas, con los cuales se abastece el mercado asi\u00e1tico. <strong>Australia, Francia y Canad\u00e1\u0301 exportan cada uno m\u00e1s de 1000 millones de d\u00f3lares por a\u00f1o de ganado en pie.<\/strong><\/p>\n<\/div>\n<div class=\"sc-80531b6b-0 chRIGJ container-text text-embed\">\n<p>Tambi\u00e9n puso en consideraci\u00f3n que \u201cen nuestra regi\u00f3n, <strong>Uruguay exporta 250.000 cabezas por a\u00f1o y Brasil 750.000\u2033<\/strong>.<\/p>\n<\/div>\n<div class=\"sc-80531b6b-0 chRIGJ container-text text-embed\">\n<p>Un detalle que tuvo en cuenta Sturzenegger es que \u201cel ganado en pie, adem\u00e1s, es importante porque <strong>es un producto buscado por sociedades que tienen m\u00e9todos particulares de faena (Turqu\u00eda, por ejemplo, no faena animales castrados)<\/strong>. Excluirnos gratuitamente de esos mercados es un sinsentido\u201d.<\/p>\n<\/div>\n<div class=\"sc-80531b6b-0 chRIGJ container-text text-embed\">\n<p>El presidente de la Sociedad Rural Argentina (SRA), <strong>Nicol\u00e1s Pino<\/strong>, opin\u00f3 que \u201ces algo positivo para el sector\u201d. Consider\u00f3 que \u201cestas iniciativas, cuando impactan en el mercado, son <strong>un avance hacia la normalizacio\u0301n de las actividades productivas<\/strong>, permitiendo una mayor competitividad para los productores y una integracio\u0301n ma\u0301s eficiente de los mercados internacionales\u201d.<\/p>\n<\/div>\n<div class=\"sc-80531b6b-0 chRIGJ container-text text-embed\">\n<p>El titular del Consorcio de Exportadores ABC, <strong>Mario Ravettino<\/strong>, coincidi\u00f3 en la valorizaci\u00f3n positiva, en el marco del proceso de desregulaci\u00f3n que est\u00e1 haciendo el Gobierno desde que asumi\u00f3, como la quita de las trabas a la exportaci\u00f3n y cupos. Pero destac\u00f3 puntos a tener en cuenta a la hora de avanzar con la venta a los diferentes pa\u00edses, como la <strong>aceptaci\u00f3n de los cortes de carnes y la ponderaci\u00f3n de las retenciones seg\u00fan el valor agregado.<\/strong><\/p>\n<\/div>\n<div class=\"sc-80531b6b-0 chRIGJ container-text text-embed\">\n<p>Para representantes de la industria frigor\u00edfica enfocada al mercado interno, el impacto de esta medida ser\u00eda claramente negativo.<strong> &#8220;Me parece una locura&#8221;<\/strong>, afirm\u00f3 <strong>Leonardo Rafael,<\/strong> presidente de la C\u00e1mara Argentina de Matarifes y Abastecedores (Camya). Consider\u00f3 que \u201cla falta de oferta de ganado podr\u00eda provocar un aumento en los costos de producci\u00f3n, lo que podr\u00eda generar alzas en el precio de la carne para el consumidor final. Esto no solo afectar\u00eda a la industria frigor\u00edfica, sino tambi\u00e9n a la econom\u00eda en general y a la capacidad adquisitiva de los argentinos&#8221;.<\/p>\n<\/div>\n<div class=\"sc-80531b6b-0 chRIGJ container-text text-embed\">\n<p>Vale la pena tener en cuenta la repercusi\u00f3n que gener\u00f3 el tema en Uruguay. El consultor sobre ganados y carnes <strong>Rafael Tard\u00e1guila<\/strong>, referente sobre el tema en todo el Mercosur, puso en consideraci\u00f3n que Uruguay tendr\u00e1 ahora un competidor. Pero con su habitual visi\u00f3n, advirti\u00f3 que <strong>puede ayudar a equilibrar entre las exportaciones de cortes vacunos y el ganado<\/strong> que el vecino pa\u00eds exporta a Turqu\u00eda y a otros pa\u00edses.<\/p>\n<\/div>\n<\/div>\n<p><br \/>\n<br \/><a href=\"https:\/\/www.clarin.com\/rural\/repercusiones-liberacion-exportaciones-vacunos-pie-luego-50-anos_0_ylumMTUSOf.html\">Fuente Clarin.com <\/a><\/p>\n","protected":false},"excerpt":{"rendered":"<p>El gobierno nacional derog\u00f3 una norma que prohibi\u00f3 exportar vacunos en pie para faena durante m\u00e1s de 50 a\u00f1os y la medida gener\u00f3 repercusiones en la cadena de la carne, en general positivas. Se oficializ\u00f3 a trav\u00e9s del decreto 133\/2025, en el cual se plantea el objetivo de \u201casegurar la vigencia efectiva de un sistema [&hellip;]<\/p>\n","protected":false},"author":1,"featured_media":9094,"comment_status":"open","ping_status":"open","sticky":false,"template":"","format":"standard","meta":{"footnotes":""},"categories":[2],"tags":[636,1614,2284,1875,128,10111,312,4805],"class_list":["post-9093","post","type-post","status-publish","format-standard","has-post-thumbnail","hentry","category-ultimas-noticias","tag-anos","tag-exportaciones","tag-liberacion","tag-luego","tag-pie","tag-repercusiones","tag-tras","tag-vacunos"],"_links":{"self":[{"href":"https:\/\/13.com.ar\/index.php\/wp-json\/wp\/v2\/posts\/9093","targetHints":{"allow":["GET"]}}],"collection":[{"href":"https:\/\/13.com.ar\/index.php\/wp-json\/wp\/v2\/posts"}],"about":[{"href":"https:\/\/13.com.ar\/index.php\/wp-json\/wp\/v2\/types\/post"}],"author":[{"embeddable":true,"href":"https:\/\/13.com.ar\/index.php\/wp-json\/wp\/v2\/users\/1"}],"replies":[{"embeddable":true,"href":"https:\/\/13.com.ar\/index.php\/wp-json\/wp\/v2\/comments?post=9093"}],"version-history":[{"count":0,"href":"https:\/\/13.com.ar\/index.php\/wp-json\/wp\/v2\/posts\/9093\/revisions"}],"wp:featuredmedia":[{"embeddable":true,"href":"https:\/\/13.com.ar\/index.php\/wp-json\/wp\/v2\/media\/9094"}],"wp:attachment":[{"href":"https:\/\/13.com.ar\/index.php\/wp-json\/wp\/v2\/media?parent=9093"}],"wp:term":[{"taxonomy":"category","embeddable":true,"href":"https:\/\/13.com.ar\/index.php\/wp-json\/wp\/v2\/categories?post=9093"},{"taxonomy":"post_tag","embeddable":true,"href":"https:\/\/13.com.ar\/index.php\/wp-json\/wp\/v2\/tags?post=9093"}],"curies":[{"name":"wp","href":"https:\/\/api.w.org\/{rel}","templated":true}]}}