{"id":9087,"date":"2025-03-01T07:34:33","date_gmt":"2025-03-01T10:34:33","guid":{"rendered":"https:\/\/13.com.ar\/index.php\/anora-el-brutalista-conclave-que-pelicula-gana-el-domingo\/"},"modified":"2025-03-01T07:34:33","modified_gmt":"2025-03-01T10:34:33","slug":"anora-el-brutalista-conclave-que-pelicula-gana-el-domingo","status":"publish","type":"post","link":"https:\/\/13.com.ar\/index.php\/anora-el-brutalista-conclave-que-pelicula-gana-el-domingo\/","title":{"rendered":"\u00bfAnora? \u00bfEl brutalista? \u00bfC\u00f3nclave? \u00bfQu\u00e9 pel\u00edcula gana el domingo?"},"content":{"rendered":"<p> <br \/>\n<\/p>\n<div id=\"cuerpo\">\n<div class=\"sc-80531b6b-0 chRIGJ container-text text-embed\">\n<p>Tal vez haya pocas ediciones del Oscar en las que se llegue a un d\u00eda antes de la entrega del premio de la Academia de Hollywood sin tener en boca de todos, especialistas, cr\u00edticos y cin\u00e9filos, al ganador a la mejor pel\u00edcula.<\/p>\n<\/div>\n<div class=\"sc-80531b6b-0 chRIGJ container-text text-embed\">\n<p>\u00bfEs que ninguna descuella, o el nivel fue muy parejo? \u00bfNinguna descuella porque ninguna es excelente, y el nivel es parejo, pero para abajo y no para arriba?<\/p>\n<\/div>\n<div class=\"sc-80531b6b-0 chRIGJ container-text text-embed\">\n<p>Un a\u00f1o como el que se premi\u00f3 en la edici\u00f3n anterior, que ten\u00eda una favorita clara, como <em>Oppenheimer <\/em>(7 estatuillas sobre 13 nominaciones) no es f\u00e1cil de repetir. Pr\u00e1cticamente todas las pel\u00edculas candidatas, las 10, eran muy buenas. Pero este domingo 2 de marzo la frutilla del postre, el \u00faltimo de los 23 rubros en anunciarse, parece peleado hasta el final.<\/p>\n<\/div>\n<div class=\"sc-80531b6b-0 chRIGJ container-text text-embed\">\n<p>Cada cual tendr\u00e1 su favorita. Pero repasemos c\u00f3mo comenz\u00f3 esta \u201ctemporada de premios\u201d y c\u00f3mo estamos ahora, a horas de que el Dolby Theatre, como desde el a\u00f1o 2002, empiece a recibir a los invitados y a los candidatos.<\/p>\n<\/div>\n<div class=\"sc-198be8ec-0 cynXbu image-embed  image-embed \"><picture class=\"sc-198be8ec-1 kOjRiQ\"><source media=\"(min-width: 975px)\" width=\"720\" height=\"480\" \/><img alt=\"Primero se posicionaba &quot;El brutalista&quot;, pero luego lo hizo &quot;Anora&quot;. Y no hay que descartar a &quot;C\u00f3nclave&quot;. Fotos Archivo Clar\u00edn\" loading=\"lazy\" width=\"720\" height=\"480\" decoding=\"async\" data-nimg=\"1\" style=\"color:transparent\" src=\"https:\/\/13.com.ar\/wp-content\/uploads\/2025\/03\/\u00bfAnora-\u00bfEl-brutalista-\u00bfConclave-\u00bfQue-pelicula-gana-el-domingo.jpg\"\/><span class=\"epigraphe\">Primero se posicionaba &#8220;El brutalista&#8221;, pero luego lo hizo &#8220;Anora&#8221;. Y no hay que descartar a &#8220;C\u00f3nclave&#8221;. Fotos Archivo Clar\u00edn<\/span><span class=\"bkg\"\/><span class=\"picture-open\"><button class=\"open-image\" aria-label=\"Open Image\"\/><\/span><\/picture><\/div>\n<p><h2>Arranque de temporada de premios<\/h2>\n<\/p>\n<div class=\"sc-80531b6b-0 chRIGJ container-text text-embed\">\n<p>La temporada arranc\u00f3 con los desprestigiados Globo de Oro, que como saben, desdobla premios para llenar con m\u00e1s estrellas las mesas del sal\u00f3n del hotel Beverly Hilton. Los dramas van por un lado (con sus actores) y las comedias y musicales, por el otro. <strong><em>El brutalista<\/em><\/strong> gan\u00f3 como mejor drama, direcci\u00f3n y actor protag\u00f3nico (Adrien Brody). <strong><em>Emilia P\u00e9rez<\/em><\/strong> se llev\u00f3 una estatuilla m\u00e1s, ya que result\u00f3 mejor comedia o musical, filme en lengua no inglesa, actriz de reparto para Zoe Salda\u00f1a y canci\u00f3n (<em>El Mal<\/em>).<\/p>\n<\/div>\n<div class=\"sc-80531b6b-0 chRIGJ container-text text-embed\">\n<p>No, no pregunten por <strong><em>Anora<\/em><\/strong>, porque no gan\u00f3 en ninguno de los 5 premios a los que aspiraba.<\/p>\n<\/div>\n<div class=\"sc-80531b6b-0 chRIGJ container-text text-embed\">\n<p>Todo esto fue d\u00edas ante del anuncio de las candidaturas al Oscar.<\/p>\n<\/div>\n<div class=\"sc-198be8ec-0 cynXbu image-embed  image-embed \"><picture class=\"sc-198be8ec-1 kOjRiQ\"><source media=\"(min-width: 975px)\" width=\"720\" height=\"480\" \/><img alt=\"Adrien Brody pic\u00f3 en punta al ganar el Globo de oro al mejor actor dram\u00e1tico. Solo Timoth\u00e9e Chalamet, por &quot;Un completo desconocido&quot; le har\u00eda fuerza en el Oscar. Foto Reuters&#10;\" loading=\"lazy\" width=\"720\" height=\"480\" decoding=\"async\" data-nimg=\"1\" style=\"color:transparent\" src=\"https:\/\/13.com.ar\/wp-content\/uploads\/2025\/03\/1740825273_160_\u00bfAnora-\u00bfEl-brutalista-\u00bfConclave-\u00bfQue-pelicula-gana-el-domingo.jpg\"\/><span class=\"epigraphe\">Adrien Brody pic\u00f3 en punta al ganar el Globo de oro al mejor actor dram\u00e1tico. Solo Timoth\u00e9e Chalamet, por &#8220;Un completo desconocido&#8221; le har\u00eda fuerza en el Oscar. Foto Reuters<br \/>\n<\/span><span class=\"bkg\"\/><span class=\"picture-open\"><button class=\"open-image\" aria-label=\"Open Image\"\/><\/span><\/picture><\/div>\n<div class=\"sc-80531b6b-0 chRIGJ container-text text-embed\">\n<p>All\u00ed, el musical de Jaques Audiard se impon\u00eda con sus 13 nominaciones, 3 m\u00e1s que <em>El brutalista<\/em>. <em>Anora,<\/em> de Sean Baker, que gan\u00f3 la Palma de Oro en Cannes, aparec\u00eda con 6. <strong><em>C\u00f3nclave<\/em><\/strong>, de Edward Berger (el verdugo alem\u00e1n de <em>Argentina, 1985<\/em>, con <em>Sin novedad en el frente<\/em> hace dos a\u00f1os) obten\u00eda 8.<\/p>\n<\/div>\n<div class=\"sc-80531b6b-0 chRIGJ container-text text-embed\">\n<p>Para hacerla corta: con el devenir de los premios (el BAFTA, que entrega la Academia de Cine brit\u00e1nica, los Critics Choice Awards -que en un futuro no muy lejano deber\u00edan desterrar a los Golden Globe entre los premios de la cr\u00edtica-, y los de los Sindicatos de directores, productores y actores iban a premiar todo diferente.<\/p>\n<\/div>\n<div class=\"sc-80531b6b-0 chRIGJ container-text text-embed\">\n<p>Hace muchos a\u00f1os se dec\u00eda que el Globo de Oro era la antesala del Oscar. La diferencia en el n\u00famero de votantes se hizo abismal: <strong>hoy son alrededor de 100 contra casi 10.000, y ese 1% no significa nada<\/strong>.<\/p>\n<\/div>\n<div class=\"sc-198be8ec-0 cynXbu image-embed  image-embed \"><picture class=\"sc-198be8ec-1 kOjRiQ\"><source media=\"(min-width: 975px)\" width=\"720\" height=\"480\" \/><img alt=\"Adriana Paz, Edgar Ram\u00edrez, Selena Gomez, Jacques Audiard, Karla Sof\u00eda Gasc\u00f3n y Zoe Salda\u00f1a, cuando todo eran sonrisas. Foto Reuters\" loading=\"lazy\" width=\"720\" height=\"480\" decoding=\"async\" data-nimg=\"1\" style=\"color:transparent\" src=\"https:\/\/13.com.ar\/wp-content\/uploads\/2025\/03\/1740825273_918_\u00bfAnora-\u00bfEl-brutalista-\u00bfConclave-\u00bfQue-pelicula-gana-el-domingo.jpg\"\/><span class=\"epigraphe\">Adriana Paz, Edgar Ram\u00edrez, Selena Gomez, Jacques Audiard, Karla Sof\u00eda Gasc\u00f3n y Zoe Salda\u00f1a, cuando todo eran sonrisas. Foto Reuters<\/span><span class=\"bkg\"\/><span class=\"picture-open\"><button class=\"open-image\" aria-label=\"Open Image\"\/><\/span><\/picture><\/div>\n<p><h2>Y se suman &#8220;Anora&#8221; y &#8220;C\u00f3nclave&#8221;<\/h2>\n<\/p>\n<div class=\"sc-80531b6b-0 chRIGJ container-text text-embed\">\n<p>Y es m\u00e1s: como ninguno de los que vota el Globo de Oro vota en los Oscar, no hay representatividad, y, claro, el aval que tienen los miembros de la industria vot\u00e1ndose a s\u00ed mismos deber\u00eda dar una idea de por d\u00f3nde ir\u00e1n los ganadores de la Academia el domingo.<\/p>\n<\/div>\n<div class=\"sc-80531b6b-0 chRIGJ container-text text-embed\">\n<p>\u00bfY qu\u00e9 votaron, ya que dijimos que fue todo distinto en cuanto a pel\u00edcula? Los Critics Choice y los sindicatos de directores y productores, a <em>Anora<\/em>. El BAFTA y el Sindicato de actores (que elige el mejor elenco, no la mejor pel\u00edcula), a <em>C\u00f3nclave<\/em>&#8230;<\/p>\n<\/div>\n<div class=\"sc-80531b6b-0 chRIGJ container-text text-embed\">\n<p>De todas maneras, como muchas de las premiaciones debieron alterar sus fechas debido a los voraces incendios que azotaron Hollywood y zonas aleda\u00f1as, sus premios no llegaron a influenciar en los votantes del Oscar. Tanto los Spirit Awards como los SAG (int\u00e9rpretes) se dieron a conocer despu\u00e9s de que cerra la recepci\u00f3n de votos para el Oscar.<\/p>\n<\/div>\n<div class=\"sc-198be8ec-0 cynXbu image-embed  image-embed \"><picture class=\"sc-198be8ec-1 kOjRiQ\"><source media=\"(min-width: 975px)\" width=\"720\" height=\"480\" \/><img alt=\"Timoth\u00e9e Chalamet con el premio SAG a la interpretaci\u00f3n destacada de un actor masculino en un papel protagonista. \u00bfRepetir\u00e1 ma\u00f1ana? Foto EFE\" loading=\"lazy\" width=\"720\" height=\"480\" decoding=\"async\" data-nimg=\"1\" style=\"color:transparent\" src=\"https:\/\/13.com.ar\/wp-content\/uploads\/2025\/03\/1740825273_916_\u00bfAnora-\u00bfEl-brutalista-\u00bfConclave-\u00bfQue-pelicula-gana-el-domingo.jpg\"\/><span class=\"epigraphe\">Timoth\u00e9e Chalamet con el premio SAG a la interpretaci\u00f3n destacada de un actor masculino en un papel protagonista. \u00bfRepetir\u00e1 ma\u00f1ana? Foto EFE<\/span><span class=\"bkg\"\/><span class=\"picture-open\"><button class=\"open-image\" aria-label=\"Open Image\"\/><\/span><\/picture><\/div>\n<div class=\"sc-80531b6b-0 chRIGJ container-text text-embed\">\n<p>O sea que si alg\u00fan votante quiso guiarse por lo que eleg\u00edan los actores en esos rubros, no pudo hacerlo. Igual, los triunfos de Timoth\u00e9e Chalamet (<em>Un completo desconocido<\/em>), Demi Moore (<em>La sustancia<\/em>), Kieran Culkin (<em>Un dolor real<\/em>) y Zoe Salda\u00f1a (<em>Emilia P\u00e9rez<\/em>) da un p\u00e1lpito de por d\u00f3nde ir\u00edan los ganadores ma\u00f1ana, ya que la masa societaria de actores es la que m\u00e1s miembros tiene entre los de la Academia de Hollywood habilitados para votar.<\/p>\n<\/div>\n<p><h2>Los argentinos candidatos<\/h2>\n<\/p>\n<div class=\"sc-80531b6b-0 chRIGJ container-text text-embed\">\n<p>Hay dos argentinos entre los nominados al Oscar, pero no podr\u00e1 darse lo de dos premios argentinos, porque da la casualidad que competir\u00e1n entre s\u00ed. Son <strong>Pablo Helman<\/strong> (cuarta nominaci\u00f3n por efectos visuales, este a\u00f1o, por <em>Wicked)<\/em> y Nelson Sep\u00falveda-Fauser (segunda, ya que comparti\u00f3 con Helman la de <em>El irland\u00e9s<\/em>; ahora candidato por <em>Alien: Romulus<\/em>), pero parece que el Oscar se lo lleva otra pel\u00edcula, <em>Duna: Parte Dos<\/em>.<\/p>\n<\/div>\n<div class=\"sc-80531b6b-0 chRIGJ container-text text-embed\">\n<p>El anfitri\u00f3n de la gala ser\u00e1 el comediante Conan O&#8217;Brien, que releva a Jimmy Kimmel. Es otra figura de talk shows nocturnos. Empez\u00f3 como guionista en programas como <em>Saturday Night Live<\/em> y<em> Los Simpson<\/em>, y salt\u00f3 a la fama 1993, cuando comenz\u00f3 a conducir <em>Late Night with Conan O&#8217;Brien<\/em> en la cadena NBC.<\/p>\n<\/div>\n<div class=\"sc-198be8ec-0 cynXbu image-embed  image-embed \"><picture class=\"sc-198be8ec-1 kOjRiQ\"><source media=\"(min-width: 975px)\" width=\"720\" height=\"480\" \/><img alt=\"Conan O' Brien, de guionista de &quot;Saturday Night Live&quot; y &quot;Los Simpson&quot; a conducir la 97\u00b0 entrega de los Oscar. \" loading=\"lazy\" width=\"720\" height=\"480\" decoding=\"async\" data-nimg=\"1\" style=\"color:transparent\" src=\"https:\/\/13.com.ar\/wp-content\/uploads\/2025\/03\/1740825273_669_\u00bfAnora-\u00bfEl-brutalista-\u00bfConclave-\u00bfQue-pelicula-gana-el-domingo.jpg\"\/><span class=\"epigraphe\">Conan O&#8217; Brien, de guionista de &#8220;Saturday Night Live&#8221; y &#8220;Los Simpson&#8221; a conducir la 97\u00b0 entrega de los Oscar. <\/span><span class=\"bkg\"\/><span class=\"picture-open\"><button class=\"open-image\" aria-label=\"Open Image\"\/><\/span><\/picture><\/div>\n<div class=\"sc-80531b6b-0 chRIGJ container-text text-embed\">\n<p>Como sea, varios de los candidatos se llevar\u00e1n, si no una estatuilla a sus hogares, una bolsa con regalos.<\/p>\n<\/div>\n<div class=\"sc-80531b6b-0 chRIGJ container-text text-embed\">\n<p>os 25 nominados de las categor\u00edas interpretativas y de direcci\u00f3n de esta edici\u00f3n de los Oscar recibir\u00e1n un paquete de regalos diversos y exclusivos que van desde una liposucci\u00f3n a productos de lujo para el cuidado de la piel o estad\u00edas en resorts exclusivos. Recibir\u00e1n &#8220;una bolsa de regalo de seis cifras (o sea, de un valor superior a los US$ 100.000) destinada a mimar, deleitar e inspirar&#8230; independientemente de si se llevan o no a casa esa ic\u00f3nica estatuilla de oro&#8221;, seg\u00fan el comunicado emitido por Distinctive Assets, la empresa de marketing encargada de estos presentes.<\/p>\n<\/div>\n<div class=\"sc-80531b6b-0 chRIGJ container-text text-embed\">\n<p>Cyntia Erivo y Ariana Grande tal vez no ganen, pero no se ir\u00e1n con las manos vac\u00edas.<\/p>\n<\/div>\n<\/div>\n<p><br \/>\n<br \/><a href=\"https:\/\/www.clarin.com\/espectaculos\/oscar-2025-anora-brutalista-conclave-pelicula-gana-domingo_0_080qCDXhEQ.html\">Fuente Clarin.com <\/a><\/p>\n","protected":false},"excerpt":{"rendered":"<p>Tal vez haya pocas ediciones del Oscar en las que se llegue a un d\u00eda antes de la entrega del premio de la Academia de Hollywood sin tener en boca de todos, especialistas, cr\u00edticos y cin\u00e9filos, al ganador a la mejor pel\u00edcula. \u00bfEs que ninguna descuella, o el nivel fue muy parejo? \u00bfNinguna descuella porque [&hellip;]<\/p>\n","protected":false},"author":1,"featured_media":9088,"comment_status":"open","ping_status":"open","sticky":false,"template":"","format":"standard","meta":{"footnotes":""},"categories":[2],"tags":[8856,4447,1477,2845,3655,90,286],"class_list":["post-9087","post","type-post","status-publish","format-standard","has-post-thumbnail","hentry","category-ultimas-noticias","tag-anora","tag-brutalista","tag-conclave","tag-domingo","tag-gana","tag-pelicula","tag-que"],"_links":{"self":[{"href":"https:\/\/13.com.ar\/index.php\/wp-json\/wp\/v2\/posts\/9087","targetHints":{"allow":["GET"]}}],"collection":[{"href":"https:\/\/13.com.ar\/index.php\/wp-json\/wp\/v2\/posts"}],"about":[{"href":"https:\/\/13.com.ar\/index.php\/wp-json\/wp\/v2\/types\/post"}],"author":[{"embeddable":true,"href":"https:\/\/13.com.ar\/index.php\/wp-json\/wp\/v2\/users\/1"}],"replies":[{"embeddable":true,"href":"https:\/\/13.com.ar\/index.php\/wp-json\/wp\/v2\/comments?post=9087"}],"version-history":[{"count":0,"href":"https:\/\/13.com.ar\/index.php\/wp-json\/wp\/v2\/posts\/9087\/revisions"}],"wp:featuredmedia":[{"embeddable":true,"href":"https:\/\/13.com.ar\/index.php\/wp-json\/wp\/v2\/media\/9088"}],"wp:attachment":[{"href":"https:\/\/13.com.ar\/index.php\/wp-json\/wp\/v2\/media?parent=9087"}],"wp:term":[{"taxonomy":"category","embeddable":true,"href":"https:\/\/13.com.ar\/index.php\/wp-json\/wp\/v2\/categories?post=9087"},{"taxonomy":"post_tag","embeddable":true,"href":"https:\/\/13.com.ar\/index.php\/wp-json\/wp\/v2\/tags?post=9087"}],"curies":[{"name":"wp","href":"https:\/\/api.w.org\/{rel}","templated":true}]}}