{"id":9083,"date":"2025-03-01T07:22:35","date_gmt":"2025-03-01T10:22:35","guid":{"rendered":"https:\/\/13.com.ar\/index.php\/pese-al-derrape-la-industria-respira\/"},"modified":"2025-03-01T07:22:35","modified_gmt":"2025-03-01T10:22:35","slug":"pese-al-derrape-la-industria-respira","status":"publish","type":"post","link":"https:\/\/13.com.ar\/index.php\/pese-al-derrape-la-industria-respira\/","title":{"rendered":"Pese al derrape, la industria respira"},"content":{"rendered":"<p> <br \/>\n<br \/><img decoding=\"async\" src=\"https:\/\/13.com.ar\/wp-content\/uploads\/2025\/03\/Pese-al-derrape-la-industria-respira.jpg\" \/><\/p>\n<div id=\"cuerpo\">\n<div class=\"sc-80531b6b-0 chRIGJ container-text text-embed\">\n<p>No hay manera de minimizar el <strong>baj\u00f3n industrial <\/strong>del 2023-24, ni el que durante a\u00f1os lo precedi\u00f3: los perjudicados lo saben de punta a punta y el propio INDEC, el instituto de estad\u00edsticas oficial, lo ha puesto clarito en cifras. En el corto plazo, <strong>desde mayo del 23, el sector acumula 19 meses barranca abajo<\/strong>, 6 de ellos con rojos que superaron el 10% y 2 con 20,1% y 20,7% negativos.<\/p>\n<\/div>\n<div class=\"sc-80531b6b-0 chRIGJ container-text text-embed\">\n<p>Para mayor abundancia, esos n\u00fameros que canta el estimador mensual del INDEC se replican en el \u00edndice de producci\u00f3n industrial: dice 18 meses consecutivos bajo cero desde junio del 23 y dibuja, en continuado, <strong>un PBI fabril flaco cuyo antecedente m\u00e1s cercano es de hace 8 a\u00f1os<\/strong>. A elecci\u00f3n del consumidor: 8 a\u00f1os de estancamiento industrial o de retroceso industrial u 8 a\u00f1os viendo pasar el tren.<\/p>\n<\/div>\n<div class=\"sc-80531b6b-0 chRIGJ container-text text-embed\">\n<p>A\u00fan as\u00ed, en el mar de datos existe un par que en alg\u00fan sentido salvan la ropa oficial y que, en el mismo sentido, sirven para probar que la industria todav\u00eda respira. Anotan <strong>repuntes del 6,7% y el 8,4% en diciembre de 2024, que entusiasman a los generalmente entusiastas voceros del mileismo.<\/strong><\/p>\n<\/div>\n<div class=\"sc-80531b6b-0 chRIGJ container-text text-embed\">\n<p>Detr\u00e1s del ventarr\u00f3n quedan los costos digamos directos, crudos y duros de estos a\u00f1os. Uno se\u00f1ala que entre noviembre 2024 y noviembre 2025 en la industria se perdieron 25.200 puestos de trabajo registrados, en blanco y con salarios de paritarias. La cifra trepa a 87.000, si la referencia es 2015 y salta a impresionantes 98.060 empleos contra octubre de 2013, el pico de la serie.<\/p>\n<\/div>\n<div class=\"sc-80531b6b-0 chRIGJ container-text text-embed\">\n<p>Inevitablemente n\u00fameros otra vez, el panorama de bajas laborales de noviembre 24 a noviembre 25 anota 7.500 en la metalmec\u00e1nica; 8.500 en textiles y confecciones y 2.900 en el sector automotor. Esto es, malo o menos malo. Y notable, en medio del desbarajuste, que en alimentos y bebidas se crearan alrededor de 5.700 empleos.<\/p>\n<\/div>\n<div class=\"sc-80531b6b-0 chRIGJ container-text text-embed\">\n<p>Ah\u00ed mismo en vivo y en directo tenemos un registro bien visible, libre de relatos, de c\u00f3mo anda la actividad industrial, generalmente asociada a la econom\u00eda productiva y al progreso de las naciones. Seg\u00fan empresarios del sector, al interior de ese cuadro y de la p\u00e9rdida de competitividad de la industria pesan la<strong> presi\u00f3n impositiva, los d\u00e9ficits de la infraestructura, cierta competencia desigual con los bienes importados y, finalmente, la carga de los costos.<\/strong><\/p>\n<\/div>\n<div class=\"sc-80531b6b-0 chRIGJ container-text text-embed\">\n<p>Habr\u00eda que agregar a la lista el impacto de un factor que cae directamente en el campo empresario y los especialistas definen como \u201cactualizaci\u00f3n e inversi\u00f3n tecnol\u00f3gicas insuficientes\u201d. Visto a trav\u00e9s de sus consecuencias, equivaldr\u00eda a \u201cca\u00edda de la productividad a niveles de hace unos cuantos a\u00f1os\u201d.<\/p>\n<\/div>\n<div class=\"sc-80531b6b-0 chRIGJ container-text text-embed\">\n<p>En cualquier caso, la industria es todav\u00eda la actividad de mayor peso en la econom\u00eda, con alrededor del 19% del valor agregado, contra el 13% del comercio mayorista y minorista y algo m\u00e1s del 3% de la construcci\u00f3n. Todo eso junto en ca\u00edda, as\u00ed no se trate de grandes ca\u00eddas, explica que en 2024 el PBI hubiese retrocedido un 1,8%.<\/p>\n<\/div>\n<div class=\"sc-80531b6b-0 chRIGJ container-text text-embed\">\n<p>Nada que se diga estimulante, por otra parte. <strong>Con el 1,8% de 2024 la econom\u00eda suma 7 a\u00f1os en baja de los \u00faltimos 17 y, medida en precios constantes, vuelve a los niveles del 2011<\/strong>. Si se prefiere, sigue clavada de hecho en el lugar en que estaba hace 13 a\u00f1os o baja 8% por habitante desde 2011.<\/p>\n<\/div>\n<div class=\"sc-80531b6b-0 chRIGJ container-text text-embed\">\n<p>Justamente el 2011 es considerado por la mayor parte de los especialistas como el a\u00f1o en que la econom\u00eda argentina se atasc\u00f3 y, por eso, desde entonces el grueso de los indicadores se compara con los de 2011. Por ejemplo, que desde 2011 no se crea m\u00e1s empleo o se planch\u00f3 la inversi\u00f3n.<\/p>\n<\/div>\n<div class=\"sc-80531b6b-0 chRIGJ container-text text-embed\">\n<p>Lo cierto, finalmente, es que si uno se gu\u00eda por las estad\u00edsticas del PBI tenemos lo m\u00e1s parecido a una econom\u00eda que va de tumbo en tumbo. Durante 2024 todos los registros del INDEC dieron negativos, aunque en magnitudes bastante diferentes: 5,2% en el primer trimestre, 1,7% en el segundo y 2,1% en el tercero.<\/p>\n<\/div>\n<div class=\"sc-80531b6b-0 chRIGJ container-text text-embed\">\n<p>Nada hay all\u00ed que alimente, seriamente, la idea de que \u201cla recuperaci\u00f3n sigue siendo sostenida\u201d, pero existen quienes baten el parche del crecimiento y la estabilizaci\u00f3n. Y quienes, en plan freezer, recomiendan guiarse por el derrape del consumo, o sea, por el baj\u00f3n del 11% acumulado por las ventas en supermercados en el mismo 2024 o el menos 15% de los autoservicios mayoristas.<\/p>\n<\/div>\n<div class=\"sc-80531b6b-0 chRIGJ container-text text-embed\">\n<p>Consejo cripto: \u201cHagan juego, se\u00f1ores\u201d.<\/p>\n<\/div>\n<\/div>\n<p><br \/>\n<br \/><a href=\"https:\/\/www.clarin.com\/economia\/pese-derrape-industria-respira_0_9TmHzo5htm.html\">Fuente Clarin.com <\/a><\/p>\n","protected":false},"excerpt":{"rendered":"<p>No hay manera de minimizar el baj\u00f3n industrial del 2023-24, ni el que durante a\u00f1os lo precedi\u00f3: los perjudicados lo saben de punta a punta y el propio INDEC, el instituto de estad\u00edsticas oficial, lo ha puesto clarito en cifras. En el corto plazo, desde mayo del 23, el sector acumula 19 meses barranca abajo, [&hellip;]<\/p>\n","protected":false},"author":1,"featured_media":9084,"comment_status":"open","ping_status":"open","sticky":false,"template":"","format":"standard","meta":{"footnotes":""},"categories":[2],"tags":[4700,5007,2015,10107],"class_list":["post-9083","post","type-post","status-publish","format-standard","has-post-thumbnail","hentry","category-ultimas-noticias","tag-derrape","tag-industria","tag-pese","tag-respira"],"_links":{"self":[{"href":"https:\/\/13.com.ar\/index.php\/wp-json\/wp\/v2\/posts\/9083","targetHints":{"allow":["GET"]}}],"collection":[{"href":"https:\/\/13.com.ar\/index.php\/wp-json\/wp\/v2\/posts"}],"about":[{"href":"https:\/\/13.com.ar\/index.php\/wp-json\/wp\/v2\/types\/post"}],"author":[{"embeddable":true,"href":"https:\/\/13.com.ar\/index.php\/wp-json\/wp\/v2\/users\/1"}],"replies":[{"embeddable":true,"href":"https:\/\/13.com.ar\/index.php\/wp-json\/wp\/v2\/comments?post=9083"}],"version-history":[{"count":0,"href":"https:\/\/13.com.ar\/index.php\/wp-json\/wp\/v2\/posts\/9083\/revisions"}],"wp:featuredmedia":[{"embeddable":true,"href":"https:\/\/13.com.ar\/index.php\/wp-json\/wp\/v2\/media\/9084"}],"wp:attachment":[{"href":"https:\/\/13.com.ar\/index.php\/wp-json\/wp\/v2\/media?parent=9083"}],"wp:term":[{"taxonomy":"category","embeddable":true,"href":"https:\/\/13.com.ar\/index.php\/wp-json\/wp\/v2\/categories?post=9083"},{"taxonomy":"post_tag","embeddable":true,"href":"https:\/\/13.com.ar\/index.php\/wp-json\/wp\/v2\/tags?post=9083"}],"curies":[{"name":"wp","href":"https:\/\/api.w.org\/{rel}","templated":true}]}}