{"id":9081,"date":"2025-03-01T06:25:29","date_gmt":"2025-03-01T09:25:29","guid":{"rendered":"https:\/\/13.com.ar\/index.php\/a-que-hora-habla-javier-milei-en-la-apertura-de-sesiones-ordinarias-del-congreso-2025\/"},"modified":"2025-03-01T06:25:29","modified_gmt":"2025-03-01T09:25:29","slug":"a-que-hora-habla-javier-milei-en-la-apertura-de-sesiones-ordinarias-del-congreso-2025","status":"publish","type":"post","link":"https:\/\/13.com.ar\/index.php\/a-que-hora-habla-javier-milei-en-la-apertura-de-sesiones-ordinarias-del-congreso-2025\/","title":{"rendered":"\u00bfA qu\u00e9 hora habla Javier Milei en la Apertura de Sesiones Ordinarias del Congreso 2025?"},"content":{"rendered":"<p> <br \/>\n<br \/><img decoding=\"async\" src=\"https:\/\/13.com.ar\/wp-content\/uploads\/2025\/02\/Por-orden-del-Ejecutivo-el-Congreso-restringe-la-presencia-de.jpg\" \/><\/p>\n<div>\n<p>El presidente <strong>Javier Milei<\/strong> inaugurar\u00e1 el per\u00edodo de<strong> sesiones ordinarias 2025<\/strong> este<strong> s\u00e1bado 1 de marzo<\/strong> en el <strong>Congreso de la Naci\u00f3n<\/strong>, seg\u00fan confirm\u00f3 el Poder Ejecutivo a trav\u00e9s del decreto 140\/2025 publicado en el Bolet\u00edn Oficial.<\/p>\n<\/div>\n<div>\n<p>Con la presencia de los tres poderes del Estado (Ejecutivo, Legislativo y Judicial), el Jefe de Estado dar\u00e1 un discurso ante la<strong> Asamblea Legislativa <\/strong>en la C\u00e1mara de Diputados, marcando as\u00ed el inicio formal del nuevo per\u00edodo parlamentario.<\/p>\n<\/div>\n<div>\n<p>M\u00e1s que una atribuci\u00f3n, se trata tambi\u00e9n de un deber constitucional: en este acto, el mandatario debe presentar un mensaje en el que de cuenta sobre el estado de la Naci\u00f3n, exponiendo un balance de su gesti\u00f3n y los planes a futuro.<\/p>\n<\/div>\n<div>\n<p>Por segundo a\u00f1o consecutivo, el <strong>Presidente hablar\u00e1 ante el Congreso de la Naci\u00f3n a las 21<\/strong>, en el horario de prime time televisivo, en b\u00fasqueda de una mayor audiencia. Hasta la asunci\u00f3n de Milei la <strong>apertura de las sesiones ordinarias <\/strong>se ven\u00edan realizando al mediod\u00eda.<\/p>\n<\/div>\n<div>\n<p>El acto <strong>se transmitir\u00e1 por Cadena Nacional <\/strong>y se estima que se extender\u00e1 hasta las 23. <\/p>\n<\/div>\n<div>\n<p>Por otro lado, el Jefe de Estado hablar\u00e1 desde un estrado y no desde la presidencia de la C\u00e1mara, de la misma forma que cuando present\u00f3 el Presupuesto 2025 y en la apertura de sesiones del 2024.<\/p>\n<\/div>\n<div>\n<p>En Argentina existen <strong>dos tipos de sesiones<\/strong>. Las <strong>ordinarias se realizan desde el 1 de marzo al 30 de noviembre <\/strong>y pueden ser tablas o especiales. Las primeras se realizan en los horarios y d\u00edas regulados para cada a\u00f1o sin temas espec\u00edficos, mientras que las otras son solicitadas por un grupo de diputados o senadores para tratar temas determinados.<\/p>\n<\/div>\n<div>\n<p>Por el contrario, las <strong>extraordinarias son convocadas por el Poder Ejecutivo<\/strong> y se llevan a cabo fuera del periodo ordinario, durante diciembre, enero o febrero. En estas sesiones se tratan asuntos particulares que fueron enviados por decreto del Presidente.<\/p>\n<\/div>\n<div>\n<p>A su vez, hay dos tipos m\u00e1s que se diferencian por su prop\u00f3sito. Las informativas, en las que el Jefe de Gabinete de Ministros brinda su informe, y las Asambleas Legislativas, que abren las sesiones ordinarias con la presencia del Presidente de la Naci\u00f3n y ambas c\u00e1maras.<\/p>\n<\/div>\n<p><br \/>\n<br \/><a href=\"https:\/\/www.clarin.com\/informacion-general\/hora-habla-javier-milei-apertura-sesiones-ordinarias-congreso-2025_0_1paRP6FlsE.html\">Fuente Clarin.com <\/a><\/p>\n","protected":false},"excerpt":{"rendered":"<p>El presidente Javier Milei inaugurar\u00e1 el per\u00edodo de sesiones ordinarias 2025 este s\u00e1bado 1 de marzo en el Congreso de la Naci\u00f3n, seg\u00fan confirm\u00f3 el Poder Ejecutivo a trav\u00e9s del decreto 140\/2025 publicado en el Bolet\u00edn Oficial. Con la presencia de los tres poderes del Estado (Ejecutivo, Legislativo y Judicial), el Jefe de Estado dar\u00e1 [&hellip;]<\/p>\n","protected":false},"author":1,"featured_media":8010,"comment_status":"open","ping_status":"open","sticky":false,"template":"","format":"standard","meta":{"footnotes":""},"categories":[2],"tags":[1026,2010,100,4563,713,273,77,9184,286,5754],"class_list":["post-9081","post","type-post","status-publish","format-standard","has-post-thumbnail","hentry","category-ultimas-noticias","tag-apertura","tag-congreso","tag-del","tag-habla","tag-hora","tag-javier","tag-milei","tag-ordinarias","tag-que","tag-sesiones"],"_links":{"self":[{"href":"https:\/\/13.com.ar\/index.php\/wp-json\/wp\/v2\/posts\/9081","targetHints":{"allow":["GET"]}}],"collection":[{"href":"https:\/\/13.com.ar\/index.php\/wp-json\/wp\/v2\/posts"}],"about":[{"href":"https:\/\/13.com.ar\/index.php\/wp-json\/wp\/v2\/types\/post"}],"author":[{"embeddable":true,"href":"https:\/\/13.com.ar\/index.php\/wp-json\/wp\/v2\/users\/1"}],"replies":[{"embeddable":true,"href":"https:\/\/13.com.ar\/index.php\/wp-json\/wp\/v2\/comments?post=9081"}],"version-history":[{"count":0,"href":"https:\/\/13.com.ar\/index.php\/wp-json\/wp\/v2\/posts\/9081\/revisions"}],"wp:featuredmedia":[{"embeddable":true,"href":"https:\/\/13.com.ar\/index.php\/wp-json\/wp\/v2\/media\/8010"}],"wp:attachment":[{"href":"https:\/\/13.com.ar\/index.php\/wp-json\/wp\/v2\/media?parent=9081"}],"wp:term":[{"taxonomy":"category","embeddable":true,"href":"https:\/\/13.com.ar\/index.php\/wp-json\/wp\/v2\/categories?post=9081"},{"taxonomy":"post_tag","embeddable":true,"href":"https:\/\/13.com.ar\/index.php\/wp-json\/wp\/v2\/tags?post=9081"}],"curies":[{"name":"wp","href":"https:\/\/api.w.org\/{rel}","templated":true}]}}